{"id":119857,"date":"2020-03-05T11:04:47","date_gmt":"2020-03-05T17:04:47","guid":{"rendered":"http:\/\/visionpeninsular.com\/mid\/?p=119857"},"modified":"2020-03-05T11:05:25","modified_gmt":"2020-03-05T17:05:25","slug":"renan-barrera-entrega-el-parque-las-aguilas-remodelado-con-participacion-vecinal","status":"publish","type":"post","link":"https:\/\/visionpeninsular.com\/mid\/renan-barrera-entrega-el-parque-las-aguilas-remodelado-con-participacion-vecinal\/","title":{"rendered":"Ren\u00e1n Barrera entrega el parque Las \u00c1guilas,  remodelado con  participaci\u00f3n vecinal"},"content":{"rendered":"\n<p><em>Es el primer fruto del\nDise\u00f1o Participativo, innovadora pol\u00edtica p\u00fablica municipal<\/em><\/p>\n\n\n\n<p>Con el Dise\u00f1o Participativo de Espacios P\u00fablicos, el\nAyuntamiento de M\u00e9rida ha implementado un proceso innovador, un mecanismo de\nparticipaci\u00f3n ciudadana para incluir a las personas en la toma de decisiones y\nas\u00ed mejorar, en conjunto con la sociedad, la calidad de los espacios p\u00fablicos\nde M\u00e9rida, afirm\u00f3 el alcalde, Ren\u00e1n Barrera Concha.<\/p>\n\n\n\n<p>\u2014Como Ayuntamiento nos llena de orgullo que ustedes, los\nciudadanos, participen activamente con nosotros en la construcci\u00f3n de la M\u00e9rida\nque todos queremos \u2014afirm\u00f3.<\/p>\n\n\n\n<p>Durante la inauguraci\u00f3n de los trabajos de remodelaci\u00f3n del\nparque Las \u00c1guilas, ubicado en la calle 8-A por 9 y 13 del fraccionamiento Jos\u00e9\nMar\u00eda Iturralde, la se\u00f1ora Lourdes Correa L\u00f3pez, en representaci\u00f3n de los\nvecinos de la zona, agradeci\u00f3 la visi\u00f3n del alcalde de incluir a los ciudadanos\nen la construcci\u00f3n de espacios p\u00fablicos, adem\u00e1s refiri\u00f3 que este parque no\nhab\u00eda tenido mejoras hace 30 a\u00f1os.<\/p>\n\n\n\n<figure class=\"wp-block-image size-large\"><img loading=\"lazy\" width=\"940\" height=\"784\" src=\"http:\/\/visionpeninsular.com\/mid\/wp-content\/uploads\/2020\/03\/04MARZO20-RBC-Parque-Aguilas-2.jpeg\" alt=\"\" class=\"wp-image-119860\" srcset=\"https:\/\/visionpeninsular.com\/mid\/wp-content\/uploads\/2020\/03\/04MARZO20-RBC-Parque-Aguilas-2.jpeg 940w, https:\/\/visionpeninsular.com\/mid\/wp-content\/uploads\/2020\/03\/04MARZO20-RBC-Parque-Aguilas-2-300x250.jpeg 300w, https:\/\/visionpeninsular.com\/mid\/wp-content\/uploads\/2020\/03\/04MARZO20-RBC-Parque-Aguilas-2-768x641.jpeg 768w\" sizes=\"(max-width: 940px) 100vw, 940px\" \/><\/figure>\n\n\n\n<p>El presidente de la C\u00e1mara de la Industria de la\nConstrucci\u00f3n (CMIC) delegaci\u00f3n Yucat\u00e1n, Ra\u00fal Aguilar Baqueiro, reconoci\u00f3 la\ntransparencia en la ejecuci\u00f3n de los recursos p\u00fablicos que coadyuvan al\nfortalecimiento del tejido social del municipio<\/p>\n\n\n\n<p>El Concejal indic\u00f3 que este proceso surge como iniciativa\ndel gobierno municipal para crear y rehabilitar espacios p\u00fablicos acordes a la\ndemanda ciudadana por espacios integrales que satisfagan sus necesidades.<\/p>\n\n\n\n<p>\u2014Este proceso es algo muy importante que aprendimos desde mi\nprimera administraci\u00f3n, porque no podemos hacer obras sin llegar a un consenso\ncon los vecinos que ser\u00e1n beneficiados\u2014se\u00f1al\u00f3.<\/p>\n\n\n\n<p>Acompa\u00f1ado de vecinos de la zona y funcionarios municipales,\nBarrera Concha expres\u00f3 que este ejercicio democr\u00e1tico tambi\u00e9n profundiza el\nsentido de pertenencia de los ciudadanos a la zona donde habitan, mejora la\npercepci\u00f3n de seguridad y permite que todos juntos promuevan una imagen urbana\nmucho m\u00e1s agradable.<\/p>\n\n\n\n<p>\u2014Con este esquema los ciudadanos se involucran de manera\ndirecta en el dise\u00f1o y en la inversi\u00f3n de recursos, entendiendo que \u00e9stos son\nlimitados y priorizado las inversiones en lo que realmente necesitan\u2014indic\u00f3.<\/p>\n\n\n\n<p>El parque de Las \u00c1guilas, es el primero cuyo proceso se\nrealiz\u00f3 por completo como parte de una pol\u00edtica p\u00fablica del Ayuntamiento. Con\nanterioridad se entregaron otros cuatro (Balcones Ciudad Caucel, Nuevo Yucat\u00e1n,\nMisn\u00e9 y El Roble) que formaron parte de un plan piloto iniciado en la anterior\nadministraci\u00f3n.<\/p>\n\n\n\n<p>En su mensaje a los vecinos, Barrera Concha mencion\u00f3 tambi\u00e9n\nque el proyecto Ya\u00b4axtal, es ya una realidad con la integraci\u00f3n de una red de\nandadores en espacios p\u00fablicos al poniente de la ciudad con los parques\nArqueol\u00f3gico Xocl\u00e1n, Zool\u00f3gico Animaya, Parque Anikabil, Parque Deportes\nExtremos y Ecol\u00f3gico de Poniente, conformando as\u00ed espacios de convivencia que\nmerecen ser preservados.<\/p>\n\n\n\n<p>Por su parte, el secretario de Participaci\u00f3n Ciudadana,\nJulio Sauma Castillo, explic\u00f3 que la participaci\u00f3n de los meridanos es el\ningrediente principal en la planeaci\u00f3n de los trabajos, ya que con sus\npropuestas se enriquece el proyecto municipal para contar con mejores espacios\np\u00fablicos.<\/p>\n\n\n\n<p>\u2014El proceso de Dise\u00f1o Participativo revitaliza la zona,\nmejora la percepci\u00f3n de seguridad y promueve una imagen urbana m\u00e1s agradable y\nuna atm\u00f3sfera confortable para los vecinos\u2014continu\u00f3.<\/p>\n\n\n\n<p>Con esta modalidad estos sitios dejaron de ser espacios\ndonde se percib\u00edan como descuidados y con posibilidades de generar inseguridad,\nespecialmente por las noches, debido a la falta de iluminaci\u00f3n y banquetas,\nagreg\u00f3.<\/p>\n\n\n\n<p>En total, 16 espacios p\u00fablicos entraron al proceso de dise\u00f1o\nparticipativo en 2019. Esos 16 espacios p\u00fablicos incluyen un total de 20\nparques de los cuales 11 est\u00e1n en obras, ocho siguen en proceso y a esto se\nsuma el entregado hoy.<\/p>\n\n\n\n<p>Los 11 parques que est\u00e1n en obra son Brisas, Santa Cruz,\nFrancisco de Montejo IV etapa, Pol\u00edgono 108 CROC, Real Montejo, Santa Gertrudis\nCop\u00f3, Paseos de Mulsay, Mulsay I y II, Papala&nbsp;\ny la zona Sur del&nbsp; Arqueo\nEcol\u00f3gico Xocl\u00e1n<\/p>\n\n\n\n<p>Otros 8 parques en proceso: Comisar\u00eda de Caucel, La Joya,\nMiraflores, San Jos\u00e9 Tzal, Guadalupana, Nora Quintana, Paseos Nora y Comisar\u00eda\nde Cholul.<\/p>\n\n\n\n<p>De igual manera, este a\u00f1o los vecinos de los parques Vergel,\nSitpach, Las Flores de Jardines de M\u00e9rida, Montes de Am\u00e9, Felipe Carrillo Puerto\ny parque en el Fracc Las Am\u00e9ricas, se encuentran en la etapa de reuniones de\ndise\u00f1o participativo.<\/p>\n\n\n\n<p>En cuanto a los trabajos de remodelaci\u00f3n del parque de Las\n\u00c1guilas, se inform\u00f3 que consistieron en la construcci\u00f3n de un \u00e1rea infantil con\n82.63 M2 de loseta de caucho reciclado, instalaci\u00f3n de 40 M2 de pasto\nsint\u00e9tico, instalaci\u00f3n de un m\u00f3dulo l\u00fadico y un juego con dos columpios,\nconstrucci\u00f3n de 432.80&nbsp; M2 de andadores y\nplazas de concreto premezclado.<\/p>\n\n\n\n<p>Asimismo, se construy\u00f3 una plaza de 101.7 M2 donde se\ninstalaron tres equipos ejercitadores y un circuito fitness con velaria de\nforma irregular; una pista para trotar, con piso de concreto de 317.40 M2; un\n\u00e1rea de picinic con 85.30 M2 y 3 mesas de picnic.<\/p>\n\n\n\n<p>Se construy\u00f3&nbsp; un \u00e1rea\ndeportiva con piso de concreto de 240.28 M2, se suministr\u00f3&nbsp; y colocaron 2 porter\u00edas de f\u00fatbol infantil y\ndos estructuras para canastas de b\u00e1squetbol, 9 botes de basura, 2 papeleras\npara basura y 1 estacionamiento para bicicletas.<\/p>\n\n\n\n<p>En el \u00e1rea verde se sembraron 852.30 M2 de pasto tipo\namericano y 20 \u00e1rboles, 2 piezas de reflector led en postes de 7 metros, 8\npiezas de luminario led punta de poste con postes de 5 metros y 1 luminario\nreflector led en velar\u00eda, as\u00ed 54.5&nbsp; M2 de\nbanquetas y rampas para personas con capacidades diferentes.<\/p>\n\n\n\n<p>La inversi\u00f3n del parque Las \u00c1guilas fue de $2.948,676.60 de\nrecursos propios y beneficiar\u00e1 a 11,227 habitantes de las colonias Jos\u00e9 Mar\u00eda\nIturralde, La Florida, Para\u00edso Maya, Vista Alegre Norte<\/p>\n\n\n\n<p>En las tres reuniones previas para concretar el proyecto participaron\n91 personas registrando un alto porcentaje de participaci\u00f3n de mujeres siendo\ndel 79% y 21% hombres.<\/p>\n\n\n\n<p>En el acto tambi\u00e9n se cont\u00f3 con la presencia de Diana Canto\nMoreno, s\u00edndico municipal; Karla Salazar Gonz\u00e1lez, Nora P\u00e9rez Pech, Ana\nGabriela Aguilar Ruiz, regidoras, adem\u00e1s de los directores de las diferentes\ndependencias municipales.<\/p>\n<div class='share-to-whatsapp-wrapper'><div class='share-on-whsp'>Share on: <\/div><a data-text='Ren\u00e1n Barrera entrega el parque Las \u00c1guilas,  remodelado con  participaci\u00f3n vecinal' data-link='https:\/\/visionpeninsular.com\/mid\/renan-barrera-entrega-el-parque-las-aguilas-remodelado-con-participacion-vecinal\/' class='whatsapp-button whatsapp-share'>WhatsApp<\/a><div class='clear '><\/div><\/div>","protected":false},"excerpt":{"rendered":"<p>Es el primer fruto del Dise\u00f1o Participativo, innovadora pol\u00edtica p\u00fablica municipal Con el Dise\u00f1o Participativo de Espacios P\u00fablicos, el Ayuntamiento de M\u00e9rida ha implementado un proceso innovador, un mecanismo de participaci\u00f3n ciudadana para incluir a las personas en la toma de decisiones y as\u00ed mejorar, en conjunto con la sociedad, la calidad de los espacios &hellip;<\/p>\n","protected":false},"author":5,"featured_media":119859,"comment_status":"open","ping_status":"open","sticky":false,"template":"","format":"standard","meta":{"_mi_skip_tracking":false},"categories":[49,37],"tags":[19834,19836],"_links":{"self":[{"href":"https:\/\/visionpeninsular.com\/mid\/wp-json\/wp\/v2\/posts\/119857"}],"collection":[{"href":"https:\/\/visionpeninsular.com\/mid\/wp-json\/wp\/v2\/posts"}],"about":[{"href":"https:\/\/visionpeninsular.com\/mid\/wp-json\/wp\/v2\/types\/post"}],"author":[{"embeddable":true,"href":"https:\/\/visionpeninsular.com\/mid\/wp-json\/wp\/v2\/users\/5"}],"replies":[{"embeddable":true,"href":"https:\/\/visionpeninsular.com\/mid\/wp-json\/wp\/v2\/comments?post=119857"}],"version-history":[{"count":1,"href":"https:\/\/visionpeninsular.com\/mid\/wp-json\/wp\/v2\/posts\/119857\/revisions"}],"predecessor-version":[{"id":119861,"href":"https:\/\/visionpeninsular.com\/mid\/wp-json\/wp\/v2\/posts\/119857\/revisions\/119861"}],"wp:featuredmedia":[{"embeddable":true,"href":"https:\/\/visionpeninsular.com\/mid\/wp-json\/wp\/v2\/media\/119859"}],"wp:attachment":[{"href":"https:\/\/visionpeninsular.com\/mid\/wp-json\/wp\/v2\/media?parent=119857"}],"wp:term":[{"taxonomy":"category","embeddable":true,"href":"https:\/\/visionpeninsular.com\/mid\/wp-json\/wp\/v2\/categories?post=119857"},{"taxonomy":"post_tag","embeddable":true,"href":"https:\/\/visionpeninsular.com\/mid\/wp-json\/wp\/v2\/tags?post=119857"}],"curies":[{"name":"wp","href":"https:\/\/api.w.org\/{rel}","templated":true}]}}