{"id":119752,"date":"2020-03-03T16:59:43","date_gmt":"2020-03-03T22:59:43","guid":{"rendered":"http:\/\/visionpeninsular.com\/mid\/?p=119752"},"modified":"2020-03-03T17:04:57","modified_gmt":"2020-03-03T23:04:57","slug":"celebraran-dia-internacional-del-emigrante-libanes-2020-con-exposicion-mujeres-creativas-y-otras-actividades-sociales","status":"publish","type":"post","link":"https:\/\/visionpeninsular.com\/mid\/celebraran-dia-internacional-del-emigrante-libanes-2020-con-exposicion-mujeres-creativas-y-otras-actividades-sociales\/","title":{"rendered":"Celebrar\u00e1n D\u00eda Internacional del Emigrante Liban\u00e9s 2020 con Exposici\u00f3n Mujeres Creativas y otras Actividades Sociales"},"content":{"rendered":"\n<p>El pr\u00f3ximo domingo 08 de marzo, fecha en que tambi\u00e9n se conmemora el D\u00eda Internacional de La Mujer, el Club Liban\u00e9s de M\u00e9rida celebrar\u00e1 el D\u00eda Internacional del Emigrante Liban\u00e9s, iniciando con la inauguraci\u00f3n de la exposici\u00f3n Mujeres Creativas.<\/p>\n\n\n\n<p>En esta muestra que estar\u00e1 instalada en el lobby de 11 a 12\nhoras, 11 mujeres yucatecas de ascendencia libanesa expondr\u00e1n obras de diversas\ndisciplinas art\u00edsticas, tales como pinturas, fotograf\u00edas, dise\u00f1o de modas, as\u00ed\ncomo dos libros gastron\u00f3micos tradicionales y modernos. Todo realizado por personas\ncomunes que de manera emp\u00edrica decidieron adoptar el arte.<\/p>\n\n\n\n<p>Marisol Chapur, quien goza de prestigio en la localidad por\nsus trabajos de fot\u00f3grafa, presentar\u00e1 obras muy tradicionales y otras m\u00e1s que\ncuentan con un car\u00e1cter mucho m\u00e1s art\u00edstico.<\/p>\n\n\n\n<figure class=\"wp-block-image size-large\"><img loading=\"lazy\" width=\"734\" height=\"734\" src=\"http:\/\/visionpeninsular.com\/mid\/wp-content\/uploads\/2020\/03\/dia-del-inmigrate-liban\u00e9s-marisol-chapur-2.jpg\" alt=\"\" class=\"wp-image-119771\" srcset=\"https:\/\/visionpeninsular.com\/mid\/wp-content\/uploads\/2020\/03\/dia-del-inmigrate-liban\u00e9s-marisol-chapur-2.jpg 734w, https:\/\/visionpeninsular.com\/mid\/wp-content\/uploads\/2020\/03\/dia-del-inmigrate-liban\u00e9s-marisol-chapur-2-300x300.jpg 300w, https:\/\/visionpeninsular.com\/mid\/wp-content\/uploads\/2020\/03\/dia-del-inmigrate-liban\u00e9s-marisol-chapur-2-150x150.jpg 150w\" sizes=\"(max-width: 734px) 100vw, 734px\" \/><\/figure>\n\n\n\n<p>En el arte de la pintura, se podr\u00e1n contemplar maravillosas\ncreaciones de las se\u00f1oras Daad Fadel de D\u00e1jer, Mar\u00eda Jes\u00fas Calder\u00f3n Cecilio de\nBarbosa y Leydi Dogre Cuevas. <\/p>\n\n\n\n<p>Las distinguidas Mora del Carmen Ruiz Hagar, Laura Medina\nBarrera y Rosa D\u00e1jer, expondr\u00e1n sus creaciones realizadas como Dise\u00f1adoras de Modas,\nmientras que Estefania Ricalde Chapur, presentar\u00e1 su prestigiosa l\u00ednea de\njoyer\u00eda.<\/p>\n\n\n\n<figure class=\"wp-block-image size-large\"><img loading=\"lazy\" width=\"720\" height=\"960\" src=\"http:\/\/visionpeninsular.com\/mid\/wp-content\/uploads\/2020\/03\/DIA-DEL-INMIGRANTE-LIBANES-MORA-RUIZ-HAGAR.jpg\" alt=\"\" class=\"wp-image-119762\" srcset=\"https:\/\/visionpeninsular.com\/mid\/wp-content\/uploads\/2020\/03\/DIA-DEL-INMIGRANTE-LIBANES-MORA-RUIZ-HAGAR.jpg 720w, https:\/\/visionpeninsular.com\/mid\/wp-content\/uploads\/2020\/03\/DIA-DEL-INMIGRANTE-LIBANES-MORA-RUIZ-HAGAR-225x300.jpg 225w\" sizes=\"(max-width: 720px) 100vw, 720px\" \/><\/figure>\n\n\n\n<p>La comunidad libanesa se ha distinguido por transmitir de\ngeneraci\u00f3n en generaci\u00f3n, las recetas tradicionales de su exquisita comida, la\ncual ya forma parte de la yucateca propiamente.<\/p>\n\n\n\n<figure class=\"wp-block-image size-large\"><img loading=\"lazy\" width=\"1500\" height=\"1000\" src=\"https:\/\/i1.wp.com\/visionpeninsular.com\/mid\/wp-content\/uploads\/2020\/03\/recetas-imperfectas-1.jpg?fit=618%2C412\" alt=\"\" class=\"wp-image-119764\" srcset=\"https:\/\/visionpeninsular.com\/mid\/wp-content\/uploads\/2020\/03\/recetas-imperfectas-1.jpg 1500w, https:\/\/visionpeninsular.com\/mid\/wp-content\/uploads\/2020\/03\/recetas-imperfectas-1-300x200.jpg 300w, https:\/\/visionpeninsular.com\/mid\/wp-content\/uploads\/2020\/03\/recetas-imperfectas-1-1024x683.jpg 1024w, https:\/\/visionpeninsular.com\/mid\/wp-content\/uploads\/2020\/03\/recetas-imperfectas-1-768x512.jpg 768w\" sizes=\"(max-width: 1500px) 100vw, 1500px\" \/><\/figure>\n\n\n\n<p>Geraldine Abraham Rodr\u00edguez, estar\u00e1 presente en la celebraci\u00f3n del D\u00eda Internacional del Emigrante Liban\u00e9s, con un maravilloso libro que es un homenaje a la comida de una comunidad, que hace muchos a\u00f1os decidi\u00f3 establecerse en nuestro estado y conservar su identidad a trav\u00e9s de la gastronom\u00eda y dem\u00e1s tradiciones.<\/p>\n\n\n\n<figure class=\"wp-block-image size-large\"><img loading=\"lazy\" width=\"640\" height=\"480\" src=\"http:\/\/visionpeninsular.com\/mid\/wp-content\/uploads\/2020\/03\/dia-del-inmigrante-libanes-comida-2-1.jpg\" alt=\"\" class=\"wp-image-119763\" srcset=\"https:\/\/visionpeninsular.com\/mid\/wp-content\/uploads\/2020\/03\/dia-del-inmigrante-libanes-comida-2-1.jpg 640w, https:\/\/visionpeninsular.com\/mid\/wp-content\/uploads\/2020\/03\/dia-del-inmigrante-libanes-comida-2-1-300x225.jpg 300w\" sizes=\"(max-width: 640px) 100vw, 640px\" \/><\/figure>\n\n\n\n<p>En este extenso campo de la comida libanesa, hay un lugar muy\nespecial para la se\u00f1ora Mar\u00eda Manzur de Borge, cuya obra se presenta de manera p\u00f3stuma,\nen reconocimiento como pionera de la elaboraci\u00f3n de comida libanesa en Yucat\u00e1n.\nEsta fue editada inicialmente en el 1954, original el cual se podr\u00e1 apreciar en\nesta muestra acompa\u00f1ada de una versi\u00f3n moderna, la cual ya cuenta con cerca de\n10 ediciones.<\/p>\n\n\n\n<p>Continuando con el programa de este importante d\u00eda para la comunidad libanesa, de 12 a 1230 horas, se realizar\u00e1 una ceremonia conmemorativa a los pies de la Estatua del Emigrante ubicada en la entrada del Club Liban\u00e9s de M\u00e9rida.<\/p>\n\n\n\n<div class=\"wp-block-image\"><figure class=\"aligncenter size-large\"><img loading=\"lazy\" width=\"474\" height=\"355\" src=\"http:\/\/visionpeninsular.com\/mid\/wp-content\/uploads\/2020\/03\/dia-del-inmigrante-iglesia.jpg\" alt=\"\" class=\"wp-image-119765\" srcset=\"https:\/\/visionpeninsular.com\/mid\/wp-content\/uploads\/2020\/03\/dia-del-inmigrante-iglesia.jpg 474w, https:\/\/visionpeninsular.com\/mid\/wp-content\/uploads\/2020\/03\/dia-del-inmigrante-iglesia-300x225.jpg 300w\" sizes=\"(max-width: 474px) 100vw, 474px\" \/><\/figure><\/div>\n\n\n\n<p>De 1230 a 1330 horas, en la Iglesia de Nuestra Se\u00f1ora del L\u00edbano, se realizar\u00e1 una Misa de Acci\u00f3n de Gracias con la finalidad de manifestar todas las bondades que los libaneses han encontrado en esta tierra. La celebraci\u00f3n del D\u00eda Internacional del Emigrante Liban\u00e9s, finalizar\u00e1 con una alegre convivencia dentro del atrio de la misma iglesia, que se llevar\u00e1 a cabo de 1330 a 1430 horas. <\/p>\n<div class='share-to-whatsapp-wrapper'><div class='share-on-whsp'>Share on: <\/div><a data-text='Celebrar\u00e1n D\u00eda Internacional del Emigrante Liban\u00e9s 2020 con Exposici\u00f3n Mujeres Creativas y otras Actividades Sociales' data-link='https:\/\/visionpeninsular.com\/mid\/celebraran-dia-internacional-del-emigrante-libanes-2020-con-exposicion-mujeres-creativas-y-otras-actividades-sociales\/' class='whatsapp-button whatsapp-share'>WhatsApp<\/a><div class='clear '><\/div><\/div>","protected":false},"excerpt":{"rendered":"<p>El pr\u00f3ximo domingo 08 de marzo, fecha en que tambi\u00e9n se conmemora el D\u00eda Internacional de La Mujer, el Club Liban\u00e9s de M\u00e9rida celebrar\u00e1 el D\u00eda Internacional del Emigrante Liban\u00e9s, iniciando con la inauguraci\u00f3n de la exposici\u00f3n Mujeres Creativas. En esta muestra que estar\u00e1 instalada en el lobby de 11 a 12 horas, 11 mujeres &hellip;<\/p>\n","protected":false},"author":10,"featured_media":119756,"comment_status":"open","ping_status":"open","sticky":false,"template":"","format":"standard","meta":{"_mi_skip_tracking":false},"categories":[49,37],"tags":[],"_links":{"self":[{"href":"https:\/\/visionpeninsular.com\/mid\/wp-json\/wp\/v2\/posts\/119752"}],"collection":[{"href":"https:\/\/visionpeninsular.com\/mid\/wp-json\/wp\/v2\/posts"}],"about":[{"href":"https:\/\/visionpeninsular.com\/mid\/wp-json\/wp\/v2\/types\/post"}],"author":[{"embeddable":true,"href":"https:\/\/visionpeninsular.com\/mid\/wp-json\/wp\/v2\/users\/10"}],"replies":[{"embeddable":true,"href":"https:\/\/visionpeninsular.com\/mid\/wp-json\/wp\/v2\/comments?post=119752"}],"version-history":[{"count":5,"href":"https:\/\/visionpeninsular.com\/mid\/wp-json\/wp\/v2\/posts\/119752\/revisions"}],"predecessor-version":[{"id":119772,"href":"https:\/\/visionpeninsular.com\/mid\/wp-json\/wp\/v2\/posts\/119752\/revisions\/119772"}],"wp:featuredmedia":[{"embeddable":true,"href":"https:\/\/visionpeninsular.com\/mid\/wp-json\/wp\/v2\/media\/119756"}],"wp:attachment":[{"href":"https:\/\/visionpeninsular.com\/mid\/wp-json\/wp\/v2\/media?parent=119752"}],"wp:term":[{"taxonomy":"category","embeddable":true,"href":"https:\/\/visionpeninsular.com\/mid\/wp-json\/wp\/v2\/categories?post=119752"},{"taxonomy":"post_tag","embeddable":true,"href":"https:\/\/visionpeninsular.com\/mid\/wp-json\/wp\/v2\/tags?post=119752"}],"curies":[{"name":"wp","href":"https:\/\/api.w.org\/{rel}","templated":true}]}}