{"id":119673,"date":"2020-03-03T11:04:22","date_gmt":"2020-03-03T17:04:22","guid":{"rendered":"http:\/\/visionpeninsular.com\/mid\/?p=119673"},"modified":"2020-03-03T11:04:28","modified_gmt":"2020-03-03T17:04:28","slug":"con-la-apertura-de-nuevas-escuelas-se-fortalece-la-oferta-educativa-en-yucatan","status":"publish","type":"post","link":"https:\/\/visionpeninsular.com\/mid\/con-la-apertura-de-nuevas-escuelas-se-fortalece-la-oferta-educativa-en-yucatan\/","title":{"rendered":"Con la apertura de nuevas escuelas, se fortalece la oferta educativa en Yucat\u00e1n"},"content":{"rendered":"\n<p><em>&nbsp;-El Gobernador Mauricio Vila Dosal y el\ntitular de la Secretar\u00eda de Educaci\u00f3n P\u00fablica, Esteban Moctezuma Barrag\u00e1n,\ninauguraron una primaria y una secundaria en el municipio de Kanas\u00edn.<\/em><\/p>\n\n\n\n<p><em>-De esta manera, se\ncontribuye a desahogar la alta demanda educativa en este municipio conurbado a\nM\u00e9rida.<\/em><\/p>\n\n\n\n<p><em>-Posteriormente, Vila\nDosal y Moctezuma Barrag\u00e1n inauguraron el Encuentro Regional con Supervisores\nde Educaci\u00f3n B\u00e1sica 2019-2020.<\/em><\/p>\n\n\n\n<p>Ni\u00f1os del complejo habitacional Cielo Alto, perteneciente al\nmunicipio de Kanas\u00edn, pueden estudiar instalaciones adecuadas y cerca de casa,\nluego de que el Gobernador Mauricio Vila Dosal y el titular de la Secretar\u00eda de\nEducaci\u00f3n P\u00fablica (SEP), Esteban Moctezuma Barrag\u00e1n, inauguraron las escuelas\nprimaria \u201cNi\u00f1os H\u00e9roe de Chapultepec\u201d y preescolar \u201cMar\u00eda Dolores Ram\u00edrez de\nRegil\u201d, las cuales contribuyen para atender la alta demanda educativa en esta\nzona conurbada a M\u00e9rida.<\/p>\n\n\n\n<figure class=\"wp-block-image size-large\"><img loading=\"lazy\" width=\"1024\" height=\"682\" src=\"http:\/\/visionpeninsular.com\/mid\/wp-content\/uploads\/2020\/03\/escuela-3.jpg\" alt=\"\" class=\"wp-image-119676\" srcset=\"https:\/\/visionpeninsular.com\/mid\/wp-content\/uploads\/2020\/03\/escuela-3.jpg 1024w, https:\/\/visionpeninsular.com\/mid\/wp-content\/uploads\/2020\/03\/escuela-3-300x200.jpg 300w, https:\/\/visionpeninsular.com\/mid\/wp-content\/uploads\/2020\/03\/escuela-3-768x512.jpg 768w, https:\/\/visionpeninsular.com\/mid\/wp-content\/uploads\/2020\/03\/escuela-3-310x205.jpg 310w\" sizes=\"(max-width: 1024px) 100vw, 1024px\" \/><\/figure>\n\n\n\n<p>Vila Dosal y Moctezuma Barrag\u00e1n, quien realiz\u00f3 una gira de\ntrabajo por Yucat\u00e1n, encabezaron la apertura de estos nuevos planteles que\nsignificaron una inversi\u00f3n de m\u00e1s de 11 millones de pesos y vienen a ampliar la\noferta educativa en el nivel b\u00e1sico en este fraccionamiento, con lo que se\nayuda a desahogar la situaci\u00f3n de sobredemanda a la que se enfrentan las\nescuelas locales.<\/p>\n\n\n\n<figure class=\"wp-block-image size-large\"><img loading=\"lazy\" width=\"1024\" height=\"682\" src=\"http:\/\/visionpeninsular.com\/mid\/wp-content\/uploads\/2020\/03\/escuela-5.jpg\" alt=\"\" class=\"wp-image-119677\" srcset=\"https:\/\/visionpeninsular.com\/mid\/wp-content\/uploads\/2020\/03\/escuela-5.jpg 1024w, https:\/\/visionpeninsular.com\/mid\/wp-content\/uploads\/2020\/03\/escuela-5-300x200.jpg 300w, https:\/\/visionpeninsular.com\/mid\/wp-content\/uploads\/2020\/03\/escuela-5-768x512.jpg 768w, https:\/\/visionpeninsular.com\/mid\/wp-content\/uploads\/2020\/03\/escuela-5-310x205.jpg 310w\" sizes=\"(max-width: 1024px) 100vw, 1024px\" \/><\/figure>\n\n\n\n<p>Como parte de la agenda de actividades de este d\u00eda, Vila\nDosal y Moctezuma Barrag\u00e1n tambi\u00e9n inauguraron el Encuentro Regional con\nSupervisores de Educaci\u00f3n B\u00e1sica 2019-2020, en el que participaron m\u00e1s de 630\nsupervisores y jefes de sectores de Yucat\u00e1n, Campeche y Quintana Roo, que\nconvirti\u00f3 al estado en un punto de encuentro y di\u00e1logo para mejorar el sistema\neducativo en la zona sureste y todo el pa\u00eds.<\/p>\n\n\n\n<figure class=\"wp-block-image size-large\"><img loading=\"lazy\" width=\"1024\" height=\"682\" src=\"http:\/\/visionpeninsular.com\/mid\/wp-content\/uploads\/2020\/03\/escuela-6.jpg\" alt=\"\" class=\"wp-image-119678\" srcset=\"https:\/\/visionpeninsular.com\/mid\/wp-content\/uploads\/2020\/03\/escuela-6.jpg 1024w, https:\/\/visionpeninsular.com\/mid\/wp-content\/uploads\/2020\/03\/escuela-6-300x200.jpg 300w, https:\/\/visionpeninsular.com\/mid\/wp-content\/uploads\/2020\/03\/escuela-6-768x512.jpg 768w, https:\/\/visionpeninsular.com\/mid\/wp-content\/uploads\/2020\/03\/escuela-6-310x205.jpg 310w\" sizes=\"(max-width: 1024px) 100vw, 1024px\" \/><\/figure>\n\n\n\n<p>&nbsp;En su mensaje ante\nalumnos, padres de familia y maestros en Kanas\u00edn, el Gobernador se\u00f1al\u00f3 que para\nbrindar preparaci\u00f3n de calidad para todos los yucatecos, el Gobierno del Estado\nest\u00e1 trabajando de la mano con la Federaci\u00f3n y los Ayuntamientos, pero tambi\u00e9n\nse\u00f1al\u00f3 que es indispensable la voluntad y colaboraci\u00f3n de los ni\u00f1os y los padres\nde familia para cuidar las instalaciones y aprovecharlas al m\u00e1ximo.<\/p>\n\n\n\n<p>En ese sentido, Vila Dosal reiter\u00f3 su disposici\u00f3n de\ncontinuar sumando esfuerzos para lograr mejores resultados, como los entregados\neste d\u00eda, y refiri\u00f3 que en Kanas\u00edn se realizan acciones para atender la demanda\neducativa, por lo que cit\u00f3, a manera de ejemplo, que en la colonia Santa Ana se\nest\u00e1n construyendo una primaria y un preescolar, adem\u00e1s de que se est\u00e1n\nedificando 15 aulas y el techado de una plaza c\u00edvica, como parte de proyectos\nde ampliaci\u00f3n de 6 escuelas.<\/p>\n\n\n\n<figure class=\"wp-block-image size-large\"><img loading=\"lazy\" width=\"1024\" height=\"682\" src=\"http:\/\/visionpeninsular.com\/mid\/wp-content\/uploads\/2020\/03\/escuela-2.jpg\" alt=\"\" class=\"wp-image-119679\" srcset=\"https:\/\/visionpeninsular.com\/mid\/wp-content\/uploads\/2020\/03\/escuela-2.jpg 1024w, https:\/\/visionpeninsular.com\/mid\/wp-content\/uploads\/2020\/03\/escuela-2-300x200.jpg 300w, https:\/\/visionpeninsular.com\/mid\/wp-content\/uploads\/2020\/03\/escuela-2-768x512.jpg 768w, https:\/\/visionpeninsular.com\/mid\/wp-content\/uploads\/2020\/03\/escuela-2-310x205.jpg 310w\" sizes=\"(max-width: 1024px) 100vw, 1024px\" \/><\/figure>\n\n\n\n<p>Mientras que, en la escuela Secundaria T\u00e9cnica 58, se est\u00e1\nimplementando el programa Ampliando el Desarrollo de los Ni\u00f1os (ADN), que\nconsiste en horario extendido para los alumnos, por lo que, para adecuar las\ninstalaciones, se est\u00e1n invirtiendo 4.6 millones de pesos para la construcci\u00f3n\nde 2 salones adicionales, una cocina y un domo, a\u00f1adi\u00f3 el Gobernador.<\/p>\n\n\n\n<p>Por su parte, Moctezuma Barrag\u00e1n destac\u00f3 que la apertura de\nestos nuevos planteles es resultado del trabajo conjunto que realizan los tres\nniveles de Gobierno, siempre velando por brindar educaci\u00f3n de calidad a las\nnuevas generaciones de yucatecos y mexicanos, por lo que llam\u00f3 a los alumnos a\ncuidar de estas nuevas instalaciones, de manera que puedan aprovecharlas para\nmejorar su rendimiento acad\u00e9mico.<\/p>\n\n\n\n<figure class=\"wp-block-image size-large\"><img loading=\"lazy\" width=\"1024\" height=\"682\" src=\"http:\/\/visionpeninsular.com\/mid\/wp-content\/uploads\/2020\/03\/escuela-7.jpg\" alt=\"\" class=\"wp-image-119680\" srcset=\"https:\/\/visionpeninsular.com\/mid\/wp-content\/uploads\/2020\/03\/escuela-7.jpg 1024w, https:\/\/visionpeninsular.com\/mid\/wp-content\/uploads\/2020\/03\/escuela-7-300x200.jpg 300w, https:\/\/visionpeninsular.com\/mid\/wp-content\/uploads\/2020\/03\/escuela-7-768x512.jpg 768w, https:\/\/visionpeninsular.com\/mid\/wp-content\/uploads\/2020\/03\/escuela-7-310x205.jpg 310w\" sizes=\"(max-width: 1024px) 100vw, 1024px\" \/><\/figure>\n\n\n\n<p>En ese marco, Vila Dosal y Moctezuma Barrag\u00e1n entregaron a\nla primaria \u201cNi\u00f1os H\u00e9roes de Chapultepec\u201d un proyector, equipo que beneficiar\u00e1\na los alumnos para la presentaci\u00f3n de material digital y documentales, lo que\nhar\u00e1 el proceso de ense\u00f1anza m\u00e1s \u00e1gil tanto para los ni\u00f1os, como para los\ndocentes.<\/p>\n\n\n\n<p>Para la construcci\u00f3n y equipamiento del nuevo preescolar se\ninvirtieron m\u00e1s de 5 millones de pesos. Ahora son 132 peque\u00f1os que gozan de\nnuevas instalaciones, las cuales constan de 6 aulas did\u00e1cticas, servicios\nsanitarios, direcci\u00f3n, plaza c\u00edvica, as\u00ed como barda perimetral con\nelectrificaci\u00f3n en baja tensi\u00f3n.<\/p>\n\n\n\n<p>Respecto a la primaria entregada este d\u00eda, se indic\u00f3 que,\ncon recursos por 6.8 millones de pesos se edificaron 8 aulas did\u00e1cticas, una\nplaza c\u00edvica, una barda perimetral, la sala de direcci\u00f3n, m\u00f3dulos de ba\u00f1os, un\np\u00f3rtico y se instal\u00f3 el sistema de electrificaci\u00f3n de media y baja tensi\u00f3n. Al\nmomento, este plantel cuenta con una matr\u00edcula de 234 ni\u00f1os. Tras el acto\ninaugural, el Gobernador y el funcionario federal recorrieron las instalaciones\nde los nuevos planteles.<\/p>\n\n\n\n<p>&nbsp;M\u00e1s tarde y durante\nla ceremonia de apertura del Encuentro Regional con Supervisores de Educaci\u00f3n\nB\u00e1sica 2019-2020, Vila Dosal mencion\u00f3 que este espacio es una gran oportunidad\npara construir, entre los tres estados de la Pen\u00ednsula, propuestas que\ncontribuyan a mejorar el sistema nacional de educaci\u00f3n.<\/p>\n\n\n\n<p>\u201cLa mejor manera de transformar a M\u00e9xico es trabajar unidos\nescuchando y dialogando. Sumar esfuerzos y voluntades, cada quien, desde su\n\u00e1mbito, mejorando la labor docente y apoyando a los estudiantes, eso es lo que\nestamos haciendo en Yucat\u00e1n de la mano del Gobierno Federal\u201d, asever\u00f3 el\nGobernador.<\/p>\n\n\n\n<p>A manera de ejemplo, Vila Dosal record\u00f3 que a trav\u00e9s del\nesquema \u201cLa Escuela es Nuestra\u201d, juntos se est\u00e1n dirigiendo 124 millones de\npesos para los primeros 609 planteles yucatecos, lo que viene a complementar\ndiversos programas y acciones por parte de la administraci\u00f3n estatal.<\/p>\n\n\n\n<p>Aqu\u00ed tenemos las puertas abiertas para seguir trabajando de\nmanera coordinada, pero sobre todo vamos a seguir fortaleciendo la educaci\u00f3n,\nque tenemos todos mucho todav\u00eda por hacer, mucho por aportar y que no hay\nning\u00fan nivel de Gobierno que pueda solucionar todos los problemas que se\ntengan, es importante que trabajemos juntos de la mano del magisterio, los\npadres de familia y de los estudiantes para poder avanzar m\u00e1s r\u00e1pido, afirm\u00f3 el\nGobernador.<\/p>\n\n\n\n<p>Posteriormente, Vila Dosal presenci\u00f3 la ponencia que el\ntitular de la SEP expuso en el marco de este encuentro, donde tambi\u00e9n\nestuvieron presentes los secretarios de Educaci\u00f3n del estado, Loreto Villanueva\nTrujillo, de Campeche, Ricardo Alfonso Koh Cambranis, y de Quintana Roo, Ana\nIsabel V\u00e1squez Jim\u00e9nez.<\/p>\n\n\n\n<p>En la gira de trabajo tambi\u00e9n estuvieron presentes el\ndiputado local Luis Mar\u00eda Aguilar Castillo, el alcalde de Kanas\u00edn, William\nP\u00e9rez Cabrera, el titular de la Unidad Administrativa, H\u00e9ctor Garza Gonz\u00e1lez y\nel subsecretario de Educaci\u00f3n B\u00e1sica de la SEP, Marcos Bucio M\u00fajica.<\/p>\n<div class='share-to-whatsapp-wrapper'><div class='share-on-whsp'>Share on: <\/div><a data-text='Con la apertura de nuevas escuelas, se fortalece la oferta educativa en Yucat\u00e1n' data-link='https:\/\/visionpeninsular.com\/mid\/con-la-apertura-de-nuevas-escuelas-se-fortalece-la-oferta-educativa-en-yucatan\/' class='whatsapp-button whatsapp-share'>WhatsApp<\/a><div class='clear '><\/div><\/div>","protected":false},"excerpt":{"rendered":"<p>&nbsp;-El Gobernador Mauricio Vila Dosal y el titular de la Secretar\u00eda de Educaci\u00f3n P\u00fablica, Esteban Moctezuma Barrag\u00e1n, inauguraron una primaria y una secundaria en el municipio de Kanas\u00edn. -De esta manera, se contribuye a desahogar la alta demanda educativa en este municipio conurbado a M\u00e9rida. -Posteriormente, Vila Dosal y Moctezuma Barrag\u00e1n inauguraron el Encuentro Regional &hellip;<\/p>\n","protected":false},"author":5,"featured_media":119675,"comment_status":"open","ping_status":"open","sticky":false,"template":"","format":"standard","meta":{"_mi_skip_tracking":false},"categories":[50,37],"tags":[185,19801,19731],"_links":{"self":[{"href":"https:\/\/visionpeninsular.com\/mid\/wp-json\/wp\/v2\/posts\/119673"}],"collection":[{"href":"https:\/\/visionpeninsular.com\/mid\/wp-json\/wp\/v2\/posts"}],"about":[{"href":"https:\/\/visionpeninsular.com\/mid\/wp-json\/wp\/v2\/types\/post"}],"author":[{"embeddable":true,"href":"https:\/\/visionpeninsular.com\/mid\/wp-json\/wp\/v2\/users\/5"}],"replies":[{"embeddable":true,"href":"https:\/\/visionpeninsular.com\/mid\/wp-json\/wp\/v2\/comments?post=119673"}],"version-history":[{"count":1,"href":"https:\/\/visionpeninsular.com\/mid\/wp-json\/wp\/v2\/posts\/119673\/revisions"}],"predecessor-version":[{"id":119681,"href":"https:\/\/visionpeninsular.com\/mid\/wp-json\/wp\/v2\/posts\/119673\/revisions\/119681"}],"wp:featuredmedia":[{"embeddable":true,"href":"https:\/\/visionpeninsular.com\/mid\/wp-json\/wp\/v2\/media\/119675"}],"wp:attachment":[{"href":"https:\/\/visionpeninsular.com\/mid\/wp-json\/wp\/v2\/media?parent=119673"}],"wp:term":[{"taxonomy":"category","embeddable":true,"href":"https:\/\/visionpeninsular.com\/mid\/wp-json\/wp\/v2\/categories?post=119673"},{"taxonomy":"post_tag","embeddable":true,"href":"https:\/\/visionpeninsular.com\/mid\/wp-json\/wp\/v2\/tags?post=119673"}],"curies":[{"name":"wp","href":"https:\/\/api.w.org\/{rel}","templated":true}]}}