{"id":119666,"date":"2020-03-02T13:36:37","date_gmt":"2020-03-02T19:36:37","guid":{"rendered":"http:\/\/visionpeninsular.com\/mid\/?p=119666"},"modified":"2020-03-02T13:36:58","modified_gmt":"2020-03-02T19:36:58","slug":"nueva-era-en-la-conectividad-aerea-de-la-region-maya","status":"publish","type":"post","link":"https:\/\/visionpeninsular.com\/mid\/nueva-era-en-la-conectividad-aerea-de-la-region-maya\/","title":{"rendered":"Nueva era en la conectividad a\u00e9rea de la regi\u00f3n maya"},"content":{"rendered":"\n<p><em>-El Gobernador\nMauricio Vila Dosal y el titular de la Secretar\u00eda de Turismo federal, Miguel\nTorruco Marqu\u00e9s, pusieron en operaci\u00f3n el vuelo de la ruta\nM\u00e9rida\u2013Villahermosa-Tapachula de la aerol\u00ednea Aeromar.<\/em><\/p>\n\n\n\n<p><em>-Vila Dosal destac\u00f3\nque el a\u00f1o pasado, el estado tuvo un crecimiento del 13.8% del movimiento total\nde pasajeros, pues se registraron 2.7 millones y tan s\u00f3lo en enero pasado se\nreport\u00f3 un incremento de 16.2% en comparaci\u00f3n con el mismo mes de 2019.<\/em><\/p>\n\n\n\n<p>Yucat\u00e1n increment\u00f3 su conectividad en la regi\u00f3n sureste del\npa\u00eds con el inicio de operaciones del vuelo denominado Ruta Maya que enlaza v\u00eda\na\u00e9rea a M\u00e9rida con las ciudades de Villahermosa, Tabasco y Tapachula, Chiapas,\nlo que marca el inicio de una nueva era en la conexi\u00f3n de la regi\u00f3n.<\/p>\n\n\n\n<figure class=\"wp-block-image size-large\"><img loading=\"lazy\" width=\"1024\" height=\"682\" src=\"http:\/\/visionpeninsular.com\/mid\/wp-content\/uploads\/2020\/03\/aeromar-3.jpg\" alt=\"\" class=\"wp-image-119669\" srcset=\"https:\/\/visionpeninsular.com\/mid\/wp-content\/uploads\/2020\/03\/aeromar-3.jpg 1024w, https:\/\/visionpeninsular.com\/mid\/wp-content\/uploads\/2020\/03\/aeromar-3-300x200.jpg 300w, https:\/\/visionpeninsular.com\/mid\/wp-content\/uploads\/2020\/03\/aeromar-3-768x512.jpg 768w, https:\/\/visionpeninsular.com\/mid\/wp-content\/uploads\/2020\/03\/aeromar-3-310x205.jpg 310w\" sizes=\"(max-width: 1024px) 100vw, 1024px\" \/><\/figure>\n\n\n\n<p>Desde el aeropuerto internacional de M\u00e9rida &#8220;Manuel\nCrescencio Rej\u00f3n&#8221;, el Gobernador Mauricio Vila Dosal y el titular de la\nSecretar\u00eda de Turismo federal, Miguel Torruco Marqu\u00e9s, pusieron en marcha esta\nnueva ruta, a cargo de la aerol\u00ednea Aeromar, que representa la oportunidad de\nque un mayor n\u00famero de visitantes lleguen a esta zona del pa\u00eds.<\/p>\n\n\n\n<p>En presencia de Zvi Katz, presidente del Consejo de\nAdministraci\u00f3n de Aeromar, Torruco Marqu\u00e9s resalt\u00f3 el importante esfuerzo que\nVila Dosal realiza en materia tur\u00edstica que, junto con la activaci\u00f3n de nuevas\nrutas de conectividad a\u00e9rea, Yucat\u00e1n se encuentra en el inicio de una nueva era\nde la regionalizaci\u00f3n.<\/p>\n\n\n\n<p>\u201cEsto redundar\u00e1 sobre todo en el fomento del turismo\ninterno, que adem\u00e1s es fundamental porque representa el 72% de la ocupaci\u00f3n\nhotelera nacional. Este es un d\u00eda que pasar\u00e1 a la historia en el turismo de\nM\u00e9xico porque es el inicio de una nueva etapa para conectar las regiones del\nSur\u201d, dijo el funcionario federal.<\/p>\n\n\n\n<figure class=\"wp-block-image size-large\"><img loading=\"lazy\" width=\"1024\" height=\"682\" src=\"http:\/\/visionpeninsular.com\/mid\/wp-content\/uploads\/2020\/03\/aeromar-2.jpg\" alt=\"\" class=\"wp-image-119670\" srcset=\"https:\/\/visionpeninsular.com\/mid\/wp-content\/uploads\/2020\/03\/aeromar-2.jpg 1024w, https:\/\/visionpeninsular.com\/mid\/wp-content\/uploads\/2020\/03\/aeromar-2-300x200.jpg 300w, https:\/\/visionpeninsular.com\/mid\/wp-content\/uploads\/2020\/03\/aeromar-2-768x512.jpg 768w, https:\/\/visionpeninsular.com\/mid\/wp-content\/uploads\/2020\/03\/aeromar-2-310x205.jpg 310w\" sizes=\"(max-width: 1024px) 100vw, 1024px\" \/><\/figure>\n\n\n\n<p>En presencia de Torruco Marqu\u00e9s record\u00f3 que el d\u00eda de ayer,\nen su llegada al estado, visit\u00f3 el Centro de Exposiciones y Convenciones\nYucat\u00e1n Siglo XXI para constatar las remodelaciones en miras de la realizaci\u00f3n\ndel Tianguis Tur\u00edstico a realizarse en el estado del 22 al 25 de marzo.<\/p>\n\n\n\n<p>\u201cEl Tianguis Tur\u00edstico va s\u00f3lido y me da mucho gusto que con\nesa visi\u00f3n de Estado se haya agrandado el Centro de Convenciones porque pone ya\nen el mapa nacional, internacional a la capital de Yucat\u00e1n en el segmento de\ngrupos, convenciones y exposiciones que reportan una derrama econ\u00f3mica de 25\nmil millones de d\u00f3lares\u201d, asever\u00f3 el titular de la Secretar\u00eda de Turismo\nfederal.<\/p>\n\n\n\n<p>En su mensaje, Vila Dosal indic\u00f3 que adem\u00e1s de incrementar\nla conectividad a\u00e9rea de Yucat\u00e1n tambi\u00e9n se trabaja en el mejoramiento del\naeropuerto de M\u00e9rida, labor a cargo del Grupo Aeroportuario del Sureste (ASUR)\nque invierte 2,500 millones de pesos en la ampliaci\u00f3n de la terminal, con lo\nque su capacidad pasar\u00e1 de 2 millones a 4.7 millones de pasajeros.<\/p>\n\n\n\n<p>Acompa\u00f1ado de la titular de la Secretar\u00eda Fomento Tur\u00edstico\n(Sefotur), Michelle Fridman, el Gobernador agreg\u00f3 que el a\u00f1o pasado, el estado\ntuvo un crecimiento del 13.8% del movimiento total de pasajeros, pues se\nregistraron 2.7 millones y tan solo en enero pasado se report\u00f3 un incremento de\n16.2% en comparado con el mismo mes de 2019.<\/p>\n\n\n\n<p>&#8220;Tambi\u00e9n el turismo con pernocta, el a\u00f1o pasado aument\u00f3\nun 14.5% y la derrama econ\u00f3mica aument\u00f3 un 19.3%. Y ahora, con el Tianguis\nTur\u00edstico en puerta, Yucat\u00e1n sigue avanzando para consolidarse como un destino\ntur\u00edstico de excelencia, no solamente a nivel nacional sino a nivel\ninternacional&#8221;, puntualiz\u00f3.<\/p>\n\n\n\n<p>En su turno, el director de Aeropuertos Regionales de ASUR,\nH\u00e9ctor Navarrete Mu\u00f1oz, reiter\u00f3 los grandes beneficios que esta nueva ruta\na\u00e9rea le representar\u00e1 al estado mejorando su conectividad y su presencia en m\u00e1s\nestados del pa\u00eds, vuelo que tendr\u00e1 una capacidad para 72 personas.<\/p>\n\n\n\n<p>La Ruta Maya tendr\u00e1 las siguientes frecuencias: de M\u00e9rida a\nVillahermosa, de lunes a s\u00e1bado a las 6:00 horas y domingo a las 17:30;\nasimismo, de Villahermosa a M\u00e9rida, de lunes a viernes a las 20:10 horas y\ndomingo a las 14:15 y 19:40.<\/p>\n\n\n\n<p>Tendr\u00e1 un costo de introducci\u00f3n de 999 pesos con impuestos\nincluidos y contar\u00e1 con una duraci\u00f3n de vuelo de una hora y 35 minutos; la\noperar\u00e1n dos versiones de avi\u00f3n de manufactura franco-italiana, de h\u00e9lices y\nque emiten 50 por ciento menos di\u00f3xido de carbono: ATR 600-42, para hasta 48\npasajeros, y ATR-72, para 72.<\/p>\n\n\n\n<p>Otras de sus frecuencias son de Villahermosa a Tapachula, de\nlunes a s\u00e1bado a las 8:00 horas; de Tapachula a Villahermosa, de lunes a\nviernes a las 18:30 horas y domingo a las 12:40.<\/p>\n\n\n\n<p>En el evento tambi\u00e9n estuvieron presentes el titular de la\nSecretar\u00eda de Fomento Econ\u00f3mico y Trabajo, Ernesto Herrera Novelo y Juan\nRosell\u00f3, Director Comercial de Aeromar.<\/p>\n<div class='share-to-whatsapp-wrapper'><div class='share-on-whsp'>Share on: <\/div><a data-text='Nueva era en la conectividad a\u00e9rea de la regi\u00f3n maya' data-link='https:\/\/visionpeninsular.com\/mid\/nueva-era-en-la-conectividad-aerea-de-la-region-maya\/' class='whatsapp-button whatsapp-share'>WhatsApp<\/a><div class='clear '><\/div><\/div>","protected":false},"excerpt":{"rendered":"<p>-El Gobernador Mauricio Vila Dosal y el titular de la Secretar\u00eda de Turismo federal, Miguel Torruco Marqu\u00e9s, pusieron en operaci\u00f3n el vuelo de la ruta M\u00e9rida\u2013Villahermosa-Tapachula de la aerol\u00ednea Aeromar. -Vila Dosal destac\u00f3 que el a\u00f1o pasado, el estado tuvo un crecimiento del 13.8% del movimiento total de pasajeros, pues se registraron 2.7 millones y &hellip;<\/p>\n","protected":false},"author":5,"featured_media":119668,"comment_status":"open","ping_status":"open","sticky":false,"template":"","format":"standard","meta":{"_mi_skip_tracking":false},"categories":[49,37],"tags":[19799,185],"_links":{"self":[{"href":"https:\/\/visionpeninsular.com\/mid\/wp-json\/wp\/v2\/posts\/119666"}],"collection":[{"href":"https:\/\/visionpeninsular.com\/mid\/wp-json\/wp\/v2\/posts"}],"about":[{"href":"https:\/\/visionpeninsular.com\/mid\/wp-json\/wp\/v2\/types\/post"}],"author":[{"embeddable":true,"href":"https:\/\/visionpeninsular.com\/mid\/wp-json\/wp\/v2\/users\/5"}],"replies":[{"embeddable":true,"href":"https:\/\/visionpeninsular.com\/mid\/wp-json\/wp\/v2\/comments?post=119666"}],"version-history":[{"count":1,"href":"https:\/\/visionpeninsular.com\/mid\/wp-json\/wp\/v2\/posts\/119666\/revisions"}],"predecessor-version":[{"id":119671,"href":"https:\/\/visionpeninsular.com\/mid\/wp-json\/wp\/v2\/posts\/119666\/revisions\/119671"}],"wp:featuredmedia":[{"embeddable":true,"href":"https:\/\/visionpeninsular.com\/mid\/wp-json\/wp\/v2\/media\/119668"}],"wp:attachment":[{"href":"https:\/\/visionpeninsular.com\/mid\/wp-json\/wp\/v2\/media?parent=119666"}],"wp:term":[{"taxonomy":"category","embeddable":true,"href":"https:\/\/visionpeninsular.com\/mid\/wp-json\/wp\/v2\/categories?post=119666"},{"taxonomy":"post_tag","embeddable":true,"href":"https:\/\/visionpeninsular.com\/mid\/wp-json\/wp\/v2\/tags?post=119666"}],"curies":[{"name":"wp","href":"https:\/\/api.w.org\/{rel}","templated":true}]}}