{"id":119628,"date":"2020-03-02T08:22:35","date_gmt":"2020-03-02T14:22:35","guid":{"rendered":"http:\/\/visionpeninsular.com\/mid\/?p=119628"},"modified":"2020-03-02T08:23:12","modified_gmt":"2020-03-02T14:23:12","slug":"con-gran-exito-dif-yucatan-celebra-a-las-familias","status":"publish","type":"post","link":"https:\/\/visionpeninsular.com\/mid\/con-gran-exito-dif-yucatan-celebra-a-las-familias\/","title":{"rendered":"Con gran \u00e9xito, DIF Yucat\u00e1n celebra a las familias"},"content":{"rendered":"\n<p>Desde temprana hora, ni\u00f1as, ni\u00f1os y j\u00f3venes, as\u00ed como\npersonas adultas y adultas mayores, llegaron hasta el Parque Lineal Paseo Verde\npara participar en la amplia gama de actividades que el Sistema para el\nDesarrollo Integral de la Familia (DIF) Yucat\u00e1n prepar\u00f3 para celebrar el D\u00eda de\nla Familia, evento impulsado por el Gobernador Mauricio Vila Dosal para\nfomentar la integraci\u00f3n familiar y el fortalecimiento del tejido social.<\/p>\n\n\n\n<p>Tras dar un recorrido por las diferentes secciones del\nevento, Mar\u00eda Cristina Castillo Espinosa, directora del DIF Yucat\u00e1n, se\u00f1al\u00f3 que\ncelebraciones como esta tienen el objetivo de impulsar la uni\u00f3n, la\ncomunicaci\u00f3n y los valores a fin de que impulsar el bienestar de todas y todos.<\/p>\n\n\n\n<figure class=\"wp-block-image size-large\"><img loading=\"lazy\" width=\"800\" height=\"533\" src=\"http:\/\/visionpeninsular.com\/mid\/wp-content\/uploads\/2020\/03\/familia-2.jpg\" alt=\"\" class=\"wp-image-119631\" srcset=\"https:\/\/visionpeninsular.com\/mid\/wp-content\/uploads\/2020\/03\/familia-2.jpg 800w, https:\/\/visionpeninsular.com\/mid\/wp-content\/uploads\/2020\/03\/familia-2-300x200.jpg 300w, https:\/\/visionpeninsular.com\/mid\/wp-content\/uploads\/2020\/03\/familia-2-768x512.jpg 768w\" sizes=\"(max-width: 800px) 100vw, 800px\" \/><\/figure>\n\n\n\n<p>\u201cPara nuestro Gobernador Mauricio Vila Dosal, fomentar estos\nespacios es muy importante sobre todo porque estamos poniendo al alcance de las\nfamilias los servicios y actividades que promueven todas las dependencias de\nGobierno en beneficio de las y los yucatecos\u201d, sostuvo.<\/p>\n\n\n\n<p>La jornada de actividades comenz\u00f3 con el Torneo Inter\nAcademias donde ni\u00f1as y ni\u00f1os integrantes de&nbsp;\n26 Academias&nbsp; de Iniciaci\u00f3n\nDeportivas, promovidas por el Instituto del Deporte del Estado (IDEY),\nparticiparon en el torneo de f\u00fatbol r\u00e1pido. En cada uno de los encuentros, con\nporras y palabras de apoyo, las familias animaron a los competidores. La\nselecci\u00f3n Hunucm\u00e1 se coron\u00f3 campe\u00f3n de este torneo.<\/p>\n\n\n\n<figure class=\"wp-block-image size-large\"><img loading=\"lazy\" width=\"800\" height=\"533\" src=\"http:\/\/visionpeninsular.com\/mid\/wp-content\/uploads\/2020\/03\/familia-3.jpg\" alt=\"\" class=\"wp-image-119632\" srcset=\"https:\/\/visionpeninsular.com\/mid\/wp-content\/uploads\/2020\/03\/familia-3.jpg 800w, https:\/\/visionpeninsular.com\/mid\/wp-content\/uploads\/2020\/03\/familia-3-300x200.jpg 300w, https:\/\/visionpeninsular.com\/mid\/wp-content\/uploads\/2020\/03\/familia-3-768x512.jpg 768w\" sizes=\"(max-width: 800px) 100vw, 800px\" \/><\/figure>\n\n\n\n<p>Las melod\u00edas de la Banda de M\u00fasica del Estado, de la\nSecretar\u00eda de la Cultura y las Artes (Sedeculta), las cuales hicieron vibrar el\ndomo principal de este parque y deleitaron a todos los presentes con un\nrepertorio de temas de pel\u00edculas, tras lo cual, con la interpretaci\u00f3n de una\npieza de mambo pusieron a bailar a las y los asistentes.<\/p>\n\n\n\n<p>La Feria de las Familias fue una de las actividades m\u00e1s\nconcurridas, ya que chicos y grandes pudieron divertirse con actividades como\njala la soga, loter\u00eda, rompecabezas, tiro al blanco, pinta caritas y la\nfotograf\u00eda familiar, actividades a cargo del Departamento de Atenci\u00f3n a la\nInfancia y la Familia (DAIF).&nbsp; Tambi\u00e9n se\nrealiz\u00f3 con \u00e9xito el Concurso de Fotograf\u00eda bajo la tem\u00e1tica \u201cPromoviendo el\nbuen trato en la familia\u201d.<\/p>\n\n\n\n<p>Asimismo, alumnas y alumnos&nbsp;\nde los Centros de Desarrollo Familiar Urbanos y Municipales tuvieron un\nespacio para la venta de sus artesan\u00edas y productos, las cuales han aprendido a\nelaborar en los diferentes talleres que se ofrecen en esos espacios. Asimismo,\nrealizaron&nbsp; una presentaci\u00f3n musical de\njarana, jazz y otros ritmos para el disfrute de las y los asistentes.<\/p>\n\n\n\n<p>El m\u00f3dulo de la Secretar\u00eda de Seguridad P\u00fablica (SSP)\ntambi\u00e9n fue uno de los m\u00e1s visitados, pues adem\u00e1s de ense\u00f1ar a las familias la\nimportancia de la cultura vial e informarles sobre las acciones de seguridad\nque impulsan para resguardar la paz y la seguridad en la entidad, el p\u00fablico\npudo subirse a las motocicletas y cuatrimotos de la corporaci\u00f3n para dar un\nrecorrido por el Paseo Verde.<\/p>\n\n\n\n<p>El Centro Especial de Prevenci\u00f3n Social del Delito\n(Cepredey) se sum\u00f3&nbsp; a los festejos con un\nconcierto did\u00e1ctico de t\u00edteres, a fin de concientizar, de forma l\u00fadica y\nrecreativa, a ni\u00f1as, ni\u00f1os, j\u00f3venes y poblaci\u00f3n en general, sobre prevenci\u00f3n\ndel delito, cultura de paz, no violencia y habilidades para la vida.<\/p>\n\n\n\n<p>Con el apoyo de la&nbsp;\nSecretar\u00eda de Desarrollo Sustentable (SDS) y la Asociaci\u00f3n de Scouts las\nfamilias asistentes pudieron plantar 150 \u00e1rboles en el Paseo Verde, a fin\nde&nbsp; contribuir a la reforestaci\u00f3n del\nEstado y el cuidado del medio ambiente.<\/p>\n\n\n\n<p>Asimismo, ni\u00f1as, ni\u00f1os y adultos tuvieron la oportunidad de\nparticipar en el Taller de Lectura para las Familias donde el personal de la\nBiblioteca \u201cManuel Cepeda Peraza\u201d hizo la representaci\u00f3n del cuento \u201cEl\nflautista de Hamelin\u201d y ense\u00f1\u00f3 a las y los asistentes c\u00f3mo hacer un libro.<\/p>\n\n\n\n<p>Como parte de la jornada, con un espect\u00e1culo m\u00fasica y\nmarionetas a cargo del Grupo T\u00f3tem, el DIF Yucat\u00e1n promovi\u00f3 una alimentaci\u00f3n\nsuficiente, frecuente, variada y de calidad a todas las y los asistentes a este\nevento.<\/p>\n\n\n\n<p>Las mascotas tambi\u00e9n tuvieron un lugar importante en este\nevento,&nbsp; pues los asistentes tuvieron la\noportunidad de ver, acariciar y tomarse fotos con perros de diferentes razas y\ntama\u00f1os.<\/p>\n\n\n\n<p>J\u00f3venes de diferentes rumbos de la ciudad, participaron en\nla competencia y demostraci\u00f3n del uso de patinetas y dieron muestra de su\ndestreza utilizando sus tablas y realizando diferentes acrobacias.<\/p>\n<div class='share-to-whatsapp-wrapper'><div class='share-on-whsp'>Share on: <\/div><a data-text='Con gran \u00e9xito, DIF Yucat\u00e1n celebra a las familias' data-link='https:\/\/visionpeninsular.com\/mid\/con-gran-exito-dif-yucatan-celebra-a-las-familias\/' class='whatsapp-button whatsapp-share'>WhatsApp<\/a><div class='clear '><\/div><\/div>","protected":false},"excerpt":{"rendered":"<p>Desde temprana hora, ni\u00f1as, ni\u00f1os y j\u00f3venes, as\u00ed como personas adultas y adultas mayores, llegaron hasta el Parque Lineal Paseo Verde para participar en la amplia gama de actividades que el Sistema para el Desarrollo Integral de la Familia (DIF) Yucat\u00e1n prepar\u00f3 para celebrar el D\u00eda de la Familia, evento impulsado por el Gobernador Mauricio &hellip;<\/p>\n","protected":false},"author":5,"featured_media":119630,"comment_status":"open","ping_status":"open","sticky":false,"template":"","format":"standard","meta":{"_mi_skip_tracking":false},"categories":[50,37],"tags":[19790,5298],"_links":{"self":[{"href":"https:\/\/visionpeninsular.com\/mid\/wp-json\/wp\/v2\/posts\/119628"}],"collection":[{"href":"https:\/\/visionpeninsular.com\/mid\/wp-json\/wp\/v2\/posts"}],"about":[{"href":"https:\/\/visionpeninsular.com\/mid\/wp-json\/wp\/v2\/types\/post"}],"author":[{"embeddable":true,"href":"https:\/\/visionpeninsular.com\/mid\/wp-json\/wp\/v2\/users\/5"}],"replies":[{"embeddable":true,"href":"https:\/\/visionpeninsular.com\/mid\/wp-json\/wp\/v2\/comments?post=119628"}],"version-history":[{"count":1,"href":"https:\/\/visionpeninsular.com\/mid\/wp-json\/wp\/v2\/posts\/119628\/revisions"}],"predecessor-version":[{"id":119633,"href":"https:\/\/visionpeninsular.com\/mid\/wp-json\/wp\/v2\/posts\/119628\/revisions\/119633"}],"wp:featuredmedia":[{"embeddable":true,"href":"https:\/\/visionpeninsular.com\/mid\/wp-json\/wp\/v2\/media\/119630"}],"wp:attachment":[{"href":"https:\/\/visionpeninsular.com\/mid\/wp-json\/wp\/v2\/media?parent=119628"}],"wp:term":[{"taxonomy":"category","embeddable":true,"href":"https:\/\/visionpeninsular.com\/mid\/wp-json\/wp\/v2\/categories?post=119628"},{"taxonomy":"post_tag","embeddable":true,"href":"https:\/\/visionpeninsular.com\/mid\/wp-json\/wp\/v2\/tags?post=119628"}],"curies":[{"name":"wp","href":"https:\/\/api.w.org\/{rel}","templated":true}]}}