{"id":119476,"date":"2020-02-29T08:14:02","date_gmt":"2020-02-29T14:14:02","guid":{"rendered":"http:\/\/visionpeninsular.com\/mid\/?p=119476"},"modified":"2020-02-29T08:14:14","modified_gmt":"2020-02-29T14:14:14","slug":"con-el-apoyo-de-mauricio-vila-ninos-jovenes-y-adultos-yucatecos-ya-pueden-oir-de-nuevo","status":"publish","type":"post","link":"https:\/\/visionpeninsular.com\/mid\/con-el-apoyo-de-mauricio-vila-ninos-jovenes-y-adultos-yucatecos-ya-pueden-oir-de-nuevo\/","title":{"rendered":"Con el apoyo de Mauricio Vila, ni\u00f1os, j\u00f3venes y adultos yucatecos ya pueden o\u00edr de nuevo"},"content":{"rendered":"\n<p><em>-Vila Dosal entreg\u00f3\naparatos de audici\u00f3n a personas con problemas de discapacidad auditiva como\nparte del programa \u201cO\u00edr Bien Hace la Diferencia\u201d.<\/em><\/p>\n\n\n\n<p><em>-Entre ellas, se\nencontraba Britanny Jannet, de 4 a\u00f1os, quien gracias a los auxiliares para\nmejorar su audici\u00f3n que recibi\u00f3 este d\u00eda podr\u00e1, seguir desarroll\u00e1ndose como\ncualquier otro ni\u00f1o.<\/em><\/p>\n\n\n\n<p>Desde que naci\u00f3, la peque\u00f1a Britanny Jannet K\u00fa Mena solo\npuede percibir sonidos muy fuertes, lo que le ha impedido aprender a hablar\ncomo cualquier otro ni\u00f1o, limitando su desarrollo social y su aprendizaje en la\nescuela.<\/p>\n\n\n\n<p>A sus 4 a\u00f1os, Britanny Jannet apenas puede pronunciar\npalabras cortas como &#8220;mam\u00e1&#8221; y &#8220;pap\u00e1&#8221;, situaci\u00f3n que le ha\nhecho dif\u00edcil su adaptaci\u00f3n a la escuela, ya que no se encuentra al nivel de\nsus compa\u00f1eros y la mayor\u00eda de las veces se siente incomprendida, pues su \u00fanica\nmanera de comunicarse es a trav\u00e9s de ademanes y se\u00f1as que ha implementado con\nsu familia.<\/p>\n\n\n\n<figure class=\"wp-block-image size-large\"><img loading=\"lazy\" width=\"1024\" height=\"719\" src=\"http:\/\/visionpeninsular.com\/mid\/wp-content\/uploads\/2020\/02\/audici\u00f3n-3.jpg\" alt=\"\" class=\"wp-image-119479\" srcset=\"https:\/\/visionpeninsular.com\/mid\/wp-content\/uploads\/2020\/02\/audici\u00f3n-3.jpg 1024w, https:\/\/visionpeninsular.com\/mid\/wp-content\/uploads\/2020\/02\/audici\u00f3n-3-300x211.jpg 300w, https:\/\/visionpeninsular.com\/mid\/wp-content\/uploads\/2020\/02\/audici\u00f3n-3-768x539.jpg 768w\" sizes=\"(max-width: 1024px) 100vw, 1024px\" \/><\/figure>\n\n\n\n<p>Pero esta situaci\u00f3n est\u00e1 a punto de cambiar, pues este d\u00eda\nrecibi\u00f3 un par de aparatos auditivos que, sin duda, van a transformar su vida, ya\nque su audici\u00f3n mejorar\u00e1 mucho y, junto con terapias de lenguaje y ayuda\nespecializada, poco a poco ir\u00e1 desarrollando su capacidad del habla, lo que es\nposible gracias a que est\u00e1 recibiendo atenci\u00f3n a tiempo y de forma oportuna.<\/p>\n\n\n\n<p>La peque\u00f1a, originaria de Uayalceh, comisar\u00eda de Abal\u00e1, fue\nuna de un grupo de personas que recibieron del Gobernador Mauricio Vila Dosal\nsus auxiliares auditivos como parte del programa \u201cO\u00edr Bien Hace la Diferencia\u201d,\naparatos que cambiar\u00e1n significativamente sus vidas hasta por 10 a\u00f1os, pues si\nse les da los cuidados adecuados, llegan a tener hasta una d\u00e9cada de vida.<\/p>\n\n\n\n<figure class=\"wp-block-image size-large\"><img loading=\"lazy\" width=\"840\" height=\"633\" src=\"http:\/\/visionpeninsular.com\/mid\/wp-content\/uploads\/2020\/02\/audici\u00f3n-1.jpg\" alt=\"\" class=\"wp-image-119480\" srcset=\"https:\/\/visionpeninsular.com\/mid\/wp-content\/uploads\/2020\/02\/audici\u00f3n-1.jpg 840w, https:\/\/visionpeninsular.com\/mid\/wp-content\/uploads\/2020\/02\/audici\u00f3n-1-300x226.jpg 300w, https:\/\/visionpeninsular.com\/mid\/wp-content\/uploads\/2020\/02\/audici\u00f3n-1-768x579.jpg 768w\" sizes=\"(max-width: 840px) 100vw, 840px\" \/><\/figure>\n\n\n\n<p>Acompa\u00f1ado de la presidenta del DIF Yucat\u00e1n, Mar\u00eda Cristina\nCastillo Espinosa, el Gobernador visit\u00f3 el sal\u00f3n de usos m\u00faltiples del Centro\nde Desarrollo Familiar Urbano (CDU) \u201cHumberto Lara y Lara\u201d, donde se estaba\nrealizando el proceso de adaptaci\u00f3n de los aparatos auditivos a los\nbeneficiarios de este esquema.<\/p>\n\n\n\n<p>Ah\u00ed, Vila Dosal se acerc\u00f3 a escuchar las historias de los\nni\u00f1os, j\u00f3venes y adultos que recibieron este apoyo, quienes le hicieron saber\nla forma tan importante en que estos aparatos transforman su vida diaria.<\/p>\n\n\n\n<p>Asimismo, el Gobernador realiz\u00f3 un recorrido por la unidad\nm\u00f3vil de audiometr\u00eda y las \u00e1reas de registro, ostoscopia y limpieza de o\u00eddos, toma\nde medidas y moldes, programaci\u00f3n y adaptaci\u00f3n de aparato auditivo y\ncapacitaci\u00f3n para su uso, donde atestigu\u00f3 la atenci\u00f3n humana y de calidad que\nespecialistas brindaron a los beneficiarios.<\/p>\n\n\n\n<p>Sobre el caso de Britanny Jannet, su mam\u00e1, Mayra Jannet Mena\nEu\u00e1n, coment\u00f3 que hace un a\u00f1o, comenz\u00f3 a preocuparse porque la peque\u00f1a no\nhablaba, adem\u00e1s que no prestaba atenci\u00f3n cuando se le llamaba y se frustraba\ncuando no pod\u00eda comunicarse, inquietud que comparti\u00f3 al personal del preescolar\nal que asiste, quienes la animaron a buscar asistencia especializada y\nacercarse al Sistema para el Desarrollo Integral de la Familia (DIF) Yucat\u00e1n.<\/p>\n\n\n\n<p>\u201cEn mi casa nos dimos cuenta que no escuchaba porque no nos\nhac\u00eda caso, le ten\u00edamos que gritar y a veces ni as\u00ed lo notaba. Ella aprendi\u00f3 a\ncomunicarse por se\u00f1as que ella invent\u00f3 y que ya conocemos, pero no siempre\ncomprendemos lo que nos quiere decir\u201d, explic\u00f3 Mena Eu\u00e1n.<\/p>\n\n\n\n<p>Ahora, saber que su hija tendr\u00e1 la oportunidad de llevar una\nvida normal y desarrollarse a la par de los ni\u00f1os de su edad, gracias a que\nest\u00e1 siendo atendida a tiempo y cuenta con las herramientas necesarias, es un\ngran alivio para Mayra Jannet, quien destac\u00f3 lo f\u00e1cil y r\u00e1pido que fue acceder\na este esquema.<\/p>\n\n\n\n<p>\u201cEstoy muy feliz desde que me dijeron que ya se lo iban a\nentregar y yo s\u00e9 que ella va a estar muy emocionada porque nos va a poder\nescuchar mejor y la va a ayudar en su crecimiento\u201d, indic\u00f3.<\/p>\n\n\n\n<p>La madre de 4 hijos agradeci\u00f3 la ayuda que est\u00e1 recibiendo\npor parte del Gobernador para su peque\u00f1a, ya que, de no ser por este apoyo\ngratuito, para ella ser\u00eda muy dif\u00edcil conseguir el dinero para darle a Britanny\nlos aparatos que necesita, pues hace tan s\u00f3lo un a\u00f1o se qued\u00f3 sola debido al\nfallecimiento de su esposo.<\/p>\n\n\n\n<p>En su visita al CDU \u201cHumberto Lara y Lara\u201d, Vila Dosal\ntambi\u00e9n salud\u00f3 a Midory P\u00e9rez Gil, otra de las beneficiarias del programa \u201cO\u00edr\nBien Hace la Diferencia\u201d, pues despu\u00e9s de 6 a\u00f1os pudo cambiar sus aparatos\nauditivos a unos que van de acuerdo a su medida y sus necesidades actuales.<\/p>\n\n\n\n<p>La adolescente de 12 a\u00f1os tiene discapacidad auditiva\ncong\u00e9nita y ya lleva media vida tomando terapia de lenguaje gracias al apoyo\ndel DIF estatal, lo que le ha permitido llevar una vida normal y desarrollar en\ngran medida su capacidad de expresarse mediante el habla.<\/p>\n\n\n\n<p>\u201cMe siento contenta y gracias a los auxiliares porque ya\nescucho mucho mejor. Antes ten\u00eda que subirle mucho el volumen a la televisi\u00f3n\npara poder escucharla y en la escuela no pod\u00eda o\u00edr a mis maestros\u201d, se\u00f1al\u00f3.<\/p>\n\n\n\n<p>A trav\u00e9s del esquema \u201cO\u00edr Bien Hace la Diferencia\u201d, que\npromueve el Gobierno de Mauricio Vila Dosal, personas como Britanny y Midory\ntienen la oportunidad de mejorar su forma de vida y desarrollarse mejor.<\/p>\n<div class='share-to-whatsapp-wrapper'><div class='share-on-whsp'>Share on: <\/div><a data-text='Con el apoyo de Mauricio Vila, ni\u00f1os, j\u00f3venes y adultos yucatecos ya pueden o\u00edr de nuevo' data-link='https:\/\/visionpeninsular.com\/mid\/con-el-apoyo-de-mauricio-vila-ninos-jovenes-y-adultos-yucatecos-ya-pueden-oir-de-nuevo\/' class='whatsapp-button whatsapp-share'>WhatsApp<\/a><div class='clear '><\/div><\/div>","protected":false},"excerpt":{"rendered":"<p>-Vila Dosal entreg\u00f3 aparatos de audici\u00f3n a personas con problemas de discapacidad auditiva como parte del programa \u201cO\u00edr Bien Hace la Diferencia\u201d. -Entre ellas, se encontraba Britanny Jannet, de 4 a\u00f1os, quien gracias a los auxiliares para mejorar su audici\u00f3n que recibi\u00f3 este d\u00eda podr\u00e1, seguir desarroll\u00e1ndose como cualquier otro ni\u00f1o. Desde que naci\u00f3, la &hellip;<\/p>\n","protected":false},"author":5,"featured_media":119478,"comment_status":"open","ping_status":"open","sticky":false,"template":"","format":"standard","meta":{"_mi_skip_tracking":false},"categories":[50,37],"tags":[19748,185,19747],"_links":{"self":[{"href":"https:\/\/visionpeninsular.com\/mid\/wp-json\/wp\/v2\/posts\/119476"}],"collection":[{"href":"https:\/\/visionpeninsular.com\/mid\/wp-json\/wp\/v2\/posts"}],"about":[{"href":"https:\/\/visionpeninsular.com\/mid\/wp-json\/wp\/v2\/types\/post"}],"author":[{"embeddable":true,"href":"https:\/\/visionpeninsular.com\/mid\/wp-json\/wp\/v2\/users\/5"}],"replies":[{"embeddable":true,"href":"https:\/\/visionpeninsular.com\/mid\/wp-json\/wp\/v2\/comments?post=119476"}],"version-history":[{"count":1,"href":"https:\/\/visionpeninsular.com\/mid\/wp-json\/wp\/v2\/posts\/119476\/revisions"}],"predecessor-version":[{"id":119481,"href":"https:\/\/visionpeninsular.com\/mid\/wp-json\/wp\/v2\/posts\/119476\/revisions\/119481"}],"wp:featuredmedia":[{"embeddable":true,"href":"https:\/\/visionpeninsular.com\/mid\/wp-json\/wp\/v2\/media\/119478"}],"wp:attachment":[{"href":"https:\/\/visionpeninsular.com\/mid\/wp-json\/wp\/v2\/media?parent=119476"}],"wp:term":[{"taxonomy":"category","embeddable":true,"href":"https:\/\/visionpeninsular.com\/mid\/wp-json\/wp\/v2\/categories?post=119476"},{"taxonomy":"post_tag","embeddable":true,"href":"https:\/\/visionpeninsular.com\/mid\/wp-json\/wp\/v2\/tags?post=119476"}],"curies":[{"name":"wp","href":"https:\/\/api.w.org\/{rel}","templated":true}]}}