{"id":11944,"date":"2016-09-09T08:41:41","date_gmt":"2016-09-09T13:41:41","guid":{"rendered":"http:\/\/visionpeninsular.com\/mid\/?p=11944"},"modified":"2016-09-09T08:41:41","modified_gmt":"2016-09-09T13:41:41","slug":"comision-anticorrupcion-del-pan-sometera-a-investigacion-a-ex-gobernador-y-ex-alcaldesa-dicen","status":"publish","type":"post","link":"https:\/\/visionpeninsular.com\/mid\/comision-anticorrupcion-del-pan-sometera-a-investigacion-a-ex-gobernador-y-ex-alcaldesa-dicen\/","title":{"rendered":"Comisi\u00f3n Anticorrupci\u00f3n del PAN someter\u00e1 a investigaci\u00f3n a ex Gobernador y ex Alcaldesa, dicen"},"content":{"rendered":"<p>La Comisi\u00f3n Anticorrupci\u00f3n del PAN ya tiene sus dos primeros casos para investigar: las acusaciones por presunto enriquecimiento il\u00edcito contra el exgobernador de Sonora Guillermo Padr\u00e9s y las de presunto ejercicio indebido en contra de la exalcaldesa de Monterrey, Nuevo Le\u00f3n, Margarita Arellanes.<\/p>\n<p>El titular de la Comisi\u00f3n, Luis Felipe Bravo Mena, explic\u00f3 que el \u00f3rgano panista investigar\u00e1 de oficio ambos casos, ya que no recibieron ninguna denuncia en contra de los dos exfuncionarios.<\/p>\n<p>A pesar de que Bravo Mena se\u00f1al\u00f3 que el objetivo de la Comisi\u00f3n del PAN es mandar el mensaje que no se tolerar\u00e1 la corrupci\u00f3n en el partido, el panista reconoci\u00f3 que no ser\u00e1 f\u00e1cil contar con informaci\u00f3n.<\/p>\n<p>\u201cNo somos MP, no somos autoridad p\u00fablica, de manera que entendemos que va a ser dif\u00edcil allegarnos de documentaci\u00f3n de tipo bancaria, no podremos girar un oficio a la Comisi\u00f3n Nacional Bancaria y decir m\u00e1ndamela.<\/p>\n<p>\u201cEsa informaci\u00f3n no la vamos a poder tener, pero estimamos que con una cuidadosa investigaci\u00f3n y un seguimiento cuidadoso y profundo de las cosas podemos tener elementos que nos permitan a los comisionados tener certezas de si estamos en presencia o no de un acto de corrupci\u00f3n y grados de responsabilidad que nos permitan luego se\u00f1alar alguna posibilidad de sanci\u00f3n\u201d, apunt\u00f3.<\/p>\n<p>Bravo Mena explic\u00f3 que luego del an\u00e1lisis de los casos y si se concluye que Padr\u00e9s o Arellanes son merecedores de sanci\u00f3n, \u00e9sta se solicitar\u00e1 y deber\u00e1 hacerse efectiva por las Comisiones de Orden y Disciplina Intrapartidista, o bien de Justicia, seg\u00fan corresponda.<\/p>\n<p>Adelant\u00f3 que puede darse el caso de que el PAN d\u00e9 parte a las autoridades correspondientes ministeriales.<\/p>\n<p>El exgobernador de Sonora Guillemo Padr\u00e9s es investigado por la Fiscal\u00eda Anticorrupci\u00f3n de Sonora, la Procuradur\u00eda General de la Rep\u00fablica (PGR) y el Servicio de Administraci\u00f3n Tributaria (SAT), por corrupci\u00f3n y presunto enriquecimiento il\u00edcito.<\/p>\n<p>Sin embargo, por ahora, el exgobernador no podr\u00e1 ser detenido, luego de que el Juzgado Sexto de Distrito en Materia Penal \u2013con sede en la Ciudad de M\u00e9xico\u2013 le otorg\u00f3 una suspensi\u00f3n provisional de amparo.<\/p>\n<p>La exalcaldesa de Monterrey fue vinculada a proceso por el delito de ejercicio abusivo de la funci\u00f3n p\u00fablica.<br \/>\n<strong><br \/>\nFuente: Animal Pol\u00edtico<\/strong><\/p>\n<div class='share-to-whatsapp-wrapper'><div class='share-on-whsp'>Share on: <\/div><a data-text='Comisi\u00f3n Anticorrupci\u00f3n del PAN someter\u00e1 a investigaci\u00f3n a ex Gobernador y ex Alcaldesa, dicen' data-link='https:\/\/visionpeninsular.com\/mid\/comision-anticorrupcion-del-pan-sometera-a-investigacion-a-ex-gobernador-y-ex-alcaldesa-dicen\/' class='whatsapp-button whatsapp-share'>WhatsApp<\/a><div class='clear '><\/div><\/div>","protected":false},"excerpt":{"rendered":"<p>La Comisi\u00f3n Anticorrupci\u00f3n del PAN ya tiene sus dos primeros casos para investigar: las acusaciones por presunto enriquecimiento il\u00edcito contra el exgobernador de Sonora Guillermo Padr\u00e9s y las de presunto ejercicio indebido en contra de la exalcaldesa de Monterrey, Nuevo Le\u00f3n, Margarita Arellanes. El titular de la Comisi\u00f3n, Luis Felipe Bravo Mena, explic\u00f3 que el &hellip;<\/p>\n","protected":false},"author":1,"featured_media":11945,"comment_status":"open","ping_status":"open","sticky":false,"template":"","format":"standard","meta":{"_mi_skip_tracking":false},"categories":[50],"tags":[2602,157],"_links":{"self":[{"href":"https:\/\/visionpeninsular.com\/mid\/wp-json\/wp\/v2\/posts\/11944"}],"collection":[{"href":"https:\/\/visionpeninsular.com\/mid\/wp-json\/wp\/v2\/posts"}],"about":[{"href":"https:\/\/visionpeninsular.com\/mid\/wp-json\/wp\/v2\/types\/post"}],"author":[{"embeddable":true,"href":"https:\/\/visionpeninsular.com\/mid\/wp-json\/wp\/v2\/users\/1"}],"replies":[{"embeddable":true,"href":"https:\/\/visionpeninsular.com\/mid\/wp-json\/wp\/v2\/comments?post=11944"}],"version-history":[{"count":2,"href":"https:\/\/visionpeninsular.com\/mid\/wp-json\/wp\/v2\/posts\/11944\/revisions"}],"predecessor-version":[{"id":11947,"href":"https:\/\/visionpeninsular.com\/mid\/wp-json\/wp\/v2\/posts\/11944\/revisions\/11947"}],"wp:featuredmedia":[{"embeddable":true,"href":"https:\/\/visionpeninsular.com\/mid\/wp-json\/wp\/v2\/media\/11945"}],"wp:attachment":[{"href":"https:\/\/visionpeninsular.com\/mid\/wp-json\/wp\/v2\/media?parent=11944"}],"wp:term":[{"taxonomy":"category","embeddable":true,"href":"https:\/\/visionpeninsular.com\/mid\/wp-json\/wp\/v2\/categories?post=11944"},{"taxonomy":"post_tag","embeddable":true,"href":"https:\/\/visionpeninsular.com\/mid\/wp-json\/wp\/v2\/tags?post=11944"}],"curies":[{"name":"wp","href":"https:\/\/api.w.org\/{rel}","templated":true}]}}