{"id":119404,"date":"2020-02-28T10:08:51","date_gmt":"2020-02-28T16:08:51","guid":{"rendered":"http:\/\/visionpeninsular.com\/mid\/?p=119404"},"modified":"2020-02-28T10:09:08","modified_gmt":"2020-02-28T16:09:08","slug":"el-cambio-climatico-y-los-retos-a-nivel-mundial","status":"publish","type":"post","link":"https:\/\/visionpeninsular.com\/mid\/el-cambio-climatico-y-los-retos-a-nivel-mundial\/","title":{"rendered":"El cambio clim\u00e1tico y los retos a nivel mundial"},"content":{"rendered":"\n<p>El efecto cascada<\/p>\n\n\n\n<p>Jorge Antonio Lechuga Andrade (*)<\/p>\n\n\n\n<p>Fuente: Diario de Yucat\u00e1n<\/p>\n\n\n\n<p>La red global Future Earth, que agrupa a 222 cient\u00edficos de\n52 pa\u00edses, ha alertado sobre el \u201cefecto cascada\u201d del cambio clim\u00e1tico en la\npr\u00f3xima d\u00e9cada y el impacto que los episodios de clima extremo pueden tener\nsobre la producci\u00f3n de alimentos, las crisis de agua, la p\u00e9rdida de\nbiodiversidad y el colapso de los ecosistemas. El informe Our Future on Earth\n2020 intenta identificar los mayores riesgos y vislumbrar las posibles\nsoluciones a los retos ambientales del planeta.<\/p>\n\n\n\n<p>Los superfuegos de Australia, que han causado muchas muertes\ny han arrasado m\u00e1s de 10 millones de hect\u00e1reas, son, en opini\u00f3n de los\ncient\u00edficos, una clara muestra de c\u00f3mo las condiciones extremas (sequ\u00edas\nprolongadas, temperaturas de r\u00e9cord) pueden intensificar el impacto del cambio\nclim\u00e1tico, a falta de medidas de adaptaci\u00f3n y mitigaci\u00f3n.<\/p>\n\n\n\n<p>Riesgos<\/p>\n\n\n\n<p>Los cient\u00edficos identifican hasta 30 riesgos ambientales,\nsociales, econ\u00f3micos, tecnol\u00f3gicos y geopol\u00edticos, de mayor a menor\nprobabilidad. El estudio recalca la estrecha conexi\u00f3n entre algunos de los\nriesgos: por ejemplo, c\u00f3mo las olas de calor pueden generar las crisis de agua\ny afectar a la agricultura, y causar la escasez de alimentos; o c\u00f3mo la p\u00e9rdida\nde biodiversidad hace que los h\u00e1bitats sean menos resilientes y, por tanto, m\u00e1s\nvulnerables al cambio clim\u00e1tico.<\/p>\n\n\n\n<p>\u201cEl 2020 es el momento cr\u00edtico para examinar todas estas\ncuestiones, porque lo que hagamos en la pr\u00f3xima d\u00e9cada puede determinar nuestro\nfuturo colectivo\u201d, advierte Amy Luers, directora ejecutiva de Future Earth.<\/p>\n\n\n\n<p>\u201cA pesar de la ubicuidad de estas conexiones, muchos\ncient\u00edficos y pol\u00edticos trabajan en instituciones que solo perciben riesgos\naislados. Esta aproximaci\u00f3n tiene que cambiar, porque todo est\u00e1 en el fondo\nconectado\u201d. Las migraciones forzosas, las epidemias globales, los fallos de las\ninfraestructuras o las crisis financieras son algunos de los \u201criesgos\u201d\nanalizados por los cient\u00edficos, que advierten tambi\u00e9n de \u201cla erosi\u00f3n de valores\nsociales\u201d y del \u201cascenso del populismo\u201d. \u201cNuestra tarea m\u00e1s urgente ahora es,\nsi acaso, persuadir a las naciones sobre la necesidad de volver al\nmultilateralismo\u201d, advierte la doctora y pol\u00edtica noruega Gro Bundtland, quien\nparticip\u00f3 en el informe.<\/p>\n\n\n\n<p>Otro informe presentado durante esta semana por la\norganizaci\u00f3n World Wildlife Fund (WWF) advierte, por su parte, que la p\u00e9rdida\nde naturaleza puede traducirse en unas cifras globales de 430,000 millones de\neuros anuales en 2050, al ritmo actual de destrucci\u00f3n de los ecosistemas del\nmundo.<\/p>\n\n\n\n<p>Sin medidas urgentes, la erosi\u00f3n de las costas, la p\u00e9rdida\nde especies y el declive del \u201ccapital natural\u201d (de los bosques a los bancos de\npesca) podr\u00eda suponer p\u00e9rdidas anuales de hasta 20,000 millones de euros solo\nen el Reino Unido, el tercer pa\u00eds m\u00e1s afectado del mundo.\u2014M\u00e9rida.<\/p>\n\n\n\n<p>jorge.lechuga@correo.uady.mx<\/p>\n\n\n\n<p>Doctor en Proyectos de Innovaci\u00f3n Tecnol\u00f3gica, profesor e\ninvestigador de la Uady<\/p>\n<div class='share-to-whatsapp-wrapper'><div class='share-on-whsp'>Share on: <\/div><a data-text='El cambio clim\u00e1tico y los retos a nivel mundial' data-link='https:\/\/visionpeninsular.com\/mid\/el-cambio-climatico-y-los-retos-a-nivel-mundial\/' class='whatsapp-button whatsapp-share'>WhatsApp<\/a><div class='clear '><\/div><\/div>","protected":false},"excerpt":{"rendered":"<p>El efecto cascada Jorge Antonio Lechuga Andrade (*) Fuente: Diario de Yucat\u00e1n La red global Future Earth, que agrupa a 222 cient\u00edficos de 52 pa\u00edses, ha alertado sobre el \u201cefecto cascada\u201d del cambio clim\u00e1tico en la pr\u00f3xima d\u00e9cada y el impacto que los episodios de clima extremo pueden tener sobre la producci\u00f3n de alimentos, las &hellip;<\/p>\n","protected":false},"author":5,"featured_media":119406,"comment_status":"open","ping_status":"open","sticky":false,"template":"","format":"standard","meta":{"_mi_skip_tracking":false},"categories":[44],"tags":[1299,19733,19734,19735],"_links":{"self":[{"href":"https:\/\/visionpeninsular.com\/mid\/wp-json\/wp\/v2\/posts\/119404"}],"collection":[{"href":"https:\/\/visionpeninsular.com\/mid\/wp-json\/wp\/v2\/posts"}],"about":[{"href":"https:\/\/visionpeninsular.com\/mid\/wp-json\/wp\/v2\/types\/post"}],"author":[{"embeddable":true,"href":"https:\/\/visionpeninsular.com\/mid\/wp-json\/wp\/v2\/users\/5"}],"replies":[{"embeddable":true,"href":"https:\/\/visionpeninsular.com\/mid\/wp-json\/wp\/v2\/comments?post=119404"}],"version-history":[{"count":1,"href":"https:\/\/visionpeninsular.com\/mid\/wp-json\/wp\/v2\/posts\/119404\/revisions"}],"predecessor-version":[{"id":119407,"href":"https:\/\/visionpeninsular.com\/mid\/wp-json\/wp\/v2\/posts\/119404\/revisions\/119407"}],"wp:featuredmedia":[{"embeddable":true,"href":"https:\/\/visionpeninsular.com\/mid\/wp-json\/wp\/v2\/media\/119406"}],"wp:attachment":[{"href":"https:\/\/visionpeninsular.com\/mid\/wp-json\/wp\/v2\/media?parent=119404"}],"wp:term":[{"taxonomy":"category","embeddable":true,"href":"https:\/\/visionpeninsular.com\/mid\/wp-json\/wp\/v2\/categories?post=119404"},{"taxonomy":"post_tag","embeddable":true,"href":"https:\/\/visionpeninsular.com\/mid\/wp-json\/wp\/v2\/tags?post=119404"}],"curies":[{"name":"wp","href":"https:\/\/api.w.org\/{rel}","templated":true}]}}