{"id":119249,"date":"2020-02-26T10:06:43","date_gmt":"2020-02-26T16:06:43","guid":{"rendered":"http:\/\/visionpeninsular.com\/mid\/?p=119249"},"modified":"2020-02-26T10:06:49","modified_gmt":"2020-02-26T16:06:49","slug":"andrea-carrillo-advierte-sobre-posible-liberacion-de-su-agresor-cristian-contreras","status":"publish","type":"post","link":"https:\/\/visionpeninsular.com\/mid\/andrea-carrillo-advierte-sobre-posible-liberacion-de-su-agresor-cristian-contreras\/","title":{"rendered":"Andrea Carrillo advierte sobre posible liberaci\u00f3n de su agresor Cristian Contreras"},"content":{"rendered":"\n<p>Andrea Carrillo, la joven meridana que fue golpeada por su\nnovio Cristian Contreras Carrillo en noviembre de 2018, alz\u00f3 la voz para evitar\nque su agresor pueda ser liberado por los jueces mediante la suspensi\u00f3n\ncondicional del proceso.<\/p>\n\n\n\n<p>En un video que circula desde ayer en la cuenta de Facebook\ndel Observatorio Ciudadano Nacional de la Violencia, Andrea advierte que el\nprocesado tiene casi un pie afuera &nbsp;de la\nc\u00e1rcel, lo cual a ella la deja en situaci\u00f3n vulnerable.<\/p>\n\n\n\n<p>Como se recordar\u00e1, la sociedad mexicana est\u00e1 muy sensible\npor recientes casos de feminicidios cometidos de manera brutal en diversas\npartes del pa\u00eds, uno de los cuales, el caso Ingrid Escamilla, se produjo luego\nde que el agresor fuera liberado por un juez.<\/p>\n\n\n\n<p>El mensaje de Andrea Carrillo, agredida a principios de\nnoviembre de 2018, es el siguiente:<\/p>\n\n\n\n<p>\u201cEsta soy yo hace un a\u00f1o, despu\u00e9s de que mi novio Cristian\nContreras Dom\u00ednguez me golpeara de una manera brutal. Hoy tengo miedo de que\nlos jueces le otorguen la suspensi\u00f3n provisional del proceso y pueda salir libre\nsin ning\u00fan cargo. Hoy hablo por las mujeres que a\u00fan sufren violencia y tienen\nmiedo, y por las que no pudieron hacerlo y no pudieron sobrevivir. Ni una m\u00e1s\u201d.<\/p>\n\n\n\n<p>En febrero pasado &nbsp;Contreras Dom\u00ednguez sufri\u00f3 nuevo rev\u00e9s en los\ntribunales federales, que ratificaron que fue correcta la decisi\u00f3n de una juez\nde control de vincularlo a proceso por los delitos de violencia familiar y\nlesiones calificadas.<\/p>\n\n\n\n<p>Este caso, ocurrido en noviembre de 2018, se ha prolongado\npor diversos recursos jur\u00eddicos que han interpuesto tanto la defensa del\nprocesado como la Fiscal\u00eda.<\/p>\n\n\n\n<p>El agresor ya tiene m\u00e1s de un a\u00f1o en prisi\u00f3n y estuvo a\npunto de abandonar el penal a fines de 2019 luego de que su defensa obtuvo un\namparo para que se le reclasificaran los delitos.<\/p>\n\n\n\n<p>Un juez federal orden\u00f3 que se le retirara el delito de\nfeminicidio en grado de tentativa, y que se le procesara \u00fanicamente por el\ndelito de &nbsp;lesiones calificadas.<\/p>\n\n\n\n<p>Sin embargo, la Fiscal\u00eda pidi\u00f3 que se le procesara adem\u00e1s\npor violencia familiar, lo cual gener\u00f3 la inconformidad de la defensa que\nrecurri\u00f3 de nuevo a instancias federales.<\/p>\n\n\n\n<p>Al resolver este recurso, magistrados del Tribunal Colegiado\ndel D\u00e9cimo Cuarto Distrito resolvieron que la juez de Control Blanca Beatriz\nBonilla Gonz\u00e1lez estuvo en lo correcto al vincular a Cristian a proceso penal\npor los delitos de violencia familiar y lesiones calificadas.<\/p>\n\n\n\n<p>Con esta determinaci\u00f3n, se espera que en breve se reanude el proceso contra el joven tabasque\u00f1o, quien propin\u00f3 una golpiza a su novia Andrea Marisol C.M., en ese entonces de 21 a\u00f1os, en una vivienda del norte de M\u00e9rida.<\/p>\n\n\n\n<figure class=\"wp-block-embed-facebook wp-block-embed is-type-video is-provider-facebook\"><div class=\"wp-block-embed__wrapper\">\n<div id=\"fb-root\"><\/div><script async=\"1\" defer=\"1\" crossorigin=\"anonymous\" src=\"https:\/\/connect.facebook.net\/en_US\/sdk.js#xfbml=1&amp;version=v6.0\"><\/script><div class=\"fb-video\" data-href=\"https:\/\/www.facebook.com\/yucatanahora1\/videos\/1276123252579093\/\" data-width=\"618\"><blockquote cite=\"https:\/\/www.facebook.com\/yucatanahora1\/videos\/1276123252579093\/\" class=\"fb-xfbml-parse-ignore\"><a href=\"https:\/\/www.facebook.com\/yucatanahora1\/videos\/1276123252579093\/\">Joven agredida por su novio se siente vulnerable<\/a><p>#M\u00e9rida Andrea Carrillo advierte sobre una posible liberaci\u00f3n de su agresor Cristian Contreras Dom\u00ednguez. Teme convertirse en la pr\u00f3xima Ingrid Escamilla. https:\/\/bit.ly\/2uvfQvN<\/p>Posted by <a href=\"https:\/\/www.facebook.com\/yucatanahora1\/\">Yucat\u00e1n Ahora<\/a> on Wednesday, February 26, 2020<\/blockquote><\/div>\n<\/div><\/figure>\n\n\n\n<p>Fuente: Yucat\u00e1n Ahora<\/p>\n<div class='share-to-whatsapp-wrapper'><div class='share-on-whsp'>Share on: <\/div><a data-text='Andrea Carrillo advierte sobre posible liberaci\u00f3n de su agresor Cristian Contreras' data-link='https:\/\/visionpeninsular.com\/mid\/andrea-carrillo-advierte-sobre-posible-liberacion-de-su-agresor-cristian-contreras\/' class='whatsapp-button whatsapp-share'>WhatsApp<\/a><div class='clear '><\/div><\/div>","protected":false},"excerpt":{"rendered":"<p>Andrea Carrillo, la joven meridana que fue golpeada por su novio Cristian Contreras Carrillo en noviembre de 2018, alz\u00f3 la voz para evitar que su agresor pueda ser liberado por los jueces mediante la suspensi\u00f3n condicional del proceso. En un video que circula desde ayer en la cuenta de Facebook del Observatorio Ciudadano Nacional de &hellip;<\/p>\n","protected":false},"author":5,"featured_media":119251,"comment_status":"open","ping_status":"open","sticky":false,"template":"","format":"standard","meta":{"_mi_skip_tracking":false},"categories":[50,37],"tags":[13263,13264],"_links":{"self":[{"href":"https:\/\/visionpeninsular.com\/mid\/wp-json\/wp\/v2\/posts\/119249"}],"collection":[{"href":"https:\/\/visionpeninsular.com\/mid\/wp-json\/wp\/v2\/posts"}],"about":[{"href":"https:\/\/visionpeninsular.com\/mid\/wp-json\/wp\/v2\/types\/post"}],"author":[{"embeddable":true,"href":"https:\/\/visionpeninsular.com\/mid\/wp-json\/wp\/v2\/users\/5"}],"replies":[{"embeddable":true,"href":"https:\/\/visionpeninsular.com\/mid\/wp-json\/wp\/v2\/comments?post=119249"}],"version-history":[{"count":1,"href":"https:\/\/visionpeninsular.com\/mid\/wp-json\/wp\/v2\/posts\/119249\/revisions"}],"predecessor-version":[{"id":119252,"href":"https:\/\/visionpeninsular.com\/mid\/wp-json\/wp\/v2\/posts\/119249\/revisions\/119252"}],"wp:featuredmedia":[{"embeddable":true,"href":"https:\/\/visionpeninsular.com\/mid\/wp-json\/wp\/v2\/media\/119251"}],"wp:attachment":[{"href":"https:\/\/visionpeninsular.com\/mid\/wp-json\/wp\/v2\/media?parent=119249"}],"wp:term":[{"taxonomy":"category","embeddable":true,"href":"https:\/\/visionpeninsular.com\/mid\/wp-json\/wp\/v2\/categories?post=119249"},{"taxonomy":"post_tag","embeddable":true,"href":"https:\/\/visionpeninsular.com\/mid\/wp-json\/wp\/v2\/tags?post=119249"}],"curies":[{"name":"wp","href":"https:\/\/api.w.org\/{rel}","templated":true}]}}