{"id":1191,"date":"2016-02-03T08:42:39","date_gmt":"2016-02-03T14:42:39","guid":{"rendered":"http:\/\/visionpeninsular.com\/mid\/?p=1191"},"modified":"2016-02-03T08:42:39","modified_gmt":"2016-02-03T14:42:39","slug":"sacan-a-la-luz-conversacion-entre-delegado-del-pri-y-sedesol-planean-frenar-candidatura-de-carlos-joaquin","status":"publish","type":"post","link":"https:\/\/visionpeninsular.com\/mid\/sacan-a-la-luz-conversacion-entre-delegado-del-pri-y-sedesol-planean-frenar-candidatura-de-carlos-joaquin\/","title":{"rendered":"Sacan a la Luz conversaci\u00f3n entre delegado del PRI y SEDESOL &#8211; Planean frenar candidatura de Carlos Joaqu\u00edn"},"content":{"rendered":"<p>El peri\u00f3dico Reforma revel\u00f3 una conversaci\u00f3n telef\u00f3nica entre Ulises Ruiz, ex gobernador de Oaxaca y delegado del PRI en Quintana Roo, y Fabian Vallado, delegado de la Sedesol en el mismo Estado. <\/p>\n<p>En la presunta pl\u00e1tica abordar en tema de la candidatura a Gobernador del Estado de parte del PRI, particularmente sobre quien no quieren que sea el abanderado tricolor. <\/p>\n<p>A continuaci\u00f3n nos permitimos reproducir la nota:<\/p>\n<p>Quieren PRI y Sedesol frenar a aspirante Por Roberto Zamarripa<\/p>\n<p>CIUDAD DE M\u00c9XICO.- Los delegados en Quintana Roo de la Sedesol, Fabi\u00e1n Vallado, y del PRI, Ulises Ruiz, fraguan la exclusi\u00f3n de Carlos Joaqu\u00edn Gonz\u00e1lez de la contienda interna por la candidatura del tricolor a Gobernador.<\/p>\n<p>\u201cQue lo paren\u201d, alerta Vallado a Ruiz en una charla telef\u00f3nica a la que tuvo acceso REFORMA.<\/p>\n<p>Ruiz comenta a su vez que Joaqu\u00edn \u201cse encontr\u00f3 a mi jefe (Manlio Fabio Beltrones) y le dijo mentiras; que no le di el documento de unidad de los candidatos. Le dijo: \u2018\u00bfPor qu\u00e9 voy a firmar si no hay unidad, si no me convocaron?\u2019. Estaba como loco\u201d, expresa Ruiz a carcajadas en la charla.<\/p>\n<p>El ex Gobernador de Oaxaca advierte que el PRI debe apurar su decisi\u00f3n de la candidatura: \u201cSi (Joaqu\u00edn) est\u00e1 un mes m\u00e1s de cuerda, n\u2019ombre, los va a reempatar f\u00e1cil, \u00bfeh?\u201d.<\/p>\n<p>Vallado, ex secretario particular del Gobernador Roberto Borge, es delegado de la Sedesol desde 2013.<\/p>\n<p>No obstante su obligaci\u00f3n legal de imparcialidad, el funcionario interviene incluso para generar cuentas fantasmas de redes sociales con el nombre de Carlos Joaqu\u00edn a fin de detectar a sus simpatizantes.<\/p>\n<p>\u2018Se tir\u00f3 a la yugular\u2026 se puso como loco\u2019<\/p>\n<p>Las pl\u00e1ticas, ocurridas entre diciembre de 2015 y enero pasado, exhiben c\u00f3mo ambos personajes se burlan del ex funcionario de Turismo federal, a quien apodan \u201cChespirito\u201d.<\/p>\n<p>A fines de diciembre, en una charla donde incluso Ruiz invita a Vallado a pasar juntos el A\u00f1o Nuevo, ambos platican sobre la firma en Cozumel de un denominado pacto de unidad de varios precandidatos, evento al que no fue invitado Carlos Joaqu\u00edn.<\/p>\n<p>Fabi\u00e1n Vallado (FV): \u00bfQu\u00e9 dice (Mauricio) G\u00f3ngora? (Alcalde de Playa del Carmen y aspirante a la candidatura del PRI a Gobernador).<\/p>\n<p>Ulises Ruiz Ortiz (URO): No tranquilo, eh, metido. Firmaron ayer, \u00bfno? El pacto.<\/p>\n<p>FV: \u00bfD\u00f3nde fue eso?<\/p>\n<p>URO: Cozumel.<\/p>\n<p>FV: \u00bfAh s\u00ed?<\/p>\n<p>URO: S\u00ed. () los seis menos CJ (Carlos Joaqu\u00edn). Los seis, \u00bfno?<\/p>\n<p>FV: \u00bfY qui\u00e9n redact\u00f3 el oficio?<\/p>\n<p>URO: () Es nom\u00e1s respetar lo hizo Ray (Raymundo King, presidente estatal del PRI). \u00c9l se lo ech\u00f3; andaba con eso de caliente. Cree que con eso ya amarr\u00f3 a los seis. Y falta el otro, g\u00fcey. El que debe firmar es CJ, si no, vale madres. \u00c9l piensa que con eso ya, se lo sacan a \u00e9l. A ver en qu\u00e9 plan viene el otro cabr\u00f3n.<\/p>\n<p>FV: Pues anda muy duro, \u00bfno?<\/p>\n<p>URO: S\u00ed, va a venir a remadrearlo, yo creo, \u00bfeh? \u00bfSabes que si est\u00e1 un mes m\u00e1s de cuerda, n\u2019ombre, los va a reempatar f\u00e1cil, \u00bfeh?<\/p>\n<p>FV: S\u00ed. Y, \u00bfqu\u00e9 es lo que quieres?<\/p>\n<p>URO: A tratarlo como aspirina.<\/p>\n<p>FV: Te veo ma\u00f1ana, \u00bfno?<\/p>\n<p>* * *<\/p>\n<p>Cuando en Quintana Roo se \u201cdestap\u00f3\u201d de manera extraoficial a Jos\u00e9 Luis \u201cChano\u201d Toledo como el preferido de Roberto Borge para sucederlo, Ruiz y Vallado comentaron sobre las inconformidades de otros precandidatos, incluido Carlos Joaqu\u00edn.<\/p>\n<p>URO: Estaba desquiciado (Carlos Joaqu\u00edn) cuando habl\u00f3 conmigo; como nunca<\/p>\n<p>FV: No va a hacer gran cosa.<\/p>\n<p>URO: Pero bien diferente; yo creo que el lunes s\u00ed los convocan a estos; me ech\u00e9 dos horas ah\u00ed con \u00e9l. Eso lo veo muy arreglado<\/p>\n<p>FV: Creo que ya tienen la medicina<\/p>\n<p>URO: S\u00ed, s\u00ed, s\u00ed.<\/p>\n<p>FV: Es parte del show, a ver qu\u00e9 saca.<\/p>\n<p>URO: S\u00ed, claro.<\/p>\n<p>FV: Se tir\u00f3 a la yugular.<\/p>\n<p>URO: S\u00ed, s\u00ed, \u00bf cu\u00e1ndo fue eso?<\/p>\n<p>FV: El viernes pasado.<\/p>\n<p>URO: El viernes pasado. Pero bien cambiado, \u00bfno? Como que dijo, ay ca\u2026<\/p>\n<p>FV: Se ve que ya le dijeron que no, pero nunca le dijeron qui\u00e9n.<\/p>\n<p>URO: Pero cuando sali\u00f3 ese como destape, se puso como loco.<\/p>\n<p>* * *<\/p>\n<p>Vallado y Ruiz suponen tener los tiempos de la sucesi\u00f3n, la de Quintana Roo y la de Oaxaca. Aunque no siempre con el mejor tino. En una llamada sobre la primera quincena de enero, comentan que la decisi\u00f3n de Quintana Roo se pospondr\u00e1 15 d\u00edas y en Oaxaca ser\u00e1 designado el candidato de Ruiz, Eviel P\u00e9rez.<\/p>\n<p>URO: (La decisi\u00f3n ) Qui\u00e9n sabe y si no se va hasta la otra (semana).<\/p>\n<p>FV: Porque se va aquel (el Gobernador Borge quien viaj\u00f3 a Espa\u00f1a a la Feria Tur\u00edstica).<\/p>\n<p>URO: Estos tienen tus tiempos, no tanto en los nuestros.<\/p>\n<p>FV: Est\u00e1n como locos los madrazos Lo siento tranquilo a aquel, muy confiado.<\/p>\n<p>URO: S\u00ed, de acuerdo, pero\u2026<\/p>\n<p>FV: T\u00fa, c\u00f3mo vas.<\/p>\n<p>URO: Bien, bien, si ya dijo hay que amarrar esto, porque si no pasa lo que pas\u00f3 o va a haber reversa.<\/p>\n<p>FV: No lo has visto (al Gobernador).<\/p>\n<p>URO: S\u00ed, he hablado con \u00e9l.<\/p>\n<p>FV: \u00bfY si va tu sobrino para tu estado.<\/p>\n<p>URO: Yo creo que s\u00ed; tambi\u00e9n est\u00e1 en lo mismo. Todo apunta, pero todav\u00eda no; \u00e9se se va a ir a la otra semana.<\/p>\n<p>FV: Va a salir un tercero.<\/p>\n<p>URO: No creo. Va a ir por ah\u00ed (Eviel). En todas las (encuestas) que se han hecho durante todo el a\u00f1oarriba, \u00bfeh?, incluido el chamaco (Alejandro Murat) que ya le tir\u00e9 el Senado; todos se pliegan, se suman; el empresario (Gerardo Guti\u00e9rrez Candiani), el chamaco, no hay una cuesti\u00f3n de amenaza. No. Lo que si suceder\u00eda con alg\u00fan otro caso<\/p>\n<p>En la misma conversaci\u00f3n, retoman el tema de Quintana Roo.<\/p>\n<p>URO: \u00bfY el Chapul\u00edn? (Carlos Joaqu\u00edn Gonz\u00e1lez)<\/p>\n<p>FV: Ah\u00ed anda.<\/p>\n<p>URO: \u00bfM\u00e1s bajo, no?<\/p>\n<p>FV: S\u00ed En una semana no vas s\u00f3lo generas golpeteo abajo porque los madrazos est\u00e1n abajo.<\/p>\n<p>URO: Dur\u00edsimo.<\/p>\n<p>FV: No manches, est\u00e1 cabr\u00f3n.<\/p>\n<p>URO: Lo que pasa es que traes caminando al otro; tampoco no lo puedes parar.<\/p>\n<p>FV: Que al otro lo paren tambi\u00e9n.<\/p>\n<p>URO: Jijo, lo veo muy por la<\/p>\n<p>FV: \u00bfPor la libre?<\/p>\n<p>URO: S\u00ed Se encontr\u00f3 a mi jefe (Manlio Fabio Beltrones), le bajaba la vista, no lo ve\u00eda; lo sinti\u00f3 as\u00ed, muy luego le dijo mentiras; que yo no le di el documento<\/p>\n<p>FV: Ya lo conociste bien.<\/p>\n<p>URO: Le dijo \u201c\u00bfpor qu\u00e9 lo voy a firmar si no hay unidad, si no me dijeron, no me invitaron, traigo persecuci\u00f3n\u201d, como loco<\/p>\n<p>* * *<\/p>\n<p>Pendiente de todas las actividades de precampa\u00f1a priista, Vallado habla con una persona no reconocida, quien le indica que tiene que reabrir una cuenta de red social que le cancelaron por sospechosa. La cuenta estaba a nombre de Carlos Joaqu\u00edn Gonz\u00e1lez y era usada como detector de simpatizantes del ex subsecretario de Turismo.<\/p>\n<p>D (Desconocido): Mira, ten\u00eda una cuenta de Chespirito (Carlos Joaqu\u00edn Gonz\u00e1lez), que ten\u00eda 5 mil 900 amigos y, entonces, da la casualidad que me la cancelaron. De todas las que cancelaron anoche, me cancelaron; me est\u00e1n pidiendo que reconozca cinco de las personas que aparecen ah\u00ed o necesito copia de la credencial de ese cabr\u00f3n. \u00bfNo hay manera de conseguir una credencial?<\/p>\n<p>FV: No la tengo.<\/p>\n<p>D: Te piden que reconozcas cinco personas, si aparecen, ya con eso abres otra vez la cuenta.<\/p>\n<p>FV: \u00bfCinco personas?<\/p>\n<p>D: Tienes que reconocer cinco personas y, como conoces a un chingo, t\u00fa las puedes reconocer. Estaba chingona esa cuenta, \u00bfsabes quien velete\u00f3? Miriam (Flores), la vieja de Ren\u00e1n Castro. Le mand\u00f3 mensaje pensando que era Joaqu\u00edn y le mand\u00f3 todos los datos. Hay varios cabrones que dicen \u2018trabajo en el gobierno no puedo\u2019; pero miles de serpientes rastreras y, entonces, me estaba sirviendo mucho para ver qui\u00e9nes son los hijos de puta.. no para joderlos ahorita.<\/p>\n<p>FV: No claro que no.<\/p>\n<div class='share-to-whatsapp-wrapper'><div class='share-on-whsp'>Share on: <\/div><a data-text='Sacan a la Luz conversaci\u00f3n entre delegado del PRI y SEDESOL - Planean frenar candidatura de Carlos Joaqu\u00edn' data-link='https:\/\/visionpeninsular.com\/mid\/sacan-a-la-luz-conversacion-entre-delegado-del-pri-y-sedesol-planean-frenar-candidatura-de-carlos-joaquin\/' class='whatsapp-button whatsapp-share'>WhatsApp<\/a><div class='clear '><\/div><\/div>","protected":false},"excerpt":{"rendered":"<p>El peri\u00f3dico Reforma revel\u00f3 una conversaci\u00f3n telef\u00f3nica entre Ulises Ruiz, ex gobernador de Oaxaca y delegado del PRI en Quintana Roo, y Fabian Vallado, delegado de la Sedesol en el mismo Estado. En la presunta pl\u00e1tica abordar en tema de la candidatura a Gobernador del Estado de parte del PRI, particularmente sobre quien no quieren &hellip;<\/p>\n","protected":false},"author":1,"featured_media":1144,"comment_status":"open","ping_status":"open","sticky":false,"template":"","format":"standard","meta":{"_mi_skip_tracking":false},"categories":[39,48],"tags":[],"_links":{"self":[{"href":"https:\/\/visionpeninsular.com\/mid\/wp-json\/wp\/v2\/posts\/1191"}],"collection":[{"href":"https:\/\/visionpeninsular.com\/mid\/wp-json\/wp\/v2\/posts"}],"about":[{"href":"https:\/\/visionpeninsular.com\/mid\/wp-json\/wp\/v2\/types\/post"}],"author":[{"embeddable":true,"href":"https:\/\/visionpeninsular.com\/mid\/wp-json\/wp\/v2\/users\/1"}],"replies":[{"embeddable":true,"href":"https:\/\/visionpeninsular.com\/mid\/wp-json\/wp\/v2\/comments?post=1191"}],"version-history":[{"count":1,"href":"https:\/\/visionpeninsular.com\/mid\/wp-json\/wp\/v2\/posts\/1191\/revisions"}],"predecessor-version":[{"id":1192,"href":"https:\/\/visionpeninsular.com\/mid\/wp-json\/wp\/v2\/posts\/1191\/revisions\/1192"}],"wp:featuredmedia":[{"embeddable":true,"href":"https:\/\/visionpeninsular.com\/mid\/wp-json\/wp\/v2\/media\/1144"}],"wp:attachment":[{"href":"https:\/\/visionpeninsular.com\/mid\/wp-json\/wp\/v2\/media?parent=1191"}],"wp:term":[{"taxonomy":"category","embeddable":true,"href":"https:\/\/visionpeninsular.com\/mid\/wp-json\/wp\/v2\/categories?post=1191"},{"taxonomy":"post_tag","embeddable":true,"href":"https:\/\/visionpeninsular.com\/mid\/wp-json\/wp\/v2\/tags?post=1191"}],"curies":[{"name":"wp","href":"https:\/\/api.w.org\/{rel}","templated":true}]}}