{"id":118965,"date":"2020-02-22T17:41:23","date_gmt":"2020-02-22T23:41:23","guid":{"rendered":"http:\/\/visionpeninsular.com\/mid\/?p=118965"},"modified":"2020-02-22T17:41:56","modified_gmt":"2020-02-22T23:41:56","slug":"el-alcalde-renan-barrera-concha-impulsa-el-reconocimiento-y-promocion-de-la-lengua-maya","status":"publish","type":"post","link":"https:\/\/visionpeninsular.com\/mid\/el-alcalde-renan-barrera-concha-impulsa-el-reconocimiento-y-promocion-de-la-lengua-maya\/","title":{"rendered":"El alcalde Ren\u00e1n Barrera Concha impulsa el reconocimiento y promoci\u00f3n de la lengua maya"},"content":{"rendered":"\n<p><em>Celebran el Primer\nAniversario del Instituto Municipal para el Fortalecimiento de la Cultura Maya<\/em><\/p>\n\n\n\n<p>En el marco de la conmemoraci\u00f3n del D\u00eda Internacional de la\nLengua Materna, el alcalde Ren\u00e1n Barrera asever\u00f3 que&nbsp; M\u00e9rida es una ciudad viva en tradiciones y\ncostumbres y desde el Ayuntamiento se fortalece el reconocimiento de los\nderechos ling\u00fc\u00edsticos y culturales del pueblo maya, lo que la sigue\nconsolidando como la capital cultural del sureste mexicano.<\/p>\n\n\n\n<figure class=\"wp-block-image size-large\"><img loading=\"lazy\" width=\"1024\" height=\"682\" src=\"http:\/\/visionpeninsular.com\/mid\/wp-content\/uploads\/2020\/02\/21FEB20-RBC-Lengua-Maya-2-1.jpeg\" alt=\"\" class=\"wp-image-118968\" srcset=\"https:\/\/visionpeninsular.com\/mid\/wp-content\/uploads\/2020\/02\/21FEB20-RBC-Lengua-Maya-2-1.jpeg 1024w, https:\/\/visionpeninsular.com\/mid\/wp-content\/uploads\/2020\/02\/21FEB20-RBC-Lengua-Maya-2-1-300x200.jpeg 300w, https:\/\/visionpeninsular.com\/mid\/wp-content\/uploads\/2020\/02\/21FEB20-RBC-Lengua-Maya-2-1-768x512.jpeg 768w, https:\/\/visionpeninsular.com\/mid\/wp-content\/uploads\/2020\/02\/21FEB20-RBC-Lengua-Maya-2-1-310x205.jpeg 310w\" sizes=\"(max-width: 1024px) 100vw, 1024px\" \/><\/figure>\n\n\n\n<p>En el evento, realizado en el Instituto Municipal para el\nFortalecimiento de la Cultura Maya, que se ubica en el barrio de La Ermita,\ntambi\u00e9n se celebr\u00f3 el primer aniversario de esta dependencia del Ayuntamiento.<\/p>\n\n\n\n<p>Ante alumnos, investigadores e integrantes de la comunidad\nart\u00edstica y literaria, Barrera Concha reconoci\u00f3 la importancia y la deuda\nhist\u00f3rica que todos tenemos con la cultura maya.<\/p>\n\n\n\n<figure class=\"wp-block-image size-large\"><img loading=\"lazy\" width=\"1024\" height=\"682\" src=\"http:\/\/visionpeninsular.com\/mid\/wp-content\/uploads\/2020\/02\/21FEB20-RBC-Lengua-Maya-3.jpeg\" alt=\"\" class=\"wp-image-118969\" srcset=\"https:\/\/visionpeninsular.com\/mid\/wp-content\/uploads\/2020\/02\/21FEB20-RBC-Lengua-Maya-3.jpeg 1024w, https:\/\/visionpeninsular.com\/mid\/wp-content\/uploads\/2020\/02\/21FEB20-RBC-Lengua-Maya-3-300x200.jpeg 300w, https:\/\/visionpeninsular.com\/mid\/wp-content\/uploads\/2020\/02\/21FEB20-RBC-Lengua-Maya-3-768x512.jpeg 768w, https:\/\/visionpeninsular.com\/mid\/wp-content\/uploads\/2020\/02\/21FEB20-RBC-Lengua-Maya-3-310x205.jpeg 310w\" sizes=\"(max-width: 1024px) 100vw, 1024px\" \/><\/figure>\n\n\n\n<p>Enfatiz\u00f3 que con la creaci\u00f3n del Instituto Municipal para el\nFortalecimiento de la Cultura Maya, que actualmente cuenta con unos 200\nalumnos, el Ayuntamiento pone su granito de arena para reivindicar las ra\u00edces\nque nos han llevado a ser reconocidos en todo el mundo.<\/p>\n\n\n\n<p>\u2014A trav\u00e9s del Instituto reafirmamos con nuestra sociedad el\ncompromiso de promover nuestras ra\u00edces ind\u00edgenas, en un espacio m\u00e1s de cultura,\nfomento y respeto a sus derechos, y al desarrollo integral de la comunidad maya\nde nuestra entidad \u2014expres\u00f3.<\/p>\n\n\n\n<p>El edil encabez\u00f3 la inauguraci\u00f3n de la tercera semana&nbsp; cultural denominada \u201cLa lengua maya en la\nCotidianeidad de M\u00e9rida, muuk\u2019 maayat\u2019aan tul\u00e1akal tu\u2019ux\u201d.<\/p>\n\n\n\n<p>\u2014Mi t\u00edo abuelo, don Alfredo Barrera V\u00e1squez fund\u00f3 la\nAcademia de la Lengua Maya de Yucat\u00e1n por la importancia de preservar nuestras\nra\u00edces culturales a trav\u00e9s de espacios de reflexi\u00f3n, donde se fomente el\ndesarrollo integral de los maya hablantes para que trascendencia el legado\ncultural y ling\u00fc\u00edstico de la cultura maya en el municipio \u2014enfatiz\u00f3.<\/p>\n\n\n\n<p>Barrera Concha detall\u00f3 que la maya es la segunda lengua\nind\u00edgena m\u00e1s hablada en M\u00e9xico y precis\u00f3 que en Yucat\u00e1n,&nbsp; de sus m\u00e1s de 2 millones de habitantes,\nel&nbsp; 65% se reconoce como ind\u00edgena y de\neste porcentaje el 28.9% habla maya, de ah\u00ed la importancia de fortalecer y\nmantener viva la lengua en las presentes y futuras generaciones.<\/p>\n\n\n\n<p>\u2014La nueva cultura ciudadana emprendida desde el\nAyuntamiento, coadyuva al reconocimiento de los derechos ling\u00fc\u00edsticos y culturales\ndel pueblo maya, es un compromiso con una lengua hermosa que a\u00fan nos cautiva y\nnos proporciona identidad ancestral\u2014 manifest\u00f3.<\/p>\n\n\n\n<p>En su intervenci\u00f3n, Jes\u00fas Aguilar y Aguilar, director de\nBienestar Social, inform\u00f3 que desde la creaci\u00f3n del Instituto en 2019, al d\u00eda\nde hoy m\u00e1s de 6,925 alumnos de nivel b\u00e1sico (primaria y secundaria) se han\nbeneficiado con los programas que se implementan en el instituto municipal para\nel fortalecimiento de la Cultura Maya.<\/p>\n\n\n\n<p>\u2014Desde su creaci\u00f3n como Instituto hemos llevado un trabajo\ntransversal a trav\u00e9s de municipio de M\u00e9rida en el que hemos trabajado con\nescuelas de nivel b\u00e1sico acerc\u00e1ndoles los programas que aqu\u00ed se ofrecen para\nque tengan alg\u00fan acercamiento con la cultura y la lengua maya\u2014indic\u00f3.<\/p>\n\n\n\n<p>Agreg\u00f3 que a 35 a\u00f1os de distancia del surgimiento de la\nacademia municipal, \u00e9sta&nbsp; continua\nrealizando un trabajo&nbsp; integral y&nbsp; permanente dentro y fuera de la instituci\u00f3n\nconvirti\u00e9ndola en una cuna de&nbsp;\nint\u00e9rpretes.<\/p>\n\n\n\n<p>La academia municipal de lengua maya abri\u00f3 sus puertas en el\na\u00f1o de 1985 en la colonia Itzimn\u00e1, posteriormente, en 1994 se traslad\u00f3 al\nBarrio de la Ermita, donde&nbsp; en el 2019 y\nbajo la actual administraci\u00f3n del alcalde Ren\u00e1n Barrera, se convirti\u00f3 en\nInstituto Municipal para el Fortalecimiento de la Cultura Maya.<\/p>\n\n\n\n<p>Cabe destacar que en el 2012 comenz\u00f3 con la certificaci\u00f3n de\nlos estudiantes que acud\u00edan a tomar el curso de int\u00e9rprete de Lengua Maya.<\/p>\n\n\n\n<p>Al finalizar el evento,&nbsp;\nel tr\u00edo de trova \u201cLos Embajadores\u201d le cantaron \u201clas ma\u00f1anitas\u201d al\nalcalde con motivo de su cumplea\u00f1os. A la felicitaci\u00f3n se sumaron alumnos,\nmaestros, funcionarios p\u00fablicos y asistentes en general .<\/p>\n\n\n\n<p>En el pres\u00eddium acompa\u00f1aron al alcalde, Diana Canto Moreno,\nS\u00edndico municipal; Valeria Mena Poot alumna de la academia municipal y Sof\u00eda\nS\u00e1nchez Graniel, alumna de la escuela Albert Einstein.<\/p>\n\n\n\n<p>Tambi\u00e9n estuvieron presentes los regidores Alejandro Ruz\nCastro, secretario municipal; Karem Achach Ram\u00edrez, Gabriel Mena Guillermo,\nBrenda Ruz Dur\u00e1n, Ana Gabriela Aguilar Ruiz;&nbsp;\nMarcos Pech Naal, jefe del departamento del Instituto Municipal para el\nFortalecimiento de la Cultura Maya; Aldo D\u00edaz Novelo&nbsp; e Irving Sauri Cruz, subdirectores de Educaci\u00f3n\ny Salud.<\/p>\n\n\n\n<p>Igualmente asistieron alumnos de las escuelas primarias,\nAlbert Einstein, Jos\u00e9 Mar\u00eda Morelos y Pav\u00f3n, as\u00ed como de la preparatoria\nMesoamericana.<\/p>\n<div class='share-to-whatsapp-wrapper'><div class='share-on-whsp'>Share on: <\/div><a data-text='El alcalde Ren\u00e1n Barrera Concha impulsa el reconocimiento y promoci\u00f3n de la lengua maya' data-link='https:\/\/visionpeninsular.com\/mid\/el-alcalde-renan-barrera-concha-impulsa-el-reconocimiento-y-promocion-de-la-lengua-maya\/' class='whatsapp-button whatsapp-share'>WhatsApp<\/a><div class='clear '><\/div><\/div>","protected":false},"excerpt":{"rendered":"<p>Celebran el Primer Aniversario del Instituto Municipal para el Fortalecimiento de la Cultura Maya En el marco de la conmemoraci\u00f3n del D\u00eda Internacional de la Lengua Materna, el alcalde Ren\u00e1n Barrera asever\u00f3 que&nbsp; M\u00e9rida es una ciudad viva en tradiciones y costumbres y desde el Ayuntamiento se fortalece el reconocimiento de los derechos ling\u00fc\u00edsticos y &hellip;<\/p>\n","protected":false},"author":5,"featured_media":118967,"comment_status":"open","ping_status":"open","sticky":false,"template":"","format":"standard","meta":{"_mi_skip_tracking":false},"categories":[50,37],"tags":[19629,41,5338],"_links":{"self":[{"href":"https:\/\/visionpeninsular.com\/mid\/wp-json\/wp\/v2\/posts\/118965"}],"collection":[{"href":"https:\/\/visionpeninsular.com\/mid\/wp-json\/wp\/v2\/posts"}],"about":[{"href":"https:\/\/visionpeninsular.com\/mid\/wp-json\/wp\/v2\/types\/post"}],"author":[{"embeddable":true,"href":"https:\/\/visionpeninsular.com\/mid\/wp-json\/wp\/v2\/users\/5"}],"replies":[{"embeddable":true,"href":"https:\/\/visionpeninsular.com\/mid\/wp-json\/wp\/v2\/comments?post=118965"}],"version-history":[{"count":1,"href":"https:\/\/visionpeninsular.com\/mid\/wp-json\/wp\/v2\/posts\/118965\/revisions"}],"predecessor-version":[{"id":118970,"href":"https:\/\/visionpeninsular.com\/mid\/wp-json\/wp\/v2\/posts\/118965\/revisions\/118970"}],"wp:featuredmedia":[{"embeddable":true,"href":"https:\/\/visionpeninsular.com\/mid\/wp-json\/wp\/v2\/media\/118967"}],"wp:attachment":[{"href":"https:\/\/visionpeninsular.com\/mid\/wp-json\/wp\/v2\/media?parent=118965"}],"wp:term":[{"taxonomy":"category","embeddable":true,"href":"https:\/\/visionpeninsular.com\/mid\/wp-json\/wp\/v2\/categories?post=118965"},{"taxonomy":"post_tag","embeddable":true,"href":"https:\/\/visionpeninsular.com\/mid\/wp-json\/wp\/v2\/tags?post=118965"}],"curies":[{"name":"wp","href":"https:\/\/api.w.org\/{rel}","templated":true}]}}