{"id":118953,"date":"2020-02-22T17:32:39","date_gmt":"2020-02-22T23:32:39","guid":{"rendered":"http:\/\/visionpeninsular.com\/mid\/?p=118953"},"modified":"2020-02-22T17:33:03","modified_gmt":"2020-02-22T23:33:03","slug":"el-alcalde-renan-barrera-levanta-el-telon-de-las-fiestas-carnestolendas-en-ciudad-carnaval","status":"publish","type":"post","link":"https:\/\/visionpeninsular.com\/mid\/el-alcalde-renan-barrera-levanta-el-telon-de-las-fiestas-carnestolendas-en-ciudad-carnaval\/","title":{"rendered":"El alcalde Ren\u00e1n Barrera levanta el tel\u00f3n de las fiestas carnestolendas en Ciudad Carnaval"},"content":{"rendered":"\n<p><em>Ante miles de\nasistentes comienza la diversi\u00f3n 100% familiar, en un marco de seguridad para\nlas familias<\/em><\/p>\n\n\n\n<p>&nbsp;\u201cM\u00e9rida tiene un\ncarnaval 100% familiar y el m\u00e1s seguro de M\u00e9xico, donde todos los ciudadanos se\ndan cita para divertirse y al mismo tiempo aprender con actividades l\u00fadicas\npara las familias en un ambiente de sana convivencia\u201d, afirm\u00f3 el alcalde Ren\u00e1n\nBarrera Concha, en la inauguraci\u00f3n de Ciudad Carnaval.<\/p>\n\n\n\n<figure class=\"wp-block-image size-large\"><img loading=\"lazy\" width=\"1024\" height=\"683\" src=\"http:\/\/visionpeninsular.com\/mid\/wp-content\/uploads\/2020\/02\/21FEB20-RBC-Inauguraci\u00f3n-Carnaval-4.jpeg\" alt=\"\" class=\"wp-image-118957\" srcset=\"https:\/\/visionpeninsular.com\/mid\/wp-content\/uploads\/2020\/02\/21FEB20-RBC-Inauguraci\u00f3n-Carnaval-4.jpeg 1024w, https:\/\/visionpeninsular.com\/mid\/wp-content\/uploads\/2020\/02\/21FEB20-RBC-Inauguraci\u00f3n-Carnaval-4-300x200.jpeg 300w, https:\/\/visionpeninsular.com\/mid\/wp-content\/uploads\/2020\/02\/21FEB20-RBC-Inauguraci\u00f3n-Carnaval-4-768x512.jpeg 768w\" sizes=\"(max-width: 1024px) 100vw, 1024px\" \/><\/figure>\n\n\n\n<p>Ante autoridades federales, estatales, municipales y\nciudadanos, el Concejal, acompa\u00f1ado de su esposa, Diana Castillo Laviada,\npresidenta del DIF Municipal, dio la bienvenida a todos los asistentes para que\nen los pr\u00f3ximos cinco d\u00edas disfruten de un divertido viaje \u201cDe historias e\nhistorietas\u201d, tema central del Carnaval de M\u00e9rida 2020.<\/p>\n\n\n\n<figure class=\"wp-block-image size-large\"><img loading=\"lazy\" width=\"1024\" height=\"683\" src=\"http:\/\/visionpeninsular.com\/mid\/wp-content\/uploads\/2020\/02\/21FEB20-RBC-Inauguraci\u00f3n-Carnaval-6.jpeg\" alt=\"\" class=\"wp-image-118958\" srcset=\"https:\/\/visionpeninsular.com\/mid\/wp-content\/uploads\/2020\/02\/21FEB20-RBC-Inauguraci\u00f3n-Carnaval-6.jpeg 1024w, https:\/\/visionpeninsular.com\/mid\/wp-content\/uploads\/2020\/02\/21FEB20-RBC-Inauguraci\u00f3n-Carnaval-6-300x200.jpeg 300w, https:\/\/visionpeninsular.com\/mid\/wp-content\/uploads\/2020\/02\/21FEB20-RBC-Inauguraci\u00f3n-Carnaval-6-768x512.jpeg 768w\" sizes=\"(max-width: 1024px) 100vw, 1024px\" \/><\/figure>\n\n\n\n<p>La ceremonia inaugural, en la explanada frontal de Ciudad\nCarnaval, se realiz\u00f3 previa al desfile de Corso, con el que comenzaron las\nactividades en el recinto carnavalesco, que a\u00f1o con a\u00f1o se consolida como un\nreferente nacional y tambi\u00e9n una ventana de oportunidades para la industria\ntur\u00edstica, gastron\u00f3mica y cultural de M\u00e9rida y Yucat\u00e1n.<\/p>\n\n\n\n<figure class=\"wp-block-image size-large\"><img loading=\"lazy\" width=\"1024\" height=\"683\" src=\"http:\/\/visionpeninsular.com\/mid\/wp-content\/uploads\/2020\/02\/21FEB20-RBC-Inauguraci\u00f3n-Carnaval-10.jpeg\" alt=\"\" class=\"wp-image-118959\" srcset=\"https:\/\/visionpeninsular.com\/mid\/wp-content\/uploads\/2020\/02\/21FEB20-RBC-Inauguraci\u00f3n-Carnaval-10.jpeg 1024w, https:\/\/visionpeninsular.com\/mid\/wp-content\/uploads\/2020\/02\/21FEB20-RBC-Inauguraci\u00f3n-Carnaval-10-300x200.jpeg 300w, https:\/\/visionpeninsular.com\/mid\/wp-content\/uploads\/2020\/02\/21FEB20-RBC-Inauguraci\u00f3n-Carnaval-10-768x512.jpeg 768w\" sizes=\"(max-width: 1024px) 100vw, 1024px\" \/><\/figure>\n\n\n\n<p>Ciudad Carnaval cobr\u00f3 vida desde a las 17 horas, cuando\ndecenas de familias de todos los puntos del municipio llegaron al recinto en\nautom\u00f3vil para ocupar buen lugar en el estacionamiento gratuito. Tambi\u00e9n fueron\nllegando miles de personas a bordo de los autobuses sin costo que el\nAyuntamiento dispuso para su traslado desde el centro y varios puntos de la\nciudad.<\/p>\n\n\n\n<figure class=\"wp-block-image size-large\"><img loading=\"lazy\" width=\"1024\" height=\"683\" src=\"http:\/\/visionpeninsular.com\/mid\/wp-content\/uploads\/2020\/02\/21FEB20-RBC-Inauguraci\u00f3n-Carnaval-13.jpeg\" alt=\"\" class=\"wp-image-118960\" srcset=\"https:\/\/visionpeninsular.com\/mid\/wp-content\/uploads\/2020\/02\/21FEB20-RBC-Inauguraci\u00f3n-Carnaval-13.jpeg 1024w, https:\/\/visionpeninsular.com\/mid\/wp-content\/uploads\/2020\/02\/21FEB20-RBC-Inauguraci\u00f3n-Carnaval-13-300x200.jpeg 300w, https:\/\/visionpeninsular.com\/mid\/wp-content\/uploads\/2020\/02\/21FEB20-RBC-Inauguraci\u00f3n-Carnaval-13-768x512.jpeg 768w\" sizes=\"(max-width: 1024px) 100vw, 1024px\" \/><\/figure>\n\n\n\n<p>A su llegada, los visitantes se mostraron gratamente\nsorprendidos con el recibimiento, ya que desde la entrada pudieron disfrutar de\nlos personajes que integran el grupo \u201cDeja te cuento un cuento\u201d, como son El\nmago de Oz, Los tres cochinitos, Caperucita roja, Hansel y Gretel, El\nprincipito, Pinocho, El gato con botas y El flautista de Hamel\u00edn, quienes le\ndieron la bienvenida&nbsp; a la fiesta m\u00e1s\nimportante de M\u00e9rida.<\/p>\n\n\n\n<figure class=\"wp-block-image size-large\"><img loading=\"lazy\" width=\"1024\" height=\"683\" src=\"http:\/\/visionpeninsular.com\/mid\/wp-content\/uploads\/2020\/02\/21FEB20-RBC-Inauguraci\u00f3n-Carnaval-11.jpeg\" alt=\"\" class=\"wp-image-118961\" srcset=\"https:\/\/visionpeninsular.com\/mid\/wp-content\/uploads\/2020\/02\/21FEB20-RBC-Inauguraci\u00f3n-Carnaval-11.jpeg 1024w, https:\/\/visionpeninsular.com\/mid\/wp-content\/uploads\/2020\/02\/21FEB20-RBC-Inauguraci\u00f3n-Carnaval-11-300x200.jpeg 300w, https:\/\/visionpeninsular.com\/mid\/wp-content\/uploads\/2020\/02\/21FEB20-RBC-Inauguraci\u00f3n-Carnaval-11-768x512.jpeg 768w\" sizes=\"(max-width: 1024px) 100vw, 1024px\" \/><\/figure>\n\n\n\n<p>Al ingresar a Ciudad Carnaval, los asistentes, antes de\ndisfrutar del tradicional Paseo de Corso, disfrutaron de los diferentes\nespect\u00e1culos y activaciones previas al desfile. Varios de los asistentes\ncomentaron que a\u00f1o con a\u00f1o el Carnaval de M\u00e9rida supera expectativas y mejora\nlos espacios para el disfrute de todos.<\/p>\n\n\n\n<p>Acompa\u00f1ado de su esposa, el alcalde lleg\u00f3 a las 20 horas\npara trasladarse al escenario de la inauguraci\u00f3n.<\/p>\n\n\n\n<p>Barrera Concha destac\u00f3 que, a diferencia de otros lugares,\nM\u00e9rida presenta un Carnaval incluyente para mujeres, adultos mayores, personas\nde la tercera edad y personas con capacidades diferentes.<\/p>\n\n\n\n<p>Enfatiz\u00f3 que en esta fiesta y para seguridad de todos los\nasistentes, se cuenta con la presencia de m\u00e1s de 200 elementos de la polic\u00eda\nmunicipal, a los que se suman agentes de la polic\u00eda estatal y federal, as\u00ed como\n10 a cargo de param\u00e9dicos para cualquier eventualidad.<\/p>\n\n\n\n<p>A su vez, Raul Alberto Aguilar Baqueiro, presidente del\nConsejo Coordinador Empresarial, destac\u00f3 la seguridad en la que se desarrolla\nesta fiesta en Ciudad Carnaval, as\u00ed como la comodidad de las instalaciones para\ntodas las familias.<\/p>\n\n\n\n<p>\u2014El Carnaval de M\u00e9rida se sigue consolidando como un lugar\nperfecto para la convivencia familiar en un ambiente de seguridad, y tambi\u00e9n\ncontribuye al desarrollo econ\u00f3mico del municipio ya que aqu\u00ed se re\u00fanen hasta\n700 mil personas en los cinco d\u00edas que dura esta fiesta\u2014<\/p>\n\n\n\n<p>Posteriormente, el Presidente Municipal y la comitiva que lo\nacompa\u00f1\u00f3 se trasladaron a la zona del derrotero para disfrutar el desfile.\nDurante el trayecto, el Alcalde salud\u00f3 a los asistentes que se encontraban en\nla avenida principal de Ciudad Carnaval y no pocos aprovecharon la oportunidad\nde tomarse la foto del recuerdo con el edil.<\/p>\n\n\n\n<p>Poco despu\u00e9s de las 20:30 horas dio inicio el desfile,\nencabezado por la batucada de la Coca-Cola quienes \u201cencendieron\u201d el \u00e1nimo de\nlos asistentes que desde temprana hora llegaron para ocupar alguno de los 28\nmil lugares gratuitos, entre gradas y sillas, que se instalaron para su\ncomodidad.<\/p>\n\n\n\n<p>Durante el derrotero hicieron acto de presencia distintos\npersonajes emblem\u00e1ticos de cuentos y leyendas como superh\u00e9roes, hero\u00ednas,\nvillanos y caricaturas de la cultura pop asi\u00e1tica.<\/p>\n\n\n\n<p>En este primer desfile, los carros aleg\u00f3ricos del Comit\u00e9 del\nCarnaval estuvieron decorados con los temas de Cuentos de terror, Arlequines,\nCondorito, Literatura cl\u00e1sica, Leyendas populares, \u00c1nime, C\u00f3mics, Ciencia Ficci\u00f3n\ny Aventura y Hadas, Pr\u00edncipes y Princesas.<\/p>\n\n\n\n<p>Enseguida, lleg\u00f3 una de las comparsas favoritas de los\nasistentes, el Departamento del Adulto Mayor, quienes durante todo su recorrido\nse llevaron una \u201clluvia\u201d de aplausos de los espectadores por la energ\u00eda,\ndinamismo y alegr\u00eda que imprimieron a su paso.<\/p>\n\n\n\n<p>A lo largo de hora y media que dur\u00f3 el desfile, las\ncomparsas transportaron a los asistentes a un mundo de fantas\u00eda poniendo a tope\nel ambiente en Ciudad Carnaval.<\/p>\n\n\n\n<p>Los reyes del Carnaval Paola Novelo Boj\u00f3rquez \u201cPaola I\u201d e\nIsaac Alonzo Puerto \u201cIsaac I\u201d desfilaron con sus trajes de gala a bordo de los\ncarros aleg\u00f3ricos del Comit\u00e9 Permanente del Carnaval.<\/p>\n\n\n\n<p>Tambi\u00e9n desfilaron Larissa Ancona Garc\u00eda y Jos\u00e9 Mar\u00eda Hu\nEspadas, reyes con discapacidad intelectual; Cynthia Paola Rinc\u00f3n S\u00e1nchez y\nJes\u00fas Alberto Garc\u00eda Castillo, reyes con discapacidad motriz; Magdalena N\u00e1jera\nPozo y Eleazar Efra\u00edn Ambrosio Toro, reyes de la tercera edad; Fayne Pat Aberto\ny Benjam\u00edn Cervera Boj\u00f3rquez, reyes infantiles y Alexia P\u00e9rez Blanco y Joshua\nChan Chi, reyes juveniles.<\/p>\n\n\n\n<p>En el derrotero se cont\u00f3 con la presencia de los artistas\ninvitados Paty L\u00f3pez, Lorena Herrera y Polo Mor\u00edn, quienes arrancaron suspiros\nde los asistentes durante su paso en este primer desfile.<\/p>\n\n\n\n<p>Durante su paso, los carros de las empresas patrocinadoras\nrespondieron al grito de los asistentes con \u201clluvia\u201d de regalos.<\/p>\n\n\n\n<p>Asimismo, participaron \u201cLos barrenderos del amor\u201d y el\n\u201cEscuadr\u00f3n Banderas\u201d quienes fueron del gusto del p\u00fablico gracias a sus\nvistosas y originales coreograf\u00edas.<\/p>\n\n\n\n<p>Comparsas de vecinos de diferentes colonias,\nfraccionamientos y comisar\u00edas, se unieron tambi\u00e9n a la fiesta inicial en Ciudad\nCarnaval.<\/p>\n\n\n\n<p>Durante el primer desfile se registr\u00f3 una afluencia de 47\nmil personas, que adem\u00e1s del desfile, tambi\u00e9n disfrutaron de los espect\u00e1culos\nde \u201cLatina, m\u00fasica del alma\u201d y<\/p>\n\n\n\n<p>En todo momento, elementos de la Polic\u00eda Municipal se\nencargaron de la seguridad y personal municipal a cargo de los m\u00f3dulos de\natenci\u00f3n ofreci\u00f3 la orientaci\u00f3n necesaria a los visitantes. Al concluir el\npaseo, el reporte era pr\u00e1cticamente de \u201csaldo blanco\u201d.<\/p>\n\n\n\n<p>Tambi\u00e9n acompa\u00f1aron al alcalde en la inauguraci\u00f3n Abril\nFerreyro Rosado, directora general y promotora de Ferias de Yucat\u00e1n; Mario\nMart\u00ednez Laviada, oficial mayor; Nora P\u00e9rez Pech, regidora presidenta de la\nComisi\u00f3n de Organismos Paramunicipales Alejandro Ruz Castro, secretario\nmunicipal; Rosa Adriana D\u00edaz Lizama, Manuel D\u00edaz Su\u00e1rez y Miguel Rodr\u00edguez\nBaqueiro, diputados locales; Mauricio Lopez Cant\u00f3n; Mauricio L\u00f3pez Cant\u00f3n,\nPresidente del Comit\u00e9 de Expos y Ferias de la CANACO; Oscar Cambranes Basulto,\nsecretario ejecutivo del Comit\u00e9 Permanente del Carnaval y Cecilia Patr\u00f3n\nLaviada, diputada federal.<\/p>\n\n\n\n<p><\/p>\n<div class='share-to-whatsapp-wrapper'><div class='share-on-whsp'>Share on: <\/div><a data-text='El alcalde Ren\u00e1n Barrera levanta el tel\u00f3n de las fiestas carnestolendas en Ciudad Carnaval' data-link='https:\/\/visionpeninsular.com\/mid\/el-alcalde-renan-barrera-levanta-el-telon-de-las-fiestas-carnestolendas-en-ciudad-carnaval\/' class='whatsapp-button whatsapp-share'>WhatsApp<\/a><div class='clear '><\/div><\/div>","protected":false},"excerpt":{"rendered":"<p>Ante miles de asistentes comienza la diversi\u00f3n 100% familiar, en un marco de seguridad para las familias &nbsp;\u201cM\u00e9rida tiene un carnaval 100% familiar y el m\u00e1s seguro de M\u00e9xico, donde todos los ciudadanos se dan cita para divertirse y al mismo tiempo aprender con actividades l\u00fadicas para las familias en un ambiente de sana convivencia\u201d, &hellip;<\/p>\n","protected":false},"author":5,"featured_media":118955,"comment_status":"open","ping_status":"open","sticky":false,"template":"","format":"standard","meta":{"_mi_skip_tracking":false},"categories":[50,37],"tags":[19628],"_links":{"self":[{"href":"https:\/\/visionpeninsular.com\/mid\/wp-json\/wp\/v2\/posts\/118953"}],"collection":[{"href":"https:\/\/visionpeninsular.com\/mid\/wp-json\/wp\/v2\/posts"}],"about":[{"href":"https:\/\/visionpeninsular.com\/mid\/wp-json\/wp\/v2\/types\/post"}],"author":[{"embeddable":true,"href":"https:\/\/visionpeninsular.com\/mid\/wp-json\/wp\/v2\/users\/5"}],"replies":[{"embeddable":true,"href":"https:\/\/visionpeninsular.com\/mid\/wp-json\/wp\/v2\/comments?post=118953"}],"version-history":[{"count":1,"href":"https:\/\/visionpeninsular.com\/mid\/wp-json\/wp\/v2\/posts\/118953\/revisions"}],"predecessor-version":[{"id":118962,"href":"https:\/\/visionpeninsular.com\/mid\/wp-json\/wp\/v2\/posts\/118953\/revisions\/118962"}],"wp:featuredmedia":[{"embeddable":true,"href":"https:\/\/visionpeninsular.com\/mid\/wp-json\/wp\/v2\/media\/118955"}],"wp:attachment":[{"href":"https:\/\/visionpeninsular.com\/mid\/wp-json\/wp\/v2\/media?parent=118953"}],"wp:term":[{"taxonomy":"category","embeddable":true,"href":"https:\/\/visionpeninsular.com\/mid\/wp-json\/wp\/v2\/categories?post=118953"},{"taxonomy":"post_tag","embeddable":true,"href":"https:\/\/visionpeninsular.com\/mid\/wp-json\/wp\/v2\/tags?post=118953"}],"curies":[{"name":"wp","href":"https:\/\/api.w.org\/{rel}","templated":true}]}}