{"id":118895,"date":"2020-02-21T11:12:33","date_gmt":"2020-02-21T17:12:33","guid":{"rendered":"http:\/\/visionpeninsular.com\/mid\/?p=118895"},"modified":"2020-02-21T11:13:06","modified_gmt":"2020-02-21T17:13:06","slug":"merida-y-los-paises-bajos-con-interes-mutuo-en-temas-de-movilidad-turismo-gastronomia-y-educacion","status":"publish","type":"post","link":"https:\/\/visionpeninsular.com\/mid\/merida-y-los-paises-bajos-con-interes-mutuo-en-temas-de-movilidad-turismo-gastronomia-y-educacion\/","title":{"rendered":"M\u00e9rida y los Pa\u00edses Bajos, con inter\u00e9s mutuo en temas de movilidad, turismo, gastronom\u00eda y educaci\u00f3n"},"content":{"rendered":"\n<p><em>El alcalde Ren\u00e1n Barrera recibe a la embajadora Margriet\nLeemhis<\/em><\/p>\n\n\n\n<p>Los atractivos tur\u00edsticos, gastron\u00f3micos y de seguridad que\nofrece M\u00e9rida despiertan el inter\u00e9s de otras naciones por establecer programas\nde intercambio con la capital yucateca, tal como afirm\u00f3 la embajadora de los\nPa\u00edses Bajos, Margriet Leemhis, quien esta ma\u00f1ana se reuni\u00f3 con el alcalde\nRen\u00e1n Barrera Concha en el Palacio Municipal.<\/p>\n\n\n\n<p>El presidente municipal reafirm\u00f3 tambi\u00e9n la intenci\u00f3n de su\nadministraci\u00f3n de concretar la colaboraci\u00f3n con los Pa\u00edses Bajos y el primer\npaso se dio en agosto de 2019, cuando una misi\u00f3n econ\u00f3mica, tur\u00edstica y\ngastron\u00f3mica visit\u00f3 esa zona para fortalecer lazos comerciales especialmente\ncon la industria del queso de Holanda.<\/p>\n\n\n\n<figure class=\"wp-block-image size-large\"><img loading=\"lazy\" width=\"940\" height=\"846\" src=\"http:\/\/visionpeninsular.com\/mid\/wp-content\/uploads\/2020\/02\/VisitaPa\u00edses-Bajos2.jpeg\" alt=\"\" class=\"wp-image-118898\" srcset=\"https:\/\/visionpeninsular.com\/mid\/wp-content\/uploads\/2020\/02\/VisitaPa\u00edses-Bajos2.jpeg 940w, https:\/\/visionpeninsular.com\/mid\/wp-content\/uploads\/2020\/02\/VisitaPa\u00edses-Bajos2-300x270.jpeg 300w, https:\/\/visionpeninsular.com\/mid\/wp-content\/uploads\/2020\/02\/VisitaPa\u00edses-Bajos2-768x691.jpeg 768w\" sizes=\"(max-width: 940px) 100vw, 940px\" \/><figcaption>El alcalde Ren\u00e1n Barrera Concha y la embajadora de los Pa\u00edses Bajos en M\u00e9xico, Margriet Leemhis\n\n<\/figcaption><\/figure>\n\n\n\n<p>\u2014M\u00e9rida tiene mucho inter\u00e9s en concretar esos intercambios,\npero m\u00e1s all\u00e1 de la cuesti\u00f3n gastron\u00f3mica, podemos trabajar juntos en temas\ntur\u00edsticos y de aprovechamiento de la infraestructura acad\u00e9mica que esta ciudad\nofrece a los j\u00f3venes \u2014se\u00f1al\u00f3 Barrera Concha.<\/p>\n\n\n\n<p>Por su parte, la embajadora visitante manifest\u00f3 que M\u00e9rida\nse ha posicionado como un polo de importancia a nivel mundial y la zona que\nrepresenta tiene inter\u00e9s y disposici\u00f3n para apoyar al municipio en el\ndesarrollo de estrategias de movilidad urbana y de fomento al turismo,\nprincipalmente.<\/p>\n\n\n\n<p>Se\u00f1al\u00f3 que los Pa\u00edses Bajos ya tienen en Quer\u00e9taro un\nprograma piloto para una movilidad m\u00e1s ordenada, por medio del cual se agiliza\nla log\u00edstica de entrega de grandes empresas a las tiendas y supermercados.<\/p>\n\n\n\n<p>Se\u00f1al\u00f3 que el reino de los Pa\u00edses Bajos tiene fuerte inter\u00e9s\nen M\u00e9xico y en especial en la Pen\u00ednsula, por todas las condiciones tanto\necon\u00f3micas, como de seguridad que ofrece para las inversiones.<\/p>\n\n\n\n<p>\u2014De hecho, en abril pr\u00f3ximo nuestro Primer Ministro vendr\u00e1\ncon una misi\u00f3n de empresas agropecuarias y del sector energ\u00e9tico para buscar\nnuevas rutas de intercambio \u2014abund\u00f3.<\/p>\n\n\n\n<p>En cuanto a M\u00e9rida, coment\u00f3 que \u00e9sta es su cuarta visita,\npero la primera de manera oficial, ya que anteriormente vino con su familia en\nplan de vacaciones porque es un lugar que le gusta mucho.<\/p>\n\n\n\n<p>Ren\u00e1n Barrera coment\u00f3 que en los \u00faltimos 20 a\u00f1os M\u00e9rida se\nha fortalecido en diferentes \u00e1mbitos y uno de ellos es el tur\u00edstico.<\/p>\n\n\n\n<p>\u2014No s\u00f3lo hablamos de turistas en vacaciones, sino tambi\u00e9n de\nturismo de negocios y m\u00e9dico porque ofrecemos atenci\u00f3n de calidad a precios\naccesibles \u2014abund\u00f3\u2014 y esto ha llamado la atenci\u00f3n de personas de otros pa\u00edses,\nprincipalmente Estados Unidos y Canad\u00e1.<\/p>\n\n\n\n<p>\u2014Tambi\u00e9n en el sector acad\u00e9mico contamos con una s\u00f3lida\noferta educativa, con m\u00e1s de 80 universidades entre grandes y peque\u00f1as, que\nofrecen planes de intercambio internacional y programas de licenciatura,\nmaestr\u00edas, diplomados y doctorados, que nos han convertido en el principal polo\neducativo en esta zona del pa\u00eds \u2014puntualiz\u00f3.<\/p>\n\n\n\n<p>Destac\u00f3 que esta oferta universitaria atrae a M\u00e9rida a\nj\u00f3venes de distintas partes del mundo que se unen para dar una din\u00e1mica\nespecial a la ciudad.<\/p>\n\n\n\n<p>Adem\u00e1s, resalt\u00f3 que el Centro Hist\u00f3rico ha aumentado su\natractivo para personas de otras nacionalidades que deciden fijar aqu\u00ed su\nresidencia y se encargan de remodelar las casonas de esta parte de la ciudad,\nlo que le da un atractivo especial a M\u00e9rida.<\/p>\n\n\n\n<p>\u2014En el Ayuntamiento contamos con un programa permanente de\nremozamiento de fachadas, que nos ha permitido darle una nueva imagen al\ncoraz\u00f3n de nuestra ciudad \u2014se\u00f1al\u00f3.<\/p>\n\n\n\n<p>Adem\u00e1s, coment\u00f3 que M\u00e9rida tambi\u00e9n se ha posicionado\nfuertemente como destino de bodas, gracias a las haciendas remozadas que\nfuncionan como hoteles o como lugares para reuniones y que despiertan el\ninter\u00e9s de muchos extranjeros.<\/p>\n\n\n\n<p>\u2014M\u00e9rida tiene todo para seguirse posicionando a nivel\nmundial, pero esto tambi\u00e9n implica grandes retos de desarrollo urbano y\nmovilidad, que con el intercambio de experiencias podremos resolver m\u00e1s\nadecuadamente \u2014a\u00f1adi\u00f3.<\/p>\n\n\n\n<p>En la reuni\u00f3n tambi\u00e9n participaron Maarten Froger, enviado\nregional de Energ\u00eda de la Embajada del Reino de los Pa\u00edses Bajos en M\u00e9xico;\nIngrid Bosman, c\u00f3nsul honoraria de los Pa\u00edses Bajos en Canc\u00fan; Jos\u00e9 Enrique\nGuti\u00e9rrez L\u00f3pez, c\u00f3nsul honorario de los Pa\u00edses Bajos en M\u00e9rida; Alejandro Ruz\nCastro, secretario municipal y Federico Sauri Molina, director de Desarrollo\nUrbano.<\/p>\n<div class='share-to-whatsapp-wrapper'><div class='share-on-whsp'>Share on: <\/div><a data-text='M\u00e9rida y los Pa\u00edses Bajos, con inter\u00e9s mutuo en temas de movilidad, turismo, gastronom\u00eda y educaci\u00f3n' data-link='https:\/\/visionpeninsular.com\/mid\/merida-y-los-paises-bajos-con-interes-mutuo-en-temas-de-movilidad-turismo-gastronomia-y-educacion\/' class='whatsapp-button whatsapp-share'>WhatsApp<\/a><div class='clear '><\/div><\/div>","protected":false},"excerpt":{"rendered":"<p>El alcalde Ren\u00e1n Barrera recibe a la embajadora Margriet Leemhis Los atractivos tur\u00edsticos, gastron\u00f3micos y de seguridad que ofrece M\u00e9rida despiertan el inter\u00e9s de otras naciones por establecer programas de intercambio con la capital yucateca, tal como afirm\u00f3 la embajadora de los Pa\u00edses Bajos, Margriet Leemhis, quien esta ma\u00f1ana se reuni\u00f3 con el alcalde Ren\u00e1n &hellip;<\/p>\n","protected":false},"author":5,"featured_media":118897,"comment_status":"open","ping_status":"open","sticky":false,"template":"","format":"standard","meta":{"_mi_skip_tracking":false},"categories":[50,37],"tags":[41,418,1440,19616,19615],"_links":{"self":[{"href":"https:\/\/visionpeninsular.com\/mid\/wp-json\/wp\/v2\/posts\/118895"}],"collection":[{"href":"https:\/\/visionpeninsular.com\/mid\/wp-json\/wp\/v2\/posts"}],"about":[{"href":"https:\/\/visionpeninsular.com\/mid\/wp-json\/wp\/v2\/types\/post"}],"author":[{"embeddable":true,"href":"https:\/\/visionpeninsular.com\/mid\/wp-json\/wp\/v2\/users\/5"}],"replies":[{"embeddable":true,"href":"https:\/\/visionpeninsular.com\/mid\/wp-json\/wp\/v2\/comments?post=118895"}],"version-history":[{"count":1,"href":"https:\/\/visionpeninsular.com\/mid\/wp-json\/wp\/v2\/posts\/118895\/revisions"}],"predecessor-version":[{"id":118899,"href":"https:\/\/visionpeninsular.com\/mid\/wp-json\/wp\/v2\/posts\/118895\/revisions\/118899"}],"wp:featuredmedia":[{"embeddable":true,"href":"https:\/\/visionpeninsular.com\/mid\/wp-json\/wp\/v2\/media\/118897"}],"wp:attachment":[{"href":"https:\/\/visionpeninsular.com\/mid\/wp-json\/wp\/v2\/media?parent=118895"}],"wp:term":[{"taxonomy":"category","embeddable":true,"href":"https:\/\/visionpeninsular.com\/mid\/wp-json\/wp\/v2\/categories?post=118895"},{"taxonomy":"post_tag","embeddable":true,"href":"https:\/\/visionpeninsular.com\/mid\/wp-json\/wp\/v2\/tags?post=118895"}],"curies":[{"name":"wp","href":"https:\/\/api.w.org\/{rel}","templated":true}]}}