{"id":118835,"date":"2020-02-20T12:01:04","date_gmt":"2020-02-20T18:01:04","guid":{"rendered":"http:\/\/visionpeninsular.com\/mid\/?p=118835"},"modified":"2020-02-20T12:01:11","modified_gmt":"2020-02-20T18:01:11","slug":"miles-de-ciudadanos-le-dicen-adios-al-mal-humor-y-le-dan-la-bienvenida-al-carnaval-de-merida-2020","status":"publish","type":"post","link":"https:\/\/visionpeninsular.com\/mid\/miles-de-ciudadanos-le-dicen-adios-al-mal-humor-y-le-dan-la-bienvenida-al-carnaval-de-merida-2020\/","title":{"rendered":"Miles de ciudadanos le dicen adi\u00f3s al mal humor y le dan la bienvenida al Carnaval de M\u00e9rida 2020"},"content":{"rendered":"\n<p><em>El alcalde Ren\u00e1n Barrera corona a los soberanos de las\nfiestas en honor al Rey Momo<\/em><\/p>\n\n\n\n<p>Con la tradicional \u201cQuema del mal humor\u201d y la coronaci\u00f3n de\nlos Reyes del Carnaval de M\u00e9rida, esta noche iniciaron oficialmente los\nfestejos en honor al Rey Momo.<\/p>\n\n\n\n<p>Durante los pr\u00f3ximos d\u00edas, los habitantes de todo el\nmunicipio, visitantes del interior del Estado, nacionales e internacionales,\nvivir\u00e1n la algarab\u00eda y viajar\u00e1n a un mundo \u201cDe historias e historietas\u201d en\nCiudad Carnaval.<\/p>\n\n\n\n<p>El evento de esta noche, celebrado en la explanada de la\nCentral de Abastos, reuni\u00f3 a unas 17,000 personas que fueron testigos de la\ntradicional ceremonia de la \u201cQuema del mal humor\u201d y que disfrutaron\nposteriormente de la actuaci\u00f3n del grupo \u201cLa Trakalosa de Monterrey\u201d, que los\npuso a bailar y cantar al ritmo de banda.<\/p>\n\n\n\n<figure class=\"wp-block-image size-large\"><img loading=\"lazy\" width=\"1024\" height=\"682\" src=\"http:\/\/visionpeninsular.com\/mid\/wp-content\/uploads\/2020\/02\/19FEB20-RBC-Coronaci\u00f3n-1.jpeg\" alt=\"\" class=\"wp-image-118838\" srcset=\"https:\/\/visionpeninsular.com\/mid\/wp-content\/uploads\/2020\/02\/19FEB20-RBC-Coronaci\u00f3n-1.jpeg 1024w, https:\/\/visionpeninsular.com\/mid\/wp-content\/uploads\/2020\/02\/19FEB20-RBC-Coronaci\u00f3n-1-300x200.jpeg 300w, https:\/\/visionpeninsular.com\/mid\/wp-content\/uploads\/2020\/02\/19FEB20-RBC-Coronaci\u00f3n-1-768x512.jpeg 768w, https:\/\/visionpeninsular.com\/mid\/wp-content\/uploads\/2020\/02\/19FEB20-RBC-Coronaci\u00f3n-1-310x205.jpeg 310w\" sizes=\"(max-width: 1024px) 100vw, 1024px\" \/><\/figure>\n\n\n\n<p>Los soberanos Paola Novelo Boj\u00f3rquez \u201cPaola I\u201d e Isaac\nAlonzo Puerto \u201cIsaac I\u201d recibieron sus coronas de manos del alcalde Ren\u00e1n\nBarrera y de su esposa Diana Castillo Laviada, presidenta del DIF Municipal.<\/p>\n\n\n\n<p>A continuaci\u00f3n, los Reyes del Carnaval &#8220;Paola I&#8221; e\n&#8220;Isaac I&#8221; dieron lectura al Bando Solemne de la Quema del Mal Humor\nque en versos resaltaron la seguridad que caracteriza al Carnaval de M\u00e9rida y\ndecretaron d\u00edas de alegr\u00eda y diversi\u00f3n en Plaza Carnaval.<\/p>\n\n\n\n<figure class=\"wp-block-image size-large\"><img loading=\"lazy\" width=\"1024\" height=\"682\" src=\"http:\/\/visionpeninsular.com\/mid\/wp-content\/uploads\/2020\/02\/19FEB20-RBC-Coronaci\u00f3n-4.jpeg\" alt=\"\" class=\"wp-image-118839\" srcset=\"https:\/\/visionpeninsular.com\/mid\/wp-content\/uploads\/2020\/02\/19FEB20-RBC-Coronaci\u00f3n-4.jpeg 1024w, https:\/\/visionpeninsular.com\/mid\/wp-content\/uploads\/2020\/02\/19FEB20-RBC-Coronaci\u00f3n-4-300x200.jpeg 300w, https:\/\/visionpeninsular.com\/mid\/wp-content\/uploads\/2020\/02\/19FEB20-RBC-Coronaci\u00f3n-4-768x512.jpeg 768w, https:\/\/visionpeninsular.com\/mid\/wp-content\/uploads\/2020\/02\/19FEB20-RBC-Coronaci\u00f3n-4-310x205.jpeg 310w\" sizes=\"(max-width: 1024px) 100vw, 1024px\" \/><\/figure>\n\n\n\n<p>Como parte del espect\u00e1culo, esta noche se estren\u00f3 \u201cLatina,\nm\u00fasica del alma\u201d, show lleno de m\u00fasica, baile y canto que rinde tributo a lo\nmejor de la m\u00fasica latina, con m\u00e1s de 50 artistas en escena y orquesta en vivo.\nEste espect\u00e1culo tambi\u00e9n se presentar\u00e1 del 21 al 25 de febrero en Ciudad\nCarnaval en la \u201cTierra de la Algarab\u00eda\u201d.<\/p>\n\n\n\n<p>Al concluir el show musical, los miles de asistentes\ndisfrutaron de la actuaci\u00f3n del grupo &#8220;La Trakalosa de Monterrey&#8221;,\nque con sus \u00e9xitos &#8220;Broche de oro&#8221;, &#8220;F\u00edjate que s\u00ed&#8221;,&nbsp;&nbsp; &#8220;Supiste hacerme mal&#8221;,\n&#8220;Borracho de amor&#8221;, entre otros, puso a bailar y cantar al ritmo de\nbanda a todos los presentes.<\/p>\n\n\n\n<figure class=\"wp-block-image size-large\"><img loading=\"lazy\" width=\"1024\" height=\"682\" src=\"http:\/\/visionpeninsular.com\/mid\/wp-content\/uploads\/2020\/02\/19FEB20-RBC-Coronaci\u00f3n-5.jpeg\" alt=\"\" class=\"wp-image-118840\" srcset=\"https:\/\/visionpeninsular.com\/mid\/wp-content\/uploads\/2020\/02\/19FEB20-RBC-Coronaci\u00f3n-5.jpeg 1024w, https:\/\/visionpeninsular.com\/mid\/wp-content\/uploads\/2020\/02\/19FEB20-RBC-Coronaci\u00f3n-5-300x200.jpeg 300w, https:\/\/visionpeninsular.com\/mid\/wp-content\/uploads\/2020\/02\/19FEB20-RBC-Coronaci\u00f3n-5-768x512.jpeg 768w, https:\/\/visionpeninsular.com\/mid\/wp-content\/uploads\/2020\/02\/19FEB20-RBC-Coronaci\u00f3n-5-310x205.jpeg 310w\" sizes=\"(max-width: 1024px) 100vw, 1024px\" \/><\/figure>\n\n\n\n<p>Los desfiles del Carnaval empiezan ma\u00f1ana jueves, con el\npaseo infantil, a las 16:30 horas en el Centro Hist\u00f3rico.<\/p>\n\n\n\n<p>Los paseos en Ciudad Carnaval ser\u00e1n el viernes 21 de\nfebrero, Desfile de Corso a las 20:30 horas; s\u00e1bado 22, Desfile de Fantas\u00eda 20\nhoras; domingo 23, Desfile de Bachata 16 horas; lunes 24,&nbsp; Desfile Regional 20 horas y martes 25,\nDesfile de Batalla de Flores a las 13 horas.<\/p>\n\n\n\n<p>Entre las atracciones de este a\u00f1o est\u00e1n Mundo Cosplay, \u00e1rea\nde entretenimiento que tendr\u00e1 diferentes actividades como eventos y concursos\ncosplays, espacios comerciales, escenario, exposici\u00f3n de artefactos y r\u00e9plicas\nde objetos de pel\u00edculas, entre otros, todo para los amantes del mundo del \u00e1nime\ny los comics.<\/p>\n\n\n\n<figure class=\"wp-block-image size-large\"><img loading=\"lazy\" width=\"1024\" height=\"682\" src=\"http:\/\/visionpeninsular.com\/mid\/wp-content\/uploads\/2020\/02\/19FEB20-RBC-Coronaci\u00f3n-6-1024x682.jpeg\" alt=\"\" class=\"wp-image-118841\" srcset=\"https:\/\/visionpeninsular.com\/mid\/wp-content\/uploads\/2020\/02\/19FEB20-RBC-Coronaci\u00f3n-6-1024x682.jpeg 1024w, https:\/\/visionpeninsular.com\/mid\/wp-content\/uploads\/2020\/02\/19FEB20-RBC-Coronaci\u00f3n-6-300x200.jpeg 300w, https:\/\/visionpeninsular.com\/mid\/wp-content\/uploads\/2020\/02\/19FEB20-RBC-Coronaci\u00f3n-6-768x512.jpeg 768w, https:\/\/visionpeninsular.com\/mid\/wp-content\/uploads\/2020\/02\/19FEB20-RBC-Coronaci\u00f3n-6-310x205.jpeg 310w, https:\/\/visionpeninsular.com\/mid\/wp-content\/uploads\/2020\/02\/19FEB20-RBC-Coronaci\u00f3n-6.jpeg 1280w\" sizes=\"(max-width: 1024px) 100vw, 1024px\" \/><\/figure>\n\n\n\n<p>Destaca tambi\u00e9n el \u201cPabell\u00f3n de historias e historietas\u201d\n(tema del Carnaval 2020) que estar\u00e1 lleno de actividades l\u00fadicas y divertidas\nbuscando fomentar la lectura entre chicos y grandes con stands de editoriales\nparticipantes; cuenta cuentos, espect\u00e1culos varios para ni\u00f1os con artistas\ninvitados y el programa \u201cTe regalo un Libro\u201d.<\/p>\n\n\n\n<p>En Tierra de la Fantas\u00eda se presentar\u00e1 la obra de teatro\nmusical \u201cMowgli, el ni\u00f1o de la selva\u201d, adaptaci\u00f3n basada en \u201cEl libro de las\nTierras V\u00edrgenes\u201d, con una gran producci\u00f3n y personajes que ser\u00e1n entra\u00f1ables\npara los ni\u00f1os, con funciones gratuitas todos los d\u00edas de Ciudad Carnaval.<\/p>\n\n\n\n<figure class=\"wp-block-image size-large\"><img loading=\"lazy\" width=\"1024\" height=\"682\" src=\"http:\/\/visionpeninsular.com\/mid\/wp-content\/uploads\/2020\/02\/19FEB20-RBC-Coronaci\u00f3n-8-1024x682.jpeg\" alt=\"\" class=\"wp-image-118842\" srcset=\"https:\/\/visionpeninsular.com\/mid\/wp-content\/uploads\/2020\/02\/19FEB20-RBC-Coronaci\u00f3n-8-1024x682.jpeg 1024w, https:\/\/visionpeninsular.com\/mid\/wp-content\/uploads\/2020\/02\/19FEB20-RBC-Coronaci\u00f3n-8-300x200.jpeg 300w, https:\/\/visionpeninsular.com\/mid\/wp-content\/uploads\/2020\/02\/19FEB20-RBC-Coronaci\u00f3n-8-768x512.jpeg 768w, https:\/\/visionpeninsular.com\/mid\/wp-content\/uploads\/2020\/02\/19FEB20-RBC-Coronaci\u00f3n-8-310x205.jpeg 310w, https:\/\/visionpeninsular.com\/mid\/wp-content\/uploads\/2020\/02\/19FEB20-RBC-Coronaci\u00f3n-8.jpeg 1280w\" sizes=\"(max-width: 1024px) 100vw, 1024px\" \/><\/figure>\n\n\n\n<p>Tambi\u00e9n habr\u00e1 desfiles al interior de Ciudad Carnaval con la\nparticipaci\u00f3n de grupos art\u00edsticos y espect\u00e1culos de calle como \u201cBarrenderos\ndel amor\u201d, \u201cEscuadr\u00f3n Banderas\u201d y la \u201cMarching Band\u201d con ni\u00f1os del Centro para\nla Prevenci\u00f3n del Delito del Estado de Yucat\u00e1n.<\/p>\n\n\n\n<p>Como cada a\u00f1o, el estacionamiento y la entrada a Ciudad\nCarnaval, as\u00ed como a todos los espect\u00e1culos ser\u00e1n gratuitos, a excepci\u00f3n de los\nconciertos en el Centro de Espect\u00e1culos Montejo, que incluir\u00e1 zona de pago (30%\ndel espacio) y de acceso libre (70%). De igual forma se contar\u00e1 con transporte\ngratuito de M\u00e9rida a Ciudad Carnaval saliendo de distintos puntos: Centro en\nCalle 69 entre 60 y 58, Oriente en Plaza Patio M\u00e9rida y Poniente en Plaza\nCanek. Adultos mayores y personas con discapacidad, mujeres, ni\u00f1as y ni\u00f1os,\ndesde el estacionamiento de Palacio Municipal.<\/p>\n\n\n\n<p>Para m\u00e1s informaci\u00f3n sobre los espect\u00e1culos que se\nrealizar\u00e1n en el marco del Carnaval 2020, se puede consultar a la p\u00e1gina\nhttps:\/\/www.merida.gob.mx\/carnaval\/index.phpx<\/p>\n\n\n\n<p>A la Quema del Mal Humor tambi\u00e9n asistieron las regidoras\nKarem Achach Ram\u00edrez y Nora P\u00e9rez Pech; el secretario municipal, Alejandro Ruz\nCastro y el secretario ejecutivo del Comit\u00e9 Permanente del Carnaval de M\u00e9rida,\n\u00d3scar Cambranes Basulto.<\/p>\n\n\n\n<p>As\u00ed como Larissa Ancona Garc\u00eda y Jos\u00e9 Mar\u00eda Hu Espadas,\nreyes con discapacidad intelectual; Cynthia Paola Rinc\u00f3n S\u00e1nchez y Jes\u00fas\nAlberto Garc\u00eda Castillo, reyes con discapacidad motriz; Magdalena N\u00e1jera Pozo y\nEleazar Efra\u00edn Ambrosio Toro, reyes de la tercera edad; Fayne Pat Aberto y\nBenjam\u00edn Cervera Boj\u00f3rquez, reyes infantiles y Alexia P\u00e9rez Blanco y Joshua\nChan Chi, reyes juveniles.<\/p>\n<div class='share-to-whatsapp-wrapper'><div class='share-on-whsp'>Share on: <\/div><a data-text='Miles de ciudadanos le dicen adi\u00f3s al mal humor y le dan la bienvenida al Carnaval de M\u00e9rida 2020' data-link='https:\/\/visionpeninsular.com\/mid\/miles-de-ciudadanos-le-dicen-adios-al-mal-humor-y-le-dan-la-bienvenida-al-carnaval-de-merida-2020\/' class='whatsapp-button whatsapp-share'>WhatsApp<\/a><div class='clear '><\/div><\/div>","protected":false},"excerpt":{"rendered":"<p>El alcalde Ren\u00e1n Barrera corona a los soberanos de las fiestas en honor al Rey Momo Con la tradicional \u201cQuema del mal humor\u201d y la coronaci\u00f3n de los Reyes del Carnaval de M\u00e9rida, esta noche iniciaron oficialmente los festejos en honor al Rey Momo. Durante los pr\u00f3ximos d\u00edas, los habitantes de todo el municipio, visitantes &hellip;<\/p>\n","protected":false},"author":5,"featured_media":118837,"comment_status":"open","ping_status":"open","sticky":false,"template":"","format":"standard","meta":{"_mi_skip_tracking":false},"categories":[50,37],"tags":[19296,14913],"_links":{"self":[{"href":"https:\/\/visionpeninsular.com\/mid\/wp-json\/wp\/v2\/posts\/118835"}],"collection":[{"href":"https:\/\/visionpeninsular.com\/mid\/wp-json\/wp\/v2\/posts"}],"about":[{"href":"https:\/\/visionpeninsular.com\/mid\/wp-json\/wp\/v2\/types\/post"}],"author":[{"embeddable":true,"href":"https:\/\/visionpeninsular.com\/mid\/wp-json\/wp\/v2\/users\/5"}],"replies":[{"embeddable":true,"href":"https:\/\/visionpeninsular.com\/mid\/wp-json\/wp\/v2\/comments?post=118835"}],"version-history":[{"count":1,"href":"https:\/\/visionpeninsular.com\/mid\/wp-json\/wp\/v2\/posts\/118835\/revisions"}],"predecessor-version":[{"id":118843,"href":"https:\/\/visionpeninsular.com\/mid\/wp-json\/wp\/v2\/posts\/118835\/revisions\/118843"}],"wp:featuredmedia":[{"embeddable":true,"href":"https:\/\/visionpeninsular.com\/mid\/wp-json\/wp\/v2\/media\/118837"}],"wp:attachment":[{"href":"https:\/\/visionpeninsular.com\/mid\/wp-json\/wp\/v2\/media?parent=118835"}],"wp:term":[{"taxonomy":"category","embeddable":true,"href":"https:\/\/visionpeninsular.com\/mid\/wp-json\/wp\/v2\/categories?post=118835"},{"taxonomy":"post_tag","embeddable":true,"href":"https:\/\/visionpeninsular.com\/mid\/wp-json\/wp\/v2\/tags?post=118835"}],"curies":[{"name":"wp","href":"https:\/\/api.w.org\/{rel}","templated":true}]}}