{"id":118828,"date":"2020-02-20T11:51:01","date_gmt":"2020-02-20T17:51:01","guid":{"rendered":"http:\/\/visionpeninsular.com\/mid\/?p=118828"},"modified":"2020-02-20T11:51:11","modified_gmt":"2020-02-20T17:51:11","slug":"la-seguridad-de-las-familias-meridanas-y-asistentes-al-carnaval-de-merida-2020-garantizada","status":"publish","type":"post","link":"https:\/\/visionpeninsular.com\/mid\/la-seguridad-de-las-familias-meridanas-y-asistentes-al-carnaval-de-merida-2020-garantizada\/","title":{"rendered":"La seguridad de las familias meridanas y asistentes al Carnaval de M\u00e9rida 2020, garantizada"},"content":{"rendered":"\n<p><em>La Guardia Nacional se suma al operativo de seguridad en\ncoordinaci\u00f3n con la Polic\u00eda Municipal y la SSP<\/em><\/p>\n\n\n\n<p>Para garantizar la seguridad y tranquilidad de las familias\nmeridanas y de todas las personas que asistan al \u201cNuevo Carnaval, La fiesta de\nM\u00e9rida 2020\u201d, el Ayuntamiento de M\u00e9rida que encabeza el alcalde Ren\u00e1n Barrera\nConcha, dispondr\u00e1 de un amplio operativo de vigilancia en el que participan m\u00e1s\nde mil elementos, entre agentes de la polic\u00eda municipal, estatal y de la\nGuardia Nacional.<\/p>\n\n\n\n<p>Acompa\u00f1ado de No\u00e9 Cuervo, inspector general encargado de la\nGuardia Nacional con bases en M\u00e9rida y Progreso, el director de la Polic\u00eda\nMunicipal, Mario Arturo Romero Escalante, precis\u00f3 que de acuerdo con las\nindicaciones del alcalde Ren\u00e1n Barrera, la corporaci\u00f3n trabaja para garantizar\nla seguridad y brindar el apoyo necesario a los miles de asistentes a Ciudad\nCarnaval.<\/p>\n\n\n\n<figure class=\"wp-block-image size-large\"><img loading=\"lazy\" width=\"999\" height=\"651\" src=\"http:\/\/visionpeninsular.com\/mid\/wp-content\/uploads\/2020\/02\/19FEB20-Seguridad-Carnaval-2.jpeg\" alt=\"\" class=\"wp-image-118831\" srcset=\"https:\/\/visionpeninsular.com\/mid\/wp-content\/uploads\/2020\/02\/19FEB20-Seguridad-Carnaval-2.jpeg 999w, https:\/\/visionpeninsular.com\/mid\/wp-content\/uploads\/2020\/02\/19FEB20-Seguridad-Carnaval-2-300x195.jpeg 300w, https:\/\/visionpeninsular.com\/mid\/wp-content\/uploads\/2020\/02\/19FEB20-Seguridad-Carnaval-2-768x500.jpeg 768w\" sizes=\"(max-width: 999px) 100vw, 999px\" \/><\/figure>\n\n\n\n<p>Al respecto, No\u00e9 Cuervo manifest\u00f3 su benepl\u00e1cito por la\norganizaci\u00f3n observada y destac\u00f3 la excelente coordinaci\u00f3n entre las diferentes\ncorporaciones policiacas para seguir garantizando la seguridad y tranquilidad\nde las familias meridanas y asistentes que acudan al Carnaval de M\u00e9rida, que\na\u00f1o con a\u00f1o se consolida como uno de los mejores a nivel nacional e\ninternacional.<\/p>\n\n\n\n<p>Reiter\u00f3 la total disposici\u00f3n de la Guardia Nacional para\ntrabajar en coordinaci\u00f3n con la polic\u00eda municipal de M\u00e9rida e inform\u00f3 que\ndispondr\u00e1n de 60&nbsp; agentes policiacos para\nsumarse a las labores en Ciudad Carnaval.<\/p>\n\n\n\n<figure class=\"wp-block-image size-large\"><img loading=\"lazy\" width=\"922\" height=\"714\" src=\"http:\/\/visionpeninsular.com\/mid\/wp-content\/uploads\/2020\/02\/19FEB20-Seguridad-Carnaval-3.jpeg\" alt=\"\" class=\"wp-image-118832\" srcset=\"https:\/\/visionpeninsular.com\/mid\/wp-content\/uploads\/2020\/02\/19FEB20-Seguridad-Carnaval-3.jpeg 922w, https:\/\/visionpeninsular.com\/mid\/wp-content\/uploads\/2020\/02\/19FEB20-Seguridad-Carnaval-3-300x232.jpeg 300w, https:\/\/visionpeninsular.com\/mid\/wp-content\/uploads\/2020\/02\/19FEB20-Seguridad-Carnaval-3-768x595.jpeg 768w\" sizes=\"(max-width: 922px) 100vw, 922px\" \/><\/figure>\n\n\n\n<p>A su vez, el segundo inspector Jos\u00e9 Andr\u00e9s May Chuc,&nbsp; dijo que por parte de la Secretar\u00eda de\nSeguridad P\u00fablica participar\u00e1n m\u00e1s de 300 elementos de su corporaci\u00f3n de las\n\u00e1reas de Seguridad Ciudadana, vialidad y Bomberos para apoyar a los m\u00e1s de 700\nelementos municipales.<\/p>\n\n\n\n<p>Oscar Cambranes Basulto, secretario ejecutivo del Comit\u00e9\nPermanente del Carnaval, inform\u00f3&nbsp; que en\nesta edici\u00f3n de la fiesta meridana, las gradas instaladas a lo largo del\nderrotero tendr\u00e1n una capacidad para recibir a m\u00e1s de 34 mil personas, 10 mil\nm\u00e1s en comparaci\u00f3n con el Carnaval del 2019&nbsp;\ncuando fue de 24 mil personas.<\/p>\n\n\n\n<p>Aunado a ello, el comandante Mario Arturo Romero&nbsp; se\u00f1al\u00f3 que tambi\u00e9n se contar\u00e1 con la\npresencia de elementos y unidades de protecci\u00f3n civil y otras agrupaciones como\nla Cruz Roja y Bomberos quienes estar\u00e1n dispersos en todos los rincones del\nrecinto ferial para brindar todo el apoyo que la gente solicite.<\/p>\n\n\n\n<p>\u2014En caso de que se d\u00e9 alg\u00fan extrav\u00edo tambi\u00e9n contaremos con\n\u00e1reas espec\u00edficas que estar\u00e1n ubicadas en la entrada de Ciudad Carnaval donde\npuedan acudir los familiares del menor o persona extraviada, aunado a ello en\ntoda la plaza se contar\u00e1 con audio y sonido y torres de vigilancia que se\nubican dentro y fuera del recinto ferial\u2014 apunt\u00f3.<\/p>\n\n\n\n<p>Agreg\u00f3 que la vigilancia abarcar\u00e1 las \u00e1reas de\nestacionamiento, parada de autobuses, entrada principal, acceso a los\nproveedores, \u00e1reas de espect\u00e1culos, conciertos y comidas, as\u00ed como a lo largo\ndel derrotero mientras se lleve a cabo el desfile de comparsas y carros\naleg\u00f3ricos.<\/p>\n\n\n\n<p>&nbsp;Dijo que la seguridad\ntambi\u00e9n incluye revisi\u00f3n exhaustiva a las personas que ingresen a Ciudad\nCarnaval, a fin de evitar que introduzcan objetos que pudieran ser utilizadas\ncomo armas como es el caso de las botellas de vidrio, cinturones con hebillas\ngrandes o cualquier objeto que represente alg\u00fan peligro. El operativo incluye\nla presencia del escuadr\u00f3n canino K9.<\/p>\n\n\n\n<p>Romero Escalante detall\u00f3 que adem\u00e1s en caso de emergencia se\ncuenta con \u00e1reas de f\u00e1cil acceso a lo largo del todo el derrotero para que las\nambulancias puedan ingresar y salir sin contratiempos.<\/p>\n\n\n\n<p>Al igual que el a\u00f1o anterior tambi\u00e9n se contar\u00e1 con m\u00f3dulos\nMujeres Seguras en el interior de Ciudad Carnaval.<\/p>\n\n\n\n<p>Los horarios de los desfiles ser\u00e1n: viernes 21 de febrero el\ndesfile de corso iniciar\u00e1 a las 20:30 horas; el s\u00e1bado tendr\u00e1 lugar el desfile\nde fantas\u00eda a las 20 horas; el domingo de bachata por primera vez&nbsp; el derrotero se realizar\u00e1 a las&nbsp; 16 horas; el lunes regional se llevar\u00e1 a cabo\na las 20 horas y el martes el desfile de la batalla de flores&nbsp; iniciar\u00e1 a las 13 horas.&nbsp; De acuerdo a las autoridades se recomienda\nllegar con 1 hora de anticipaci\u00f3n.<\/p>\n\n\n\n<p>El acceso a las zonas del desfile, \u00e1reas de\nentretenimiento&nbsp; y estacionamiento ser\u00e1\ngratuito al igual que el transporte para el traslado a Ciudad Carnaval los\ncuales podr\u00e1n tomarse en el Centro, (Calle 69 entre 60 y 58); Plaza Canek (Av.\nJacinto Canek): Ruta directa a Ciudad Carnaval y Plaza Patio M\u00e9rida (ruta\noriente). Tambi\u00e9n se dispondr\u00e1 de transporte exclusivo para mujeres, ni\u00f1as y\nni\u00f1os, adultos mayores y personas con discapacidad, los cuales saldr\u00e1n cada\nhora del estacionamiento de Palacio Municipal (calle 63 entre 62 y 64, centro),\nen el caso de viernes, s\u00e1bado y lunes la salida ser\u00e1 a partir de las 17 horas;\ndomingo desde las 13 hasta las 15 horas y martes de 10 a 12 horas.<\/p>\n\n\n\n<p>Horario de las rutas de los camiones para toda la familia\nser\u00e1 viernes, s\u00e1bado y lunes De 17 a 2 horas, domingo de 13 a 12 horas y el\nmartes de 10 a 21 horas.<\/p>\n\n\n\n<p>Los paraderos del DIF Municipal (camiones exclusivos para\nadultos mayores y personas con discapacidad) saldr\u00e1n cada hora del\nestacionamiento de Palacio Municipal (calle 63 entre 62 y 64, Col. Centro)\nviernes, s\u00e1bado y lunes de 17 a 20 horas, domingo de 13 a 15 horas y el martes\nde 10 a 12 horas. Para regresar de Ciudad carnaval&nbsp; al Centro ser\u00e1 de viernes, s\u00e1bado y lunes de\n10 a 23:30 horas y el domingo y martes de 16 a 19:30 horas.<\/p>\n\n\n\n<p>Al recorrido acudieron tambi\u00e9n el sub inspector de la\nGuardia Nacional, Marco Antonio Casta\u00f1eda Puch; el oficial Manuel Lugo\nTrejo,&nbsp; comandante de la Polic\u00eda\nMetropolitana de la SSP.<\/p>\n<div class='share-to-whatsapp-wrapper'><div class='share-on-whsp'>Share on: <\/div><a data-text='La seguridad de las familias meridanas y asistentes al Carnaval de M\u00e9rida 2020, garantizada' data-link='https:\/\/visionpeninsular.com\/mid\/la-seguridad-de-las-familias-meridanas-y-asistentes-al-carnaval-de-merida-2020-garantizada\/' class='whatsapp-button whatsapp-share'>WhatsApp<\/a><div class='clear '><\/div><\/div>","protected":false},"excerpt":{"rendered":"<p>La Guardia Nacional se suma al operativo de seguridad en coordinaci\u00f3n con la Polic\u00eda Municipal y la SSP Para garantizar la seguridad y tranquilidad de las familias meridanas y de todas las personas que asistan al \u201cNuevo Carnaval, La fiesta de M\u00e9rida 2020\u201d, el Ayuntamiento de M\u00e9rida que encabeza el alcalde Ren\u00e1n Barrera Concha, dispondr\u00e1 &hellip;<\/p>\n","protected":false},"author":5,"featured_media":118830,"comment_status":"open","ping_status":"open","sticky":false,"template":"","format":"standard","meta":{"_mi_skip_tracking":false},"categories":[50,37],"tags":[41,19296,18248],"_links":{"self":[{"href":"https:\/\/visionpeninsular.com\/mid\/wp-json\/wp\/v2\/posts\/118828"}],"collection":[{"href":"https:\/\/visionpeninsular.com\/mid\/wp-json\/wp\/v2\/posts"}],"about":[{"href":"https:\/\/visionpeninsular.com\/mid\/wp-json\/wp\/v2\/types\/post"}],"author":[{"embeddable":true,"href":"https:\/\/visionpeninsular.com\/mid\/wp-json\/wp\/v2\/users\/5"}],"replies":[{"embeddable":true,"href":"https:\/\/visionpeninsular.com\/mid\/wp-json\/wp\/v2\/comments?post=118828"}],"version-history":[{"count":1,"href":"https:\/\/visionpeninsular.com\/mid\/wp-json\/wp\/v2\/posts\/118828\/revisions"}],"predecessor-version":[{"id":118833,"href":"https:\/\/visionpeninsular.com\/mid\/wp-json\/wp\/v2\/posts\/118828\/revisions\/118833"}],"wp:featuredmedia":[{"embeddable":true,"href":"https:\/\/visionpeninsular.com\/mid\/wp-json\/wp\/v2\/media\/118830"}],"wp:attachment":[{"href":"https:\/\/visionpeninsular.com\/mid\/wp-json\/wp\/v2\/media?parent=118828"}],"wp:term":[{"taxonomy":"category","embeddable":true,"href":"https:\/\/visionpeninsular.com\/mid\/wp-json\/wp\/v2\/categories?post=118828"},{"taxonomy":"post_tag","embeddable":true,"href":"https:\/\/visionpeninsular.com\/mid\/wp-json\/wp\/v2\/tags?post=118828"}],"curies":[{"name":"wp","href":"https:\/\/api.w.org\/{rel}","templated":true}]}}