{"id":118782,"date":"2020-02-19T15:24:28","date_gmt":"2020-02-19T21:24:28","guid":{"rendered":"http:\/\/visionpeninsular.com\/mid\/?p=118782"},"modified":"2020-02-19T15:25:30","modified_gmt":"2020-02-19T21:25:30","slug":"impulsaran-ensenanza-de-lengua-maya-en-yucatan","status":"publish","type":"post","link":"https:\/\/visionpeninsular.com\/mid\/impulsaran-ensenanza-de-lengua-maya-en-yucatan\/","title":{"rendered":"Impulsar\u00e1n ense\u00f1anza de lengua maya en Yucat\u00e1n"},"content":{"rendered":"\n<p>El director de INDEMAYA, Erick Villanueva Mukul, asegur\u00f3 que\nla ense\u00f1anza de la lengua maya entre los estudiantes de nivel b\u00e1sico, va por\nbuen camino <\/p>\n\n\n\n<p>Asimismo, se\u00f1al\u00f3 que en el D\u00eda de la Lengua Materna, pr\u00f3xima\na celebrarse, autoridades del Gobierno del Estado, realizar\u00e1n varias actividades\npara la conservaci\u00f3n de la lengua maya.<\/p>\n\n\n\n<p>El funcionario se\u00f1al\u00f3 que actualmente, INDEMAYA , est\u00e1\ntrabajando intensamente en el tema de la divulgaci\u00f3n de la lengua materna con\nalrededor de 1,800 maestros.<\/p>\n\n\n\n<p>&nbsp;\u201cRecientemente el\nCongreso del Estado reform\u00f3 la ley de educaci\u00f3n para que la ense\u00f1anza de la\nlengua maya fuera obligatoria en todo el estado en el nivel b\u00e1sico\u201d dijo.<\/p>\n\n\n\n<p>El entrevistado hizo hincapi\u00e9 en que la ense\u00f1anza de la\nlengua maya, y de las lenguas ind\u00edgenas en general, han sido consideradas por\nla secretaria de educaci\u00f3n, pues a nivel nacional se tiene una importante\ncantidad de profesores biling\u00fces.<\/p>\n\n\n\n<p>\u201cDebo decir que la direcci\u00f3n de educaci\u00f3n ind\u00edgena es una de\nlas m\u00e1s fuertes del pa\u00eds, con profesores biling\u00fces, y la reforma lleva a que\nincluso en centros urbanos se ense\u00f1a la lengua maya\u201d.<\/p>\n\n\n\n<p>&nbsp;\u201cTodos los d\u00edas\nestamos haciendo la labor de preservaci\u00f3n y difusi\u00f3n de la lengua maya, y lo\ntomamos a partir de esta administraci\u00f3n por instrucciones del gobernador, la\nense\u00f1anza de la lengua y tambi\u00e9n hemos promovido las acciones que tienen como\nobjetivo no s\u00f3lo difundir y promover la lengua, sino toda la cultura\u201d.<\/p>\n<div class='share-to-whatsapp-wrapper'><div class='share-on-whsp'>Share on: <\/div><a data-text='Impulsar\u00e1n ense\u00f1anza de lengua maya en Yucat\u00e1n' data-link='https:\/\/visionpeninsular.com\/mid\/impulsaran-ensenanza-de-lengua-maya-en-yucatan\/' class='whatsapp-button whatsapp-share'>WhatsApp<\/a><div class='clear '><\/div><\/div>","protected":false},"excerpt":{"rendered":"<p>El director de INDEMAYA, Erick Villanueva Mukul, asegur\u00f3 que la ense\u00f1anza de la lengua maya entre los estudiantes de nivel b\u00e1sico, va por buen camino Asimismo, se\u00f1al\u00f3 que en el D\u00eda de la Lengua Materna, pr\u00f3xima a celebrarse, autoridades del Gobierno del Estado, realizar\u00e1n varias actividades para la conservaci\u00f3n de la lengua maya. El funcionario &hellip;<\/p>\n","protected":false},"author":5,"featured_media":118784,"comment_status":"open","ping_status":"open","sticky":false,"template":"","format":"standard","meta":{"_mi_skip_tracking":false},"categories":[50,37],"tags":[],"_links":{"self":[{"href":"https:\/\/visionpeninsular.com\/mid\/wp-json\/wp\/v2\/posts\/118782"}],"collection":[{"href":"https:\/\/visionpeninsular.com\/mid\/wp-json\/wp\/v2\/posts"}],"about":[{"href":"https:\/\/visionpeninsular.com\/mid\/wp-json\/wp\/v2\/types\/post"}],"author":[{"embeddable":true,"href":"https:\/\/visionpeninsular.com\/mid\/wp-json\/wp\/v2\/users\/5"}],"replies":[{"embeddable":true,"href":"https:\/\/visionpeninsular.com\/mid\/wp-json\/wp\/v2\/comments?post=118782"}],"version-history":[{"count":1,"href":"https:\/\/visionpeninsular.com\/mid\/wp-json\/wp\/v2\/posts\/118782\/revisions"}],"predecessor-version":[{"id":118785,"href":"https:\/\/visionpeninsular.com\/mid\/wp-json\/wp\/v2\/posts\/118782\/revisions\/118785"}],"wp:featuredmedia":[{"embeddable":true,"href":"https:\/\/visionpeninsular.com\/mid\/wp-json\/wp\/v2\/media\/118784"}],"wp:attachment":[{"href":"https:\/\/visionpeninsular.com\/mid\/wp-json\/wp\/v2\/media?parent=118782"}],"wp:term":[{"taxonomy":"category","embeddable":true,"href":"https:\/\/visionpeninsular.com\/mid\/wp-json\/wp\/v2\/categories?post=118782"},{"taxonomy":"post_tag","embeddable":true,"href":"https:\/\/visionpeninsular.com\/mid\/wp-json\/wp\/v2\/tags?post=118782"}],"curies":[{"name":"wp","href":"https:\/\/api.w.org\/{rel}","templated":true}]}}