{"id":118741,"date":"2020-02-19T12:07:08","date_gmt":"2020-02-19T18:07:08","guid":{"rendered":"http:\/\/visionpeninsular.com\/mid\/?p=118741"},"modified":"2020-02-19T12:07:13","modified_gmt":"2020-02-19T18:07:13","slug":"el-ayuntamiento-de-merida-amplia-el-apoyo-de-entrega-de-lentes-a-todas-las-escuelas-del-municipio","status":"publish","type":"post","link":"https:\/\/visionpeninsular.com\/mid\/el-ayuntamiento-de-merida-amplia-el-apoyo-de-entrega-de-lentes-a-todas-las-escuelas-del-municipio\/","title":{"rendered":"El Ayuntamiento de M\u00e9rida ampl\u00eda el apoyo de entrega de lentes a todas las escuelas del municipio"},"content":{"rendered":"\n<p><em>El alcalde Ren\u00e1n Barrera encabeza la primera entrega\nmasiva de anteojos de este 2020<\/em><\/p>\n\n\n\n<p><em>El apoyo de lentes que entrega el alcalde Ren\u00e1n Barrera\nes un gran beneficio para muchas familias sobre todo porque tenemos al alcance\nanteojos de excelente calidad, duraderos y esto beneficia no s\u00f3lo la salud,\nsino tambi\u00e9n la econom\u00eda, afirm\u00f3 el se\u00f1or \u00c1ngel P\u00e9rez Lor\u00eda, beneficiario del\nprograma.<\/em><\/p>\n\n\n\n<p>El se\u00f1or Lor\u00eda recibi\u00f3 hoy sus antejos de manos del alcalde\ndurante la primera entrega masiva de lentes de este 2020, en la que el\npresidente municipal dio a conocer que el programa se ampliar\u00e1 a todas las\nescuelas del municipio, a fin de beneficiar a estudiantes de los distintos\nniveles educativos.<\/p>\n\n\n\n<p>En su mensaje, Barrera Concha destac\u00f3 que programas como\n\u00e9ste forman parte de una \u201cacupuntura social\u201d&nbsp;\na trav\u00e9s de la cual la autoridad municipal detecta vulnerabilidades en\nla poblaci\u00f3n para, con base en esto, desarrollar programas que efectivamente\nles permitan mejorar sus condiciones de vida.<\/p>\n\n\n\n<figure class=\"wp-block-image size-large\"><img loading=\"lazy\" width=\"1024\" height=\"682\" src=\"http:\/\/visionpeninsular.com\/mid\/wp-content\/uploads\/2020\/02\/WhatsApp-Image-2020-02-18-at-4.06.09-PM-1.jpeg\" alt=\"\" class=\"wp-image-118750\" srcset=\"https:\/\/visionpeninsular.com\/mid\/wp-content\/uploads\/2020\/02\/WhatsApp-Image-2020-02-18-at-4.06.09-PM-1.jpeg 1024w, https:\/\/visionpeninsular.com\/mid\/wp-content\/uploads\/2020\/02\/WhatsApp-Image-2020-02-18-at-4.06.09-PM-1-300x200.jpeg 300w, https:\/\/visionpeninsular.com\/mid\/wp-content\/uploads\/2020\/02\/WhatsApp-Image-2020-02-18-at-4.06.09-PM-1-768x512.jpeg 768w, https:\/\/visionpeninsular.com\/mid\/wp-content\/uploads\/2020\/02\/WhatsApp-Image-2020-02-18-at-4.06.09-PM-1-310x205.jpeg 310w\" sizes=\"(max-width: 1024px) 100vw, 1024px\" \/><\/figure>\n\n\n\n<p>Destac\u00f3 que con la ampliaci\u00f3n a las escuelas, el\nAyuntamiento contribuye a disminuir problemas que muchas veces se derivan de la\nfalta de recursos de los padres de familia para adquirir anteojos para sus\nhijos y esto incide en el desempe\u00f1o acad\u00e9mico de los ni\u00f1os y j\u00f3venes.<\/p>\n\n\n\n<p>Al respecto, el beneficiario remarc\u00f3 que este programa y su\nampliaci\u00f3n a las escuelas es una importante noticia porque son muchos meridanos\nque requieren lentes y no pueden adquirirlos en una \u00f3ptica particular porque no\ntienen recursos suficientes.<\/p>\n\n\n\n<figure class=\"wp-block-image size-large\"><img loading=\"lazy\" width=\"1024\" height=\"682\" src=\"http:\/\/visionpeninsular.com\/mid\/wp-content\/uploads\/2020\/02\/WhatsApp-Image-2020-02-18-at-4.06.09-PM.jpeg\" alt=\"\" class=\"wp-image-118751\" srcset=\"https:\/\/visionpeninsular.com\/mid\/wp-content\/uploads\/2020\/02\/WhatsApp-Image-2020-02-18-at-4.06.09-PM.jpeg 1024w, https:\/\/visionpeninsular.com\/mid\/wp-content\/uploads\/2020\/02\/WhatsApp-Image-2020-02-18-at-4.06.09-PM-300x200.jpeg 300w, https:\/\/visionpeninsular.com\/mid\/wp-content\/uploads\/2020\/02\/WhatsApp-Image-2020-02-18-at-4.06.09-PM-768x512.jpeg 768w, https:\/\/visionpeninsular.com\/mid\/wp-content\/uploads\/2020\/02\/WhatsApp-Image-2020-02-18-at-4.06.09-PM-310x205.jpeg 310w\" sizes=\"(max-width: 1024px) 100vw, 1024px\" \/><\/figure>\n\n\n\n<p>\u2014Por eso en lo personal me alegra mucho que el alcalde Ren\u00e1n\nBarrera piense en nuestro bienestar y nos ponga al alcance programas como \u00e9ste\n\u2014se\u00f1al\u00f3.<\/p>\n\n\n\n<p>Ren\u00e1n Barrera sostuvo que como gobierno humanista, la\nadministraci\u00f3n que preside elabora sus pol\u00edticas p\u00fablicas privilegiando a las\npersonas y su bienestar integral, ya que esto permite el avance y mejor\ndesarrollo de la sociedad.<\/p>\n\n\n\n<figure class=\"wp-block-image size-large\"><img loading=\"lazy\" width=\"1024\" height=\"682\" src=\"http:\/\/visionpeninsular.com\/mid\/wp-content\/uploads\/2020\/02\/WhatsApp-Image-2020-02-18-at-4.06.09-PM-3.jpeg\" alt=\"\" class=\"wp-image-118756\" srcset=\"https:\/\/visionpeninsular.com\/mid\/wp-content\/uploads\/2020\/02\/WhatsApp-Image-2020-02-18-at-4.06.09-PM-3.jpeg 1024w, https:\/\/visionpeninsular.com\/mid\/wp-content\/uploads\/2020\/02\/WhatsApp-Image-2020-02-18-at-4.06.09-PM-3-300x200.jpeg 300w, https:\/\/visionpeninsular.com\/mid\/wp-content\/uploads\/2020\/02\/WhatsApp-Image-2020-02-18-at-4.06.09-PM-3-768x512.jpeg 768w, https:\/\/visionpeninsular.com\/mid\/wp-content\/uploads\/2020\/02\/WhatsApp-Image-2020-02-18-at-4.06.09-PM-3-310x205.jpeg 310w\" sizes=\"(max-width: 1024px) 100vw, 1024px\" \/><\/figure>\n\n\n\n<p>En el marco del evento, el Concejal&nbsp; entreg\u00f3 de manera simb\u00f3lica 249 pares de\nanteojos a igual n\u00famero de beneficiarios de distintas colonias y comisar\u00edas del\nmunicipio.<\/p>\n\n\n\n<p>\u2014Las acciones de este Ayuntamiento no s\u00f3lo comprenden las\nlabores y obras p\u00fablicas que todos observan cotidianamente cuando transitan o\ncaminan por las calles, sino que tambi\u00e9n se ocupa de sus habitantes como el\nvalor m\u00e1s preciado que como ciudad podemos tener\u2014se\u00f1al\u00f3.<\/p>\n\n\n\n<p>Agreg\u00f3 que&nbsp; mediante\nestas campa\u00f1as de salud visual durante el 2020 se planea entregar 2,300 pares\nde lentes en el municipio con el prop\u00f3sito de contribuir a que m\u00e1s ciudadanos\ntengan acceso a una vida m\u00e1s c\u00f3moda y puedan desarrollar sus actividades\ndiarias en el hogar, el trabajo o&nbsp; la\nescuela en condiciones \u00f3ptimas.<\/p>\n\n\n\n<p>Por su parte, Jos\u00e9 Luis Mart\u00ednez Semerena, director de\nDesarrollo Social, explic\u00f3 que la entrega de hoy incluy\u00f3 a personas que realizaron\nsus solicitudes a trav\u00e9s de varios programas municipales, como Mi\u00e9rcoles\nCiudadano, Ayuntamiento en tu Colonia, as\u00ed como en los Centros de Desarrollo\nIntegral, Consejos de Participaci\u00f3n Ciudadana y escuelas.<\/p>\n\n\n\n<p>La inversi\u00f3n total para esta entrega fue de $132,468.<\/p>\n\n\n\n<p>El funcionario tambi\u00e9n inform\u00f3 que durante la actual\nadministraci\u00f3n se han entregado 3,407 pares de lentes, cuyo precio por pieza es\nde $532, sin embargo, los beneficiarios los adquieren por&nbsp; $70 lo que les genera un ahorro de $462&nbsp; que pueden invertir en otras necesidades del\nhogar.<\/p>\n\n\n\n<p>La entrega de lentes se realiz\u00f3 en el patio del Centro\nCultural de M\u00e9rida \u201cOlimpo\u201d. En el pres\u00eddium acompa\u00f1aron al alcalde Liborio\nVidal Ca\u00f1etas, regidor presidente de la Comisi\u00f3n de Grupos Vulnerables; Lirio\ndel Carmen Cauich Mart\u00ednez y Mar\u00eda Isabel Canto Mart\u00edn, beneficiarias del\nprograma de apoyo de lentes.<\/p>\n<div class='share-to-whatsapp-wrapper'><div class='share-on-whsp'>Share on: <\/div><a data-text='El Ayuntamiento de M\u00e9rida ampl\u00eda el apoyo de entrega de lentes a todas las escuelas del municipio' data-link='https:\/\/visionpeninsular.com\/mid\/el-ayuntamiento-de-merida-amplia-el-apoyo-de-entrega-de-lentes-a-todas-las-escuelas-del-municipio\/' class='whatsapp-button whatsapp-share'>WhatsApp<\/a><div class='clear '><\/div><\/div>","protected":false},"excerpt":{"rendered":"<p>El alcalde Ren\u00e1n Barrera encabeza la primera entrega masiva de anteojos de este 2020 El apoyo de lentes que entrega el alcalde Ren\u00e1n Barrera es un gran beneficio para muchas familias sobre todo porque tenemos al alcance anteojos de excelente calidad, duraderos y esto beneficia no s\u00f3lo la salud, sino tambi\u00e9n la econom\u00eda, afirm\u00f3 el &hellip;<\/p>\n","protected":false},"author":5,"featured_media":118749,"comment_status":"open","ping_status":"open","sticky":false,"template":"","format":"standard","meta":{"_mi_skip_tracking":false},"categories":[1],"tags":[],"_links":{"self":[{"href":"https:\/\/visionpeninsular.com\/mid\/wp-json\/wp\/v2\/posts\/118741"}],"collection":[{"href":"https:\/\/visionpeninsular.com\/mid\/wp-json\/wp\/v2\/posts"}],"about":[{"href":"https:\/\/visionpeninsular.com\/mid\/wp-json\/wp\/v2\/types\/post"}],"author":[{"embeddable":true,"href":"https:\/\/visionpeninsular.com\/mid\/wp-json\/wp\/v2\/users\/5"}],"replies":[{"embeddable":true,"href":"https:\/\/visionpeninsular.com\/mid\/wp-json\/wp\/v2\/comments?post=118741"}],"version-history":[{"count":1,"href":"https:\/\/visionpeninsular.com\/mid\/wp-json\/wp\/v2\/posts\/118741\/revisions"}],"predecessor-version":[{"id":118757,"href":"https:\/\/visionpeninsular.com\/mid\/wp-json\/wp\/v2\/posts\/118741\/revisions\/118757"}],"wp:featuredmedia":[{"embeddable":true,"href":"https:\/\/visionpeninsular.com\/mid\/wp-json\/wp\/v2\/media\/118749"}],"wp:attachment":[{"href":"https:\/\/visionpeninsular.com\/mid\/wp-json\/wp\/v2\/media?parent=118741"}],"wp:term":[{"taxonomy":"category","embeddable":true,"href":"https:\/\/visionpeninsular.com\/mid\/wp-json\/wp\/v2\/categories?post=118741"},{"taxonomy":"post_tag","embeddable":true,"href":"https:\/\/visionpeninsular.com\/mid\/wp-json\/wp\/v2\/tags?post=118741"}],"curies":[{"name":"wp","href":"https:\/\/api.w.org\/{rel}","templated":true}]}}