{"id":118603,"date":"2020-02-17T14:24:49","date_gmt":"2020-02-17T20:24:49","guid":{"rendered":"http:\/\/visionpeninsular.com\/mid\/?p=118603"},"modified":"2020-02-17T14:25:19","modified_gmt":"2020-02-17T20:25:19","slug":"conmocion-por-doble-feminicidio","status":"publish","type":"post","link":"https:\/\/visionpeninsular.com\/mid\/conmocion-por-doble-feminicidio\/","title":{"rendered":"Conmoci\u00f3n por doble feminicidio"},"content":{"rendered":"\n<p>El doble feminicidio &nbsp;de\ndos mujeres registrado ayer en el fraccionamiento del Arco, registrado este\ndomingo en un predio del fraccionamiento del Arco ha causado gran conmoci\u00f3n\nentre los vecinos y la sociedad emeritense.<\/p>\n\n\n\n<p>Vecinos de las occisas indicaron que apenas el pasado s\u00e1bado\nhab\u00eda sido vistas en la reuni\u00f3n del Centro Pastoral, que tuvo lugar en su\ndomicilio, as\u00ed como tambi\u00e9n expresaron que el principal sospechoso de los\nfeminicidios, es el hijo y nieto de las v\u00edctimas, de aproximadamente 30 a\u00f1os de\nedad, ya que \u00e9ste presenta s\u00edntomas de trastornos mentales. Tambi\u00e9n se coment\u00f3\nque reci\u00e9n hab\u00eda salido del Hospital Psiqui\u00e1trico. Mencionaron como antecedente\ndel fatal suceso, que el presunto responsable hab\u00eda agredido f\u00edsicamente a su\nmadre unos d\u00edas antes.<\/p>\n\n\n\n<p>De igual manera se supo que el hombre que se sospecha realiz\u00f3\neste asesinato violento est\u00e1 diagnosticado con esquizofrenia y no hace mucho\ntiempo que hab\u00eda salido del Hospital Psiqui\u00e1trico, por lo que se dice que es\nposible que por esa raz\u00f3n haya actuado de esa manera.<\/p>\n\n\n\n<p>El presunto sospechoso fue detenido y puesto a disposici\u00f3n\nde la Fiscal\u00eda, mientras se terminan las correspondientes investigaciones, que\npodr\u00edan vincular o no a este familiar de las v\u00edctimas.<\/p>\n\n\n\n<p>Como es conocido, ayer se report\u00f3 hallazgo de los cuerpos\nsin vida de dos mujeres en un predio del fraccionamiento del Arco, hecho que\nfue descubierto por una de sus familiares de las v\u00edctimas que fue de visita\ndominical.<\/p>\n\n\n\n<p>Una de las mujeres fue identificada por los vecinos como\nGladys V. U. y la otra como su madre, una mujer de m\u00e1s de 60 a\u00f1os de edad.<\/p>\n\n\n\n<p>Tras el reporte, no tardaron en apersonarse elementos de la\nSecretar\u00eda de Seguridad P\u00fablica (SSP), quienes tras corroborar lo ocurrido,\nacordonaron la zona y dieron parte a la Fiscal\u00eda General del Estado (FGE),\ncuyos agentes arribaron para las investigaciones correspondientes y el\nposterior levantamiento de los cuerpos.<\/p>\n\n\n\n<p>Extraoficialmente se supo que las v\u00edctimas fueron privadas\nde la vida por medio un arma punzocortante y otros objetos contundentes, pues\nal parecer la causa del deceso de la mujer de la tercera edad fue por un fuerte\ngolpe en la cabeza.<\/p>\n\n\n\n<p>La zona fue resguardada por las autoridades que realizaron\nlas primeras indagatorias en el sitio de los hechos.<\/p>\n<div class='share-to-whatsapp-wrapper'><div class='share-on-whsp'>Share on: <\/div><a data-text='Conmoci\u00f3n por doble feminicidio' data-link='https:\/\/visionpeninsular.com\/mid\/conmocion-por-doble-feminicidio\/' class='whatsapp-button whatsapp-share'>WhatsApp<\/a><div class='clear '><\/div><\/div>","protected":false},"excerpt":{"rendered":"<p>El doble feminicidio &nbsp;de dos mujeres registrado ayer en el fraccionamiento del Arco, registrado este domingo en un predio del fraccionamiento del Arco ha causado gran conmoci\u00f3n entre los vecinos y la sociedad emeritense. Vecinos de las occisas indicaron que apenas el pasado s\u00e1bado hab\u00eda sido vistas en la reuni\u00f3n del Centro Pastoral, que tuvo &hellip;<\/p>\n","protected":false},"author":5,"featured_media":118605,"comment_status":"open","ping_status":"open","sticky":false,"template":"","format":"standard","meta":{"_mi_skip_tracking":false},"categories":[50,37],"tags":[19564,19566,19565],"_links":{"self":[{"href":"https:\/\/visionpeninsular.com\/mid\/wp-json\/wp\/v2\/posts\/118603"}],"collection":[{"href":"https:\/\/visionpeninsular.com\/mid\/wp-json\/wp\/v2\/posts"}],"about":[{"href":"https:\/\/visionpeninsular.com\/mid\/wp-json\/wp\/v2\/types\/post"}],"author":[{"embeddable":true,"href":"https:\/\/visionpeninsular.com\/mid\/wp-json\/wp\/v2\/users\/5"}],"replies":[{"embeddable":true,"href":"https:\/\/visionpeninsular.com\/mid\/wp-json\/wp\/v2\/comments?post=118603"}],"version-history":[{"count":1,"href":"https:\/\/visionpeninsular.com\/mid\/wp-json\/wp\/v2\/posts\/118603\/revisions"}],"predecessor-version":[{"id":118606,"href":"https:\/\/visionpeninsular.com\/mid\/wp-json\/wp\/v2\/posts\/118603\/revisions\/118606"}],"wp:featuredmedia":[{"embeddable":true,"href":"https:\/\/visionpeninsular.com\/mid\/wp-json\/wp\/v2\/media\/118605"}],"wp:attachment":[{"href":"https:\/\/visionpeninsular.com\/mid\/wp-json\/wp\/v2\/media?parent=118603"}],"wp:term":[{"taxonomy":"category","embeddable":true,"href":"https:\/\/visionpeninsular.com\/mid\/wp-json\/wp\/v2\/categories?post=118603"},{"taxonomy":"post_tag","embeddable":true,"href":"https:\/\/visionpeninsular.com\/mid\/wp-json\/wp\/v2\/tags?post=118603"}],"curies":[{"name":"wp","href":"https:\/\/api.w.org\/{rel}","templated":true}]}}