{"id":118599,"date":"2020-02-17T14:05:07","date_gmt":"2020-02-17T20:05:07","guid":{"rendered":"http:\/\/visionpeninsular.com\/mid\/?p=118599"},"modified":"2020-02-17T14:05:14","modified_gmt":"2020-02-17T20:05:14","slug":"lopez-obrador-y-las-mujeres","status":"publish","type":"post","link":"https:\/\/visionpeninsular.com\/mid\/lopez-obrador-y-las-mujeres\/","title":{"rendered":"L\u00f3pez Obrador y las mujeres"},"content":{"rendered":"\n<p>Feminicidios<\/p>\n\n\n\n<p>Jorge Zepeda Patterson (*)<\/p>\n\n\n\n<p>Fuente: Diario de Yucat\u00e1n<\/p>\n\n\n\n<p>Feminicidio no es una palabra que forme parte del l\u00e9xico de\nL\u00f3pez Obrador, a pesar de que ha sido un hombre sensible a los temas de equidad\nde g\u00e9nero o derechos de las mujeres. Hace 19 a\u00f1os, en 2000, mucho antes de que\nnos acostumbr\u00e1ramos a la palabra, AMLO present\u00f3 con orgullo un gabinete\nparitario (ocho hombres y ocho mujeres) para hacerse cargo de la Ciudad de\nM\u00e9xico. Algo todav\u00eda raro en los usos y costumbres de la burocracia de ese\nmomento. Y a diferencia de las hip\u00f3critas cuotas de equidad de g\u00e9nero que se\npusieron de moda en las campa\u00f1as electorales y en el Congreso, que suelen\nrevertirse con el tiempo, al terminar su sexenio la mitad de las carteras\nestaban presididas por una mujer. Algo similar ha hecho con el gabinete federal\nque conduce los destinos de la 4T. Por lo dem\u00e1s, ha insistido que los recursos destinados\na las familias sean entregados a las madres, y pr\u00e1cticamente ha convertido en\ndirectriz que sea una mujer la tesorera a cargo de las partidas destinadas a\ncomit\u00e9s en barrios y escuelas. Una y otra vez ha dicho que las mujeres son\nnotoriamente m\u00e1s honestas que los hombres. No es casual que en oficial\u00edas\nclaves, en la Secretar\u00eda de la Funci\u00f3n P\u00fablica y en general en tareas de\nsupervisi\u00f3n de recursos econ\u00f3micos suela preferir a una mujer. Tampoco tengo\nduda de que si de \u00e9l dependiera en este momento, le encantar\u00eda que su sucesora\nfuera Claudia Sheinbaum.<\/p>\n\n\n\n<p>Y, sin embargo, se le sigue saliendo un \u201cmi reina\u201d, o algo\nsimilar, para dirigirse a una reportera o a una joven que lo interpela, lo cual\ninvoca toda la carga mis\u00f3gina que arrastra un apelativo que nunca usar\u00eda frente\na un reportero. Si bien su tono es paternal, sin asomo de coqueter\u00eda, y remite\na usos tradicionales y familiares en la regi\u00f3n de la que procede o la\ngeneraci\u00f3n a la que pertenece, a estas alturas de la vida tendr\u00eda que saber que\neste tipo de expresiones entra\u00f1an una condescendencia y un verticalismo que\nresulta ofensivo.<\/p>\n\n\n\n<p>Feminicidios han existido siempre, aun cuando no se usara la\npalabra. Pero es cierto que el car\u00e1cter end\u00e9mico que ha adquirido en los\n\u00faltimos tiempos en pa\u00edses como el nuestro, ha sido resultado de la progresiva\n(aunque desde luego insuficiente) emancipaci\u00f3n de la mujer en t\u00e9rminos\necon\u00f3micos, sociales y sexuales y la resistencia machista a aceptar el cambio.<\/p>\n\n\n\n<p>Hace veinte a\u00f1os muchos de los asesinatos de hoy no habr\u00edan tenido\nlugar, simplemente porque tras una golpiza la mujer que intentaba sacudirse una\npareja indeseada habr\u00eda sido sometida. Actualmente muchas consiguen con \u00e9xito\nemanciparse de una relaci\u00f3n nociva, pero en promedio cada d\u00eda diez de ellas\nterminan perdiendo la vida en el intento. Una situaci\u00f3n inaceptable, por donde\nse le mire.<\/p>\n\n\n\n<p>Es cierto que la cuota de asesinatos asciende a 35 mil al\na\u00f1o, a raz\u00f3n de cien diarios, la mayor\u00eda originados por actividades vinculadas\nal crimen organizado, una cifra que hace palidecer cualquier otro fen\u00f3meno.\nPero en este caso, el de los feminicidios, trasciende una cuesti\u00f3n estad\u00edstica\npara convertirse en una tragedia insoportable, una enfermedad social\ninadmisible. Se trata de cr\u00edmenes de odio en contra de v\u00edctimas cuyo \u00fanico\ndelito es negarse a ser propiedad de un hombre abusivo.<\/p>\n\n\n\n<p>Quiz\u00e1 L\u00f3pez Obrador observe el problema como un cap\u00edtulo de\nla espiral de violencia e inseguridad p\u00fablica que vive el pa\u00eds y asume que no\nest\u00e1 escatimando esfuerzos para atacar el problema en su conjunto (entre ellos\nsu ambicioso proyecto de una Guardia Nacional o su obsesiva reuni\u00f3n de 6 a 7 de\nla ma\u00f1ana al respecto todos los d\u00edas).<\/p>\n\n\n\n<p>Pero le ha faltado sensibilidad o no le ha dedicado el\ntiempo para entender la importancia de este tema. El feminicidio no forma parte\nde la agenda de reivindicaciones que le son naturales, pese a la sensibilidad\nque le ha caracterizado para solidarizarse con las v\u00edctimas de la injusticia y\nla miseria y con sectores vulnerables como ancianos, j\u00f3venes y mujeres en\ngeneral.<\/p>\n\n\n\n<p>Si bien es cierto que el clima de inseguridad es un caldo de\ncultivo que favorece los cr\u00edmenes de g\u00e9nero, el fen\u00f3meno en s\u00ed mismo requiere\nde medidas puntuales que no pasan solo por el combate al crimen organizado o el\nmejoramiento del sistema de justicia en lo general.<\/p>\n\n\n\n<p>Hace unos d\u00edas L\u00f3pez Obrador extern\u00f3 en la Ma\u00f1anera\ndeclaraciones demasiado gen\u00e9ricas sobre el problema, en momentos en que el\nasesinato de Ingrid Escamilla, particularmente salvaje, ha enardecido a la\nopini\u00f3n p\u00fablica. Y no mejor\u00f3 cuando describi\u00f3 como una manipulaci\u00f3n de sus\nadversarios el vuelo que se le ha dado a las manifestaciones de protesta de\ngrupos feministas. Menos a\u00fan cuando, un poco harto del asunto, present\u00f3 d\u00edas\nm\u00e1s tarde un dec\u00e1logo de principios con relaci\u00f3n al tema. Se trat\u00f3 de una serie\nde m\u00e1ximas vagas e incluso repetitivas, que no entra\u00f1an ninguna acci\u00f3n o\npol\u00edtica p\u00fablica y con la cual el presidente pretendi\u00f3 zanjar en definitiva el\nproblema (1 Estoy en contra de la violencia contra la mujer; 2 Se debe proteger\nla vida de hombres y mujeres; 3 Es una cobard\u00eda agredir a la mujer; 4 El\nmachismo es un anacronismo; 5 Se tiene que respetar a las mujeres; 6 No a las\nagresiones a las mujeres; 7 No a los cr\u00edmenes de odio en contra de las mujeres;\n8 Castigo a los responsables; 9 El gobierno siempre debe garantizar la\nseguridad de las mujeres; 10 Nuestro compromiso es garantizar la paz y\nseguridad de M\u00e9xico). En suma, un planteamiento que parece improvisado, sacado\nde la manga, poco reflexionado (la mitad de los incisos son reiteraciones del\nmismo deseo). Algo que a juicio de sus cr\u00edticos muestra que el tema no le ha\nmerecido ni una fracci\u00f3n del tiempo dedicado a tratar de deshacerse del avi\u00f3n\npresidencial, por ejemplo.<\/p>\n\n\n\n<p>Si no por concepci\u00f3n, al menos por sensibilidad pol\u00edtica, me\nparece que el presidente tendr\u00eda que reconsiderar sus posiciones y prioridades\nen lo que respecta a los cr\u00edmenes de odio contra las mujeres, antes de que la\nfactura de imagen se vuelva impagable.\u2014 Ciudad de M\u00e9xico<\/p>\n\n\n\n<p>@jorgezepedap<\/p>\n\n\n\n<p>www.jorgezepeda.net<\/p>\n\n\n\n<p>Periodista<\/p>\n<div class='share-to-whatsapp-wrapper'><div class='share-on-whsp'>Share on: <\/div><a data-text='L\u00f3pez Obrador y las mujeres' data-link='https:\/\/visionpeninsular.com\/mid\/lopez-obrador-y-las-mujeres\/' class='whatsapp-button whatsapp-share'>WhatsApp<\/a><div class='clear '><\/div><\/div>","protected":false},"excerpt":{"rendered":"<p>Feminicidios Jorge Zepeda Patterson (*) Fuente: Diario de Yucat\u00e1n Feminicidio no es una palabra que forme parte del l\u00e9xico de L\u00f3pez Obrador, a pesar de que ha sido un hombre sensible a los temas de equidad de g\u00e9nero o derechos de las mujeres. Hace 19 a\u00f1os, en 2000, mucho antes de que nos acostumbr\u00e1ramos a &hellip;<\/p>\n","protected":false},"author":5,"featured_media":118499,"comment_status":"open","ping_status":"open","sticky":false,"template":"","format":"standard","meta":{"_mi_skip_tracking":false},"categories":[44],"tags":[],"_links":{"self":[{"href":"https:\/\/visionpeninsular.com\/mid\/wp-json\/wp\/v2\/posts\/118599"}],"collection":[{"href":"https:\/\/visionpeninsular.com\/mid\/wp-json\/wp\/v2\/posts"}],"about":[{"href":"https:\/\/visionpeninsular.com\/mid\/wp-json\/wp\/v2\/types\/post"}],"author":[{"embeddable":true,"href":"https:\/\/visionpeninsular.com\/mid\/wp-json\/wp\/v2\/users\/5"}],"replies":[{"embeddable":true,"href":"https:\/\/visionpeninsular.com\/mid\/wp-json\/wp\/v2\/comments?post=118599"}],"version-history":[{"count":1,"href":"https:\/\/visionpeninsular.com\/mid\/wp-json\/wp\/v2\/posts\/118599\/revisions"}],"predecessor-version":[{"id":118601,"href":"https:\/\/visionpeninsular.com\/mid\/wp-json\/wp\/v2\/posts\/118599\/revisions\/118601"}],"wp:featuredmedia":[{"embeddable":true,"href":"https:\/\/visionpeninsular.com\/mid\/wp-json\/wp\/v2\/media\/118499"}],"wp:attachment":[{"href":"https:\/\/visionpeninsular.com\/mid\/wp-json\/wp\/v2\/media?parent=118599"}],"wp:term":[{"taxonomy":"category","embeddable":true,"href":"https:\/\/visionpeninsular.com\/mid\/wp-json\/wp\/v2\/categories?post=118599"},{"taxonomy":"post_tag","embeddable":true,"href":"https:\/\/visionpeninsular.com\/mid\/wp-json\/wp\/v2\/tags?post=118599"}],"curies":[{"name":"wp","href":"https:\/\/api.w.org\/{rel}","templated":true}]}}