{"id":118573,"date":"2020-02-17T13:10:52","date_gmt":"2020-02-17T19:10:52","guid":{"rendered":"http:\/\/visionpeninsular.com\/mid\/?p=118573"},"modified":"2020-02-17T13:10:59","modified_gmt":"2020-02-17T19:10:59","slug":"aplausos-y-ambiente-de-fiesta-en-la-coronacion-de-los-reyes-del-carnaval-de-merida-2020-adulto-mayor-y-con-discapacidad-motriz-e-intelectual","status":"publish","type":"post","link":"https:\/\/visionpeninsular.com\/mid\/aplausos-y-ambiente-de-fiesta-en-la-coronacion-de-los-reyes-del-carnaval-de-merida-2020-adulto-mayor-y-con-discapacidad-motriz-e-intelectual\/","title":{"rendered":"Aplausos y ambiente de fiesta, en la coronaci\u00f3n de los Reyes del Carnaval de M\u00e9rida 2020 &#8220;Adulto Mayor y con Discapacidad Motriz e Intelectual&#8221;"},"content":{"rendered":"\n<p>Ante unas ocho mil personas, el alcalde Ren\u00e1n Barrera\nConcha, acompa\u00f1ado de su esposa Diana Castillo Laviada, presidenta del DIF\nMunicipal y sus hijos Ren\u00e1n y Daniel, se\u00f1al\u00f3 que M\u00e9rida es una ciudad\nincluyente y como tal, todos tienen derecho a la sana diversi\u00f3n en un marco de\ncivilidad y respeto a las familias y asistentes a Plaza Carnaval.<\/p>\n\n\n\n<figure class=\"wp-block-image size-large\"><img loading=\"lazy\" width=\"1024\" height=\"682\" src=\"http:\/\/visionpeninsular.com\/mid\/wp-content\/uploads\/2020\/02\/16FEB20-RBC-Coranaci\u00f3n-6.jpeg\" alt=\"\" class=\"wp-image-118575\" srcset=\"https:\/\/visionpeninsular.com\/mid\/wp-content\/uploads\/2020\/02\/16FEB20-RBC-Coranaci\u00f3n-6.jpeg 1024w, https:\/\/visionpeninsular.com\/mid\/wp-content\/uploads\/2020\/02\/16FEB20-RBC-Coranaci\u00f3n-6-300x200.jpeg 300w, https:\/\/visionpeninsular.com\/mid\/wp-content\/uploads\/2020\/02\/16FEB20-RBC-Coranaci\u00f3n-6-768x512.jpeg 768w, https:\/\/visionpeninsular.com\/mid\/wp-content\/uploads\/2020\/02\/16FEB20-RBC-Coranaci\u00f3n-6-310x205.jpeg 310w\" sizes=\"(max-width: 1024px) 100vw, 1024px\" \/><\/figure>\n\n\n\n<p>La coronaci\u00f3n de los reyes Adulto Mayor Magdalena N\u00e1jera\nPozo \u201cMagdalena I\u201d y&nbsp; Eleazar Efra\u00edn\nAmbrosio Toro \u201c Torito I\u201d, estuvieron a cargo del alcalde, Ren\u00e1n Barrera Concha\ny la presidenta del DIF Municipal, Diana Castillo Laviada.Los reyes con\ndiscapacidad intelectual Cinthia Larissa Ancona Garc\u00eda \u201cChintia I\u201d y Jos\u00e9 Mar\u00eda\nUh Espadas \u201cJos\u00e9 Mar\u00eda I\u201d, fueron coronados por el director de Desarrollo\nSocial, Jos\u00e9 Luis Mart\u00ednez Semerena y la regidora, Karem Achach Ram\u00edrez.<\/p>\n\n\n\n<figure class=\"wp-block-image size-large\"><img loading=\"lazy\" width=\"1024\" height=\"682\" src=\"http:\/\/visionpeninsular.com\/mid\/wp-content\/uploads\/2020\/02\/16FEB20-RBC-Coranaci\u00f3n-4.jpeg\" alt=\"\" class=\"wp-image-118577\" srcset=\"https:\/\/visionpeninsular.com\/mid\/wp-content\/uploads\/2020\/02\/16FEB20-RBC-Coranaci\u00f3n-4.jpeg 1024w, https:\/\/visionpeninsular.com\/mid\/wp-content\/uploads\/2020\/02\/16FEB20-RBC-Coranaci\u00f3n-4-300x200.jpeg 300w, https:\/\/visionpeninsular.com\/mid\/wp-content\/uploads\/2020\/02\/16FEB20-RBC-Coranaci\u00f3n-4-768x512.jpeg 768w, https:\/\/visionpeninsular.com\/mid\/wp-content\/uploads\/2020\/02\/16FEB20-RBC-Coranaci\u00f3n-4-310x205.jpeg 310w\" sizes=\"(max-width: 1024px) 100vw, 1024px\" \/><\/figure>\n\n\n\n<p>Y los reyes con discapacidad motriz, Cynthia Paola Rinc\u00f3n\nS\u00e1nchez \u201c Cynthia I\u201d y Jes\u00fas Alberto Garc\u00eda Castillo \u201cChucho I\u201d fueron\ncoronados por el secretario ejecutivo del Comit\u00e9&nbsp; Permanente del Carnaval de M\u00e9rida y la\ns\u00edndico municipal, Diana Canto Moreno.<\/p>\n\n\n\n<figure class=\"wp-block-image size-large\"><img loading=\"lazy\" width=\"682\" height=\"1024\" src=\"http:\/\/visionpeninsular.com\/mid\/wp-content\/uploads\/2020\/02\/16FEB20-RBC-Coranaci\u00f3n-3.jpeg\" alt=\"\" class=\"wp-image-118578\" srcset=\"https:\/\/visionpeninsular.com\/mid\/wp-content\/uploads\/2020\/02\/16FEB20-RBC-Coranaci\u00f3n-3.jpeg 682w, https:\/\/visionpeninsular.com\/mid\/wp-content\/uploads\/2020\/02\/16FEB20-RBC-Coranaci\u00f3n-3-200x300.jpeg 200w\" sizes=\"(max-width: 682px) 100vw, 682px\" \/><\/figure>\n\n\n\n<p>Durante el evento, los soberanos presentaron sus bailables\njunto a sus respectivas comparsas con ritmos latinos como batucadas, salsa,\nmerengue y mambo que enciendieron los \u00e1nimos de los asistentes.<\/p>\n\n\n\n<figure class=\"wp-block-image size-large\"><img loading=\"lazy\" width=\"1024\" height=\"682\" src=\"http:\/\/visionpeninsular.com\/mid\/wp-content\/uploads\/2020\/02\/16FEB20-RBC-Coranaci\u00f3n-9.jpeg\" alt=\"\" class=\"wp-image-118579\" srcset=\"https:\/\/visionpeninsular.com\/mid\/wp-content\/uploads\/2020\/02\/16FEB20-RBC-Coranaci\u00f3n-9.jpeg 1024w, https:\/\/visionpeninsular.com\/mid\/wp-content\/uploads\/2020\/02\/16FEB20-RBC-Coranaci\u00f3n-9-300x200.jpeg 300w, https:\/\/visionpeninsular.com\/mid\/wp-content\/uploads\/2020\/02\/16FEB20-RBC-Coranaci\u00f3n-9-768x512.jpeg 768w, https:\/\/visionpeninsular.com\/mid\/wp-content\/uploads\/2020\/02\/16FEB20-RBC-Coranaci\u00f3n-9-310x205.jpeg 310w\" sizes=\"(max-width: 1024px) 100vw, 1024px\" \/><\/figure>\n\n\n\n<p>La clausura de la ceremonia de coronaci\u00f3n estuvo a cargo del\nGrupo Ca\u00f1averal quienes interpretaron los temas Tiene espinas el rosal, Mi\ncoraz\u00f3n, La ladrona, Echarme al olvido, Traici\u00f3n y olvido, No te voy a\nperdonar, entre otros.<\/p>\n\n\n\n<figure class=\"wp-block-image size-large\"><img loading=\"lazy\" width=\"1024\" height=\"683\" src=\"http:\/\/visionpeninsular.com\/mid\/wp-content\/uploads\/2020\/02\/16FEB20-RBC-Coranaci\u00f3n-5.jpeg\" alt=\"\" class=\"wp-image-118580\" srcset=\"https:\/\/visionpeninsular.com\/mid\/wp-content\/uploads\/2020\/02\/16FEB20-RBC-Coranaci\u00f3n-5.jpeg 1024w, https:\/\/visionpeninsular.com\/mid\/wp-content\/uploads\/2020\/02\/16FEB20-RBC-Coranaci\u00f3n-5-300x200.jpeg 300w, https:\/\/visionpeninsular.com\/mid\/wp-content\/uploads\/2020\/02\/16FEB20-RBC-Coranaci\u00f3n-5-768x512.jpeg 768w\" sizes=\"(max-width: 1024px) 100vw, 1024px\" \/><\/figure>\n\n\n\n<p>La pr\u00f3xima coronaci\u00f3n de los Reyes del Carnaval de M\u00e9rida\n2020 &#8220;De Historias e Historietas&#8221; y quema del mal humor se llevar\u00e1 al\ncabo el mi\u00e9rcoles 19 en la explanada de la Central de Abastos, donde se\nestrenar\u00e1 el espect\u00e1culo &#8220;Latina, m\u00fasica del alma&#8221; y se presentar\u00e1 el\ngrupo La Trakalosa de Monterrey.<\/p>\n<div class='share-to-whatsapp-wrapper'><div class='share-on-whsp'>Share on: <\/div><a data-text='Aplausos y ambiente de fiesta, en la coronaci\u00f3n de los Reyes del Carnaval de M\u00e9rida 2020 \"Adulto Mayor y con Discapacidad Motriz e Intelectual\"' data-link='https:\/\/visionpeninsular.com\/mid\/aplausos-y-ambiente-de-fiesta-en-la-coronacion-de-los-reyes-del-carnaval-de-merida-2020-adulto-mayor-y-con-discapacidad-motriz-e-intelectual\/' class='whatsapp-button whatsapp-share'>WhatsApp<\/a><div class='clear '><\/div><\/div>","protected":false},"excerpt":{"rendered":"<p>Ante unas ocho mil personas, el alcalde Ren\u00e1n Barrera Concha, acompa\u00f1ado de su esposa Diana Castillo Laviada, presidenta del DIF Municipal y sus hijos Ren\u00e1n y Daniel, se\u00f1al\u00f3 que M\u00e9rida es una ciudad incluyente y como tal, todos tienen derecho a la sana diversi\u00f3n en un marco de civilidad y respeto a las familias y &hellip;<\/p>\n","protected":false},"author":5,"featured_media":118581,"comment_status":"open","ping_status":"open","sticky":false,"template":"","format":"standard","meta":{"_mi_skip_tracking":false},"categories":[1],"tags":[19559,41,19296,19558],"_links":{"self":[{"href":"https:\/\/visionpeninsular.com\/mid\/wp-json\/wp\/v2\/posts\/118573"}],"collection":[{"href":"https:\/\/visionpeninsular.com\/mid\/wp-json\/wp\/v2\/posts"}],"about":[{"href":"https:\/\/visionpeninsular.com\/mid\/wp-json\/wp\/v2\/types\/post"}],"author":[{"embeddable":true,"href":"https:\/\/visionpeninsular.com\/mid\/wp-json\/wp\/v2\/users\/5"}],"replies":[{"embeddable":true,"href":"https:\/\/visionpeninsular.com\/mid\/wp-json\/wp\/v2\/comments?post=118573"}],"version-history":[{"count":1,"href":"https:\/\/visionpeninsular.com\/mid\/wp-json\/wp\/v2\/posts\/118573\/revisions"}],"predecessor-version":[{"id":118582,"href":"https:\/\/visionpeninsular.com\/mid\/wp-json\/wp\/v2\/posts\/118573\/revisions\/118582"}],"wp:featuredmedia":[{"embeddable":true,"href":"https:\/\/visionpeninsular.com\/mid\/wp-json\/wp\/v2\/media\/118581"}],"wp:attachment":[{"href":"https:\/\/visionpeninsular.com\/mid\/wp-json\/wp\/v2\/media?parent=118573"}],"wp:term":[{"taxonomy":"category","embeddable":true,"href":"https:\/\/visionpeninsular.com\/mid\/wp-json\/wp\/v2\/categories?post=118573"},{"taxonomy":"post_tag","embeddable":true,"href":"https:\/\/visionpeninsular.com\/mid\/wp-json\/wp\/v2\/tags?post=118573"}],"curies":[{"name":"wp","href":"https:\/\/api.w.org\/{rel}","templated":true}]}}