{"id":11849,"date":"2016-09-08T08:07:09","date_gmt":"2016-09-08T13:07:09","guid":{"rendered":"http:\/\/visionpeninsular.com\/mid\/?p=11849"},"modified":"2016-09-08T08:07:09","modified_gmt":"2016-09-08T13:07:09","slug":"jcrm-patrocina-viaje-de-joven-yucateco-a-olimpiada-de-matematicas-en-brasil","status":"publish","type":"post","link":"https:\/\/visionpeninsular.com\/mid\/jcrm-patrocina-viaje-de-joven-yucateco-a-olimpiada-de-matematicas-en-brasil\/","title":{"rendered":"JCRM patrocina viaje de joven yucateco a olimpiada de Matem\u00e1ticas en Brasil"},"content":{"rendered":"<p>Medalla de bronce en la Competencia Iberoamericana Interuniversitaria de Matem\u00e1ticas, que se llev\u00f3 a cabo el a\u00f1o pasado en la UNAM, el yucateco Gustavo Vargas de los Santos, estudiante de la Uady, representar\u00e1 a M\u00e9xico en el torneo que se celebrar\u00e1 en esta ocasi\u00f3n en Manaos, Brasil, con la ilusi\u00f3n de conseguir la ansiada medalla de oro.<\/p>\n<p>En torneos previos, el joven obtuvo sendas medallas de plata como estudiante de  preparatoria en las olimpiadas nacionales de San Luis Potos\u00ed y Guanajuato.  Luego de una pausa, retom\u00f3 su participaci\u00f3n el a\u00f1o pasado, ya como estudiante de la Licenciatura en Matem\u00e1ticas, obteniendo la de bronce  ante 65 competidores de Iberoam\u00e9rica.<\/p>\n<p>Ante su destacado desempe\u00f1o,  el joven yucateco fue invitado a representar al pa\u00eds, como parte de la delegaci\u00f3n mexicana, en la octava edici\u00f3n, que se llevar\u00e1 a cabo en Brasil del 11 al 17 de este mes, donde estar\u00e1n los mejores competidores de esta disciplina en el nivel universitario.<\/p>\n<p>Para realizar el viaje, a solicitud de su familia, Gustavo cont\u00f3 con el apoyo del diputado federal Jorge Carlos Ram\u00edrez Mar\u00edn, quien  lo recibi\u00f3 personalmente en sus oficinas hace unos d\u00edas  para desearle suerte y ofrecerle su respaldo, no s\u00f3lo para competir en Manaos, sino para proyectos futuros relacionados con la ense\u00f1anza de las matem\u00e1ticas.<\/p>\n<p>\u201cEst\u00e1 demostrado que las matem\u00e1ticas pueden hacer la diferencia en el desarrollo de un pa\u00eds, por eso digo que esta disciplina abre las puertas a la prosperidad y al futuro. Te felicito por lo que has logrado en torneos anteriores y, pues, depende de ti traer la de oro, as\u00ed que adelante Gustavo,  hazlo por Yucat\u00e1n y por M\u00e9xico\u201d, expres\u00f3 el diputado.<\/p>\n<p>El joven acudi\u00f3 a las oficinas con sus padres, Rub\u00e9n Vargas Alonzo, hoy jubilado de la Comisi\u00f3n Federal de Electricidad, y Patricia de los Santos Herrera, y  su hermano Rub\u00e9n, quien es abogado. La familia agradeci\u00f3 las atenciones  y el apoyo de Ram\u00edrez Mar\u00edn.<\/p>\n<p>Vargas Alonzo es amigo del diputado desde la preparatoria cuando ambos participaban en las elecciones estudiantiles.<\/p>\n<p>\u201cDesde muy peque\u00f1o le gustaban las matem\u00e1ticas, no s\u00e9 de d\u00f3nde le vino, pero mostraba su inclinaci\u00f3n por los n\u00fameros. No lo quer\u00edamos meter a la escuela para poder disfrutarlo, pero lloraba ir, as\u00ed que tuvimos que inscribirlo. Desde el k\u00ednder prefer\u00eda los n\u00fameros a las letras\u201d, relat\u00f3 la madre de Gustavo, quien lo ha impulsado en su formaci\u00f3n y lo ha acompa\u00f1ado a sus entrenamientos y competencias.<\/p>\n<p>La se\u00f1ora De los Santos coment\u00f3 que, por cuestiones de trabajo de su esposo en la CFE, tuvieron que dejar M\u00e9rida para vivir en varios estados. Fue por esa raz\u00f3n que, en secundaria, Gustavo represent\u00f3 a Campeche en un torneo de matem\u00e1ticas y, entre otros sitios, recibi\u00f3 entrenamientos intensivos en Colima y en Cuernavaca. La familia regres\u00f3 cuando el joven ingres\u00f3 a bachillerato, en la Preparatoria No. 2 de la Uady.<\/p>\n<p>Gustavo agradeci\u00f3 de nuevo la ayuda y ofreci\u00f3 realizar su mejor esfuerzo para  traer una medalla. Ser\u00e1n cinco d\u00edas de duras competencias. El joven estudia el s\u00e9ptimo semestre en la Facultad de Matem\u00e1ticas de la Uady -le falta un semestre para graduarse- y su deseo es estudiar la maestr\u00eda y luego el doctorado en esta disciplina.<\/p>\n<p>Como legislador, Ram\u00edrez Mar\u00edn ha apoyado a otros j\u00f3venes para participar en competencias internacionales, para desarrollar proyectos, tomar diplomados de innovaci\u00f3n, cursos de liderazgo y para concluir su titulaci\u00f3n, entre otras acciones.<\/p>\n<p>Recientemente, el vicecoordinador parlamentario del PRI en la C\u00e1mara de Diputados apoy\u00f3 a Ricardo de Jes\u00fas Balam Ek, originario de Tetiz, para participar en el Torneo Internacional de Matem\u00e1ticas de Chiang Mai, Tailandia, en el nivel de preparatoria. El joven forma parte tambi\u00e9n de la delegaci\u00f3n mexicana.<\/p>\n<div class='share-to-whatsapp-wrapper'><div class='share-on-whsp'>Share on: <\/div><a data-text='JCRM patrocina viaje de joven yucateco a olimpiada de Matem\u00e1ticas en Brasil' data-link='https:\/\/visionpeninsular.com\/mid\/jcrm-patrocina-viaje-de-joven-yucateco-a-olimpiada-de-matematicas-en-brasil\/' class='whatsapp-button whatsapp-share'>WhatsApp<\/a><div class='clear '><\/div><\/div>","protected":false},"excerpt":{"rendered":"<p>Medalla de bronce en la Competencia Iberoamericana Interuniversitaria de Matem\u00e1ticas, que se llev\u00f3 a cabo el a\u00f1o pasado en la UNAM, el yucateco Gustavo Vargas de los Santos, estudiante de la Uady, representar\u00e1 a M\u00e9xico en el torneo que se celebrar\u00e1 en esta ocasi\u00f3n en Manaos, Brasil, con la ilusi\u00f3n de conseguir la ansiada medalla &hellip;<\/p>\n","protected":false},"author":1,"featured_media":11850,"comment_status":"open","ping_status":"open","sticky":false,"template":"","format":"standard","meta":{"_mi_skip_tracking":false},"categories":[50],"tags":[623,2580],"_links":{"self":[{"href":"https:\/\/visionpeninsular.com\/mid\/wp-json\/wp\/v2\/posts\/11849"}],"collection":[{"href":"https:\/\/visionpeninsular.com\/mid\/wp-json\/wp\/v2\/posts"}],"about":[{"href":"https:\/\/visionpeninsular.com\/mid\/wp-json\/wp\/v2\/types\/post"}],"author":[{"embeddable":true,"href":"https:\/\/visionpeninsular.com\/mid\/wp-json\/wp\/v2\/users\/1"}],"replies":[{"embeddable":true,"href":"https:\/\/visionpeninsular.com\/mid\/wp-json\/wp\/v2\/comments?post=11849"}],"version-history":[{"count":1,"href":"https:\/\/visionpeninsular.com\/mid\/wp-json\/wp\/v2\/posts\/11849\/revisions"}],"predecessor-version":[{"id":11851,"href":"https:\/\/visionpeninsular.com\/mid\/wp-json\/wp\/v2\/posts\/11849\/revisions\/11851"}],"wp:featuredmedia":[{"embeddable":true,"href":"https:\/\/visionpeninsular.com\/mid\/wp-json\/wp\/v2\/media\/11850"}],"wp:attachment":[{"href":"https:\/\/visionpeninsular.com\/mid\/wp-json\/wp\/v2\/media?parent=11849"}],"wp:term":[{"taxonomy":"category","embeddable":true,"href":"https:\/\/visionpeninsular.com\/mid\/wp-json\/wp\/v2\/categories?post=11849"},{"taxonomy":"post_tag","embeddable":true,"href":"https:\/\/visionpeninsular.com\/mid\/wp-json\/wp\/v2\/tags?post=11849"}],"curies":[{"name":"wp","href":"https:\/\/api.w.org\/{rel}","templated":true}]}}