{"id":117960,"date":"2020-02-08T11:53:25","date_gmt":"2020-02-08T17:53:25","guid":{"rendered":"http:\/\/visionpeninsular.com\/mid\/?p=117960"},"modified":"2020-02-08T11:54:33","modified_gmt":"2020-02-08T17:54:33","slug":"ofrecen-terrazas-carnaval-con-servicio-de-meseros-para-disfrutar-del-carnaval-de-merida","status":"publish","type":"post","link":"https:\/\/visionpeninsular.com\/mid\/ofrecen-terrazas-carnaval-con-servicio-de-meseros-para-disfrutar-del-carnaval-de-merida\/","title":{"rendered":"Ofrecen Terrazas Carnaval con servicio de meseros para disfrutar del Carnaval de M\u00e9rida"},"content":{"rendered":"\n<p>Los asientos con esta atenci\u00f3n tienen un costo de 95 pesos<\/p>\n\n\n\n<p>Las Terrazas Carnaval es una las innovaciones que tendr\u00e1 en\nesta edici\u00f3n la fiesta en honor al \u201cRey Momo\u201d, que realizar\u00e1 el Ayuntamiento de\nM\u00e9rida, del 19 al 26 de febrero.<\/p>\n\n\n\n<p>Habr\u00e1 2 mil asientos que tendr\u00e1n un costo de 95 pesos cada\nuno, en una zona con mesas y hasta meseros, adem\u00e1s se contar\u00e1 con cinco guaguas\nque brindar\u00e1n servicio de transporte hasta sus asientos a los asistentes a la\nPlaza Carnaval.<\/p>\n\n\n\n<p>En esta edici\u00f3n, el carnaval de M\u00e9rida tiene como objetivo\nfomentar la lectura e imaginaci\u00f3n teniendo como tem\u00e1tica g\u00e9neros literarios\npara la inspiraci\u00f3n de espect\u00e1culos, vestuarios, comparsas y carros aleg\u00f3ricos.<\/p>\n\n\n\n<p>En rueda de prensa, que presidi\u00f3 el secretario ejecutivo del\nComit\u00e9 Permanente del Carnaval, \u00d3scar Cambranes Basulto, se dio a conocer que\neste jueves a partir de las 10 de la ma\u00f1ana iniciar\u00e1 la venta de los boletos de\n\u201cTerrazas Carnaval\u201d, con un costo de 95 pesos, con cargo por servicio de\nboletaje incluido, y est\u00e1n disponibles en tusboletos.mx.<\/p>\n\n\n\n<p>\u201cHubo personas que nos hicieron llegar sus comentarios para\nque se implementara una zona con boletos pagados como lo hac\u00edan cuando en el\nderrotero estaba en las calles del Centro de M\u00e9rida, porque les gusta llegar\nc\u00f3modamente media hora antes de que inicie el desfile, por lo que se estudi\u00f3 la\nposibilidad y se implement\u00f3 esta \u00e1rea de sillas con costo\u201d, explic\u00f3 Cambranes\nBasulto.<\/p>\n\n\n\n<p>Adem\u00e1s, en beneficio de todos los visitantes, habr\u00e1 un\ncircuito de transporte interno que facilitar\u00e1 el traslado a las zonas norte y\noriente del derrotero con cinco guaguas que har\u00e1n varios recorridos para que el\np\u00fablico camine menos y se distribuya mejor a lo largo de las gradas.<\/p>\n\n\n\n<p>Cambranes Basulto dio a conocer que el cuarto concierto del\nCarnaval de M\u00e9rida 2020, ser\u00e1 el lunes 24 de febrero con un gran duelo femenino\nentre Paquita la del Barrio y Alicia Villareal, que ser\u00e1 el cierre de un\nfestival norte\u00f1o, ya que previamente se presentar\u00e1n los grupos Cadetes de\nLinares, Cordiales de Nuevo Le\u00f3n y La Sonora Dinamita.<\/p>\n\n\n\n<p>Con \u00e9ste evento ser\u00e1n cuatro los conciertos en Ciudad\nCarnaval sum\u00e1ndose a los de Banda El Recodo (s\u00e1bado 22), Chayanne (domingo 23)\ny Moderatto\/El Gran Silencio (martes 25) anunciados anteriormente, en los que\nel 70 por ciento de los boletos ser\u00e1n gratuitos y el 30 por ciento tendr\u00e1 un\ncosto.<\/p>\n\n\n\n<p>Para tener acceso a los lugares sin costo del recinto no se\nrequiere un ticket o boleto.<\/p>\n\n\n\n<p>Transporte gratuito<\/p>\n\n\n\n<p>Cabe se\u00f1alar que habr\u00e1 transporte sin costo desde M\u00e9rida a\nCiudad Carnaval saliendo de distintos puntos: Centro en calle 69 entre 60 y 58,\nOriente en Plaza Patio M\u00e9rida y Poniente en Plaza Canek.<\/p>\n\n\n\n<p>Adultos mayores y personas con discapacidad, mujeres, ni\u00f1as\ny ni\u00f1os saldr\u00e1n desde el estacionamiento de Palacio Municipal.<\/p>\n\n\n\n<p>El s\u00e1bado 15 de febrero ser\u00e1 la coronaci\u00f3n de los reyes\ninfantiles y juveniles, y se presentar\u00e1 la obra musical Mowgli, el Ni\u00f1o de la\nSelva, en el Parque de B\u00e9isbol de la colonia Dolores Otero a las 6:30 de la\ntarde.<\/p>\n\n\n\n<p>El domingo 16 de febrero ser\u00e1 el turno de los Reyes de la\ntercera edad, con discapacidad intelectual y motriz, animar\u00e1 Grupo Ca\u00f1averal,\nen el Parque de F\u00fatbol \u201cIches Burgos\u201d de la colonia Chuburn\u00e1, a las 6:30 de la\ntarde.<\/p>\n\n\n\n<p>El mi\u00e9rcoles 19 de febrero ser\u00e1n coronados los Reyes del\nCarnaval y se realizar\u00e1 la Quema del Mal Humor en la Central de Abastos de\nM\u00e9rida. El evento ser\u00e1 animado por La Trakalosa de Monterrey, lo que marca el\ninicio del Carnaval de M\u00e9rida 2020.<\/p>\n<div class='share-to-whatsapp-wrapper'><div class='share-on-whsp'>Share on: <\/div><a data-text='Ofrecen Terrazas Carnaval con servicio de meseros para disfrutar del Carnaval de M\u00e9rida' data-link='https:\/\/visionpeninsular.com\/mid\/ofrecen-terrazas-carnaval-con-servicio-de-meseros-para-disfrutar-del-carnaval-de-merida\/' class='whatsapp-button whatsapp-share'>WhatsApp<\/a><div class='clear '><\/div><\/div>","protected":false},"excerpt":{"rendered":"<p>Los asientos con esta atenci\u00f3n tienen un costo de 95 pesos Las Terrazas Carnaval es una las innovaciones que tendr\u00e1 en esta edici\u00f3n la fiesta en honor al \u201cRey Momo\u201d, que realizar\u00e1 el Ayuntamiento de M\u00e9rida, del 19 al 26 de febrero. Habr\u00e1 2 mil asientos que tendr\u00e1n un costo de 95 pesos cada uno, &hellip;<\/p>\n","protected":false},"author":5,"featured_media":117962,"comment_status":"open","ping_status":"open","sticky":false,"template":"","format":"standard","meta":{"_mi_skip_tracking":false},"categories":[50,37],"tags":[19431,19296,19433],"_links":{"self":[{"href":"https:\/\/visionpeninsular.com\/mid\/wp-json\/wp\/v2\/posts\/117960"}],"collection":[{"href":"https:\/\/visionpeninsular.com\/mid\/wp-json\/wp\/v2\/posts"}],"about":[{"href":"https:\/\/visionpeninsular.com\/mid\/wp-json\/wp\/v2\/types\/post"}],"author":[{"embeddable":true,"href":"https:\/\/visionpeninsular.com\/mid\/wp-json\/wp\/v2\/users\/5"}],"replies":[{"embeddable":true,"href":"https:\/\/visionpeninsular.com\/mid\/wp-json\/wp\/v2\/comments?post=117960"}],"version-history":[{"count":1,"href":"https:\/\/visionpeninsular.com\/mid\/wp-json\/wp\/v2\/posts\/117960\/revisions"}],"predecessor-version":[{"id":117963,"href":"https:\/\/visionpeninsular.com\/mid\/wp-json\/wp\/v2\/posts\/117960\/revisions\/117963"}],"wp:featuredmedia":[{"embeddable":true,"href":"https:\/\/visionpeninsular.com\/mid\/wp-json\/wp\/v2\/media\/117962"}],"wp:attachment":[{"href":"https:\/\/visionpeninsular.com\/mid\/wp-json\/wp\/v2\/media?parent=117960"}],"wp:term":[{"taxonomy":"category","embeddable":true,"href":"https:\/\/visionpeninsular.com\/mid\/wp-json\/wp\/v2\/categories?post=117960"},{"taxonomy":"post_tag","embeddable":true,"href":"https:\/\/visionpeninsular.com\/mid\/wp-json\/wp\/v2\/tags?post=117960"}],"curies":[{"name":"wp","href":"https:\/\/api.w.org\/{rel}","templated":true}]}}