{"id":117858,"date":"2020-02-07T10:35:36","date_gmt":"2020-02-07T16:35:36","guid":{"rendered":"http:\/\/visionpeninsular.com\/mid\/?p=117858"},"modified":"2020-02-07T10:36:00","modified_gmt":"2020-02-07T16:36:00","slug":"asiste-renan-barrera-a-presenciar-ensayos-de-espectaculos-para-el-carnaval-2020","status":"publish","type":"post","link":"https:\/\/visionpeninsular.com\/mid\/asiste-renan-barrera-a-presenciar-ensayos-de-espectaculos-para-el-carnaval-2020\/","title":{"rendered":"Asiste Ren\u00e1n Barrera a presenciar ensayos de espect\u00e1culos para el Carnaval 2020"},"content":{"rendered":"\n<p><em>El alcalde Ren\u00e1n\nBarrera Concha asisti\u00f3 a las Instalaciones del Centro Municipal de Danza, para\nsaludar a quienes participan en los diferentes espect\u00e1culos que se presentar\u00e1n\nen el marco del Carnaval de M\u00e9rida 2020 \u201cDe historias e historietas\u201d.<\/em><\/p>\n\n\n\n<figure class=\"wp-block-image size-large\"><img loading=\"lazy\" width=\"692\" height=\"468\" src=\"http:\/\/visionpeninsular.com\/mid\/wp-content\/uploads\/2020\/02\/ensayos-4.png\" alt=\"\" class=\"wp-image-117863\" srcset=\"https:\/\/visionpeninsular.com\/mid\/wp-content\/uploads\/2020\/02\/ensayos-4.png 692w, https:\/\/visionpeninsular.com\/mid\/wp-content\/uploads\/2020\/02\/ensayos-4-300x203.png 300w, https:\/\/visionpeninsular.com\/mid\/wp-content\/uploads\/2020\/02\/ensayos-4-110x75.png 110w\" sizes=\"(max-width: 692px) 100vw, 692px\" \/><\/figure>\n\n\n\n<p>Acompa\u00f1ado de \u00d3scar Cambranes Basulto, secretario ejecutivo\ndel Comit\u00e9 Permanente del Carnaval e Irving Berl\u00edn Villafa\u00f1a, director de\nCultura, el Concejal recorri\u00f3 los diferentes espacios del Centro donde el\ncuerpo de baile de los shows \u201cLatina, m\u00fasica del alma\u201d, \u201cD\u00e9jame te cuento un\ncuento\u201d, \u201cBarrenderos\u201d y \u201cMowgli, el Ni\u00f1o de la selva, el musical\u201d ensayaban\nsus vistosas coreograf\u00edas.<\/p>\n\n\n\n<figure class=\"wp-block-image size-large\"><img loading=\"lazy\" width=\"712\" height=\"480\" src=\"http:\/\/visionpeninsular.com\/mid\/wp-content\/uploads\/2020\/02\/ensayos-2.png\" alt=\"\" class=\"wp-image-117861\" srcset=\"https:\/\/visionpeninsular.com\/mid\/wp-content\/uploads\/2020\/02\/ensayos-2.png 712w, https:\/\/visionpeninsular.com\/mid\/wp-content\/uploads\/2020\/02\/ensayos-2-300x202.png 300w, https:\/\/visionpeninsular.com\/mid\/wp-content\/uploads\/2020\/02\/ensayos-2-110x75.png 110w\" sizes=\"(max-width: 712px) 100vw, 712px\" \/><\/figure>\n\n\n\n<p>Durante un mensaje dirigido a todos los integrantes de las\ncomparsas y espect\u00e1culos, Barrera Concha, los exhort\u00f3 a demostrar que \u201cen\nM\u00e9rida sabemos disfrutar nuestras costumbres y valorar nuestras tradiciones,\nporque este festejo se convierte en nuestra mejor carta de presentaci\u00f3n y nos\nsentimos orgullosos de que si algo nos distingue, es precisamente que, quienes\nnos visiten, llegar\u00e1n a una ciudad segura, con m\u00faltiples atractivos culturales,\nart\u00edsticos y gastron\u00f3micos para disfrutar\u201d.<\/p>\n\n\n\n<figure class=\"wp-block-image size-large\"><img loading=\"lazy\" width=\"564\" height=\"480\" src=\"http:\/\/visionpeninsular.com\/mid\/wp-content\/uploads\/2020\/02\/ensayos-3.png\" alt=\"\" class=\"wp-image-117862\" srcset=\"https:\/\/visionpeninsular.com\/mid\/wp-content\/uploads\/2020\/02\/ensayos-3.png 564w, https:\/\/visionpeninsular.com\/mid\/wp-content\/uploads\/2020\/02\/ensayos-3-300x255.png 300w\" sizes=\"(max-width: 564px) 100vw, 564px\" \/><\/figure>\n\n\n\n<p>En los ensayos tambi\u00e9n estuvieron presentes los reyes del Carnaval de M\u00e9rida 2020, Paola Novelo Boj\u00f3rquez e Isaac Alonzo Puerto; Larissa Ancona Garc\u00eda y Jos\u00e9 Mar\u00eda Hu Espadas, reyes con discapacidad intelectual; Cynthia Paola Rinc\u00f3n S\u00e1nchez y Jes\u00fas Alberto Garc\u00eda Castillo, reyes con discapacidad motriz; Magdalena N\u00e1jera Pozo y Eleazar Efra\u00edn Ambrosio Toro, reyes de la tercera edad; Fayne Pat Aberto y Benjam\u00edn Cervera Boj\u00f3rquez, reyes infantiles y Alexia P\u00e9rez Blanco y Joshua Chan Chi, reyes juveniles.<\/p>\n<div class='share-to-whatsapp-wrapper'><div class='share-on-whsp'>Share on: <\/div><a data-text='Asiste Ren\u00e1n Barrera a presenciar ensayos de espect\u00e1culos para el Carnaval 2020' data-link='https:\/\/visionpeninsular.com\/mid\/asiste-renan-barrera-a-presenciar-ensayos-de-espectaculos-para-el-carnaval-2020\/' class='whatsapp-button whatsapp-share'>WhatsApp<\/a><div class='clear '><\/div><\/div>","protected":false},"excerpt":{"rendered":"<p>El alcalde Ren\u00e1n Barrera Concha asisti\u00f3 a las Instalaciones del Centro Municipal de Danza, para saludar a quienes participan en los diferentes espect\u00e1culos que se presentar\u00e1n en el marco del Carnaval de M\u00e9rida 2020 \u201cDe historias e historietas\u201d. Acompa\u00f1ado de \u00d3scar Cambranes Basulto, secretario ejecutivo del Comit\u00e9 Permanente del Carnaval e Irving Berl\u00edn Villafa\u00f1a, director &hellip;<\/p>\n","protected":false},"author":5,"featured_media":117860,"comment_status":"open","ping_status":"open","sticky":false,"template":"","format":"standard","meta":{"_mi_skip_tracking":false},"categories":[50,37],"tags":[],"_links":{"self":[{"href":"https:\/\/visionpeninsular.com\/mid\/wp-json\/wp\/v2\/posts\/117858"}],"collection":[{"href":"https:\/\/visionpeninsular.com\/mid\/wp-json\/wp\/v2\/posts"}],"about":[{"href":"https:\/\/visionpeninsular.com\/mid\/wp-json\/wp\/v2\/types\/post"}],"author":[{"embeddable":true,"href":"https:\/\/visionpeninsular.com\/mid\/wp-json\/wp\/v2\/users\/5"}],"replies":[{"embeddable":true,"href":"https:\/\/visionpeninsular.com\/mid\/wp-json\/wp\/v2\/comments?post=117858"}],"version-history":[{"count":1,"href":"https:\/\/visionpeninsular.com\/mid\/wp-json\/wp\/v2\/posts\/117858\/revisions"}],"predecessor-version":[{"id":117864,"href":"https:\/\/visionpeninsular.com\/mid\/wp-json\/wp\/v2\/posts\/117858\/revisions\/117864"}],"wp:featuredmedia":[{"embeddable":true,"href":"https:\/\/visionpeninsular.com\/mid\/wp-json\/wp\/v2\/media\/117860"}],"wp:attachment":[{"href":"https:\/\/visionpeninsular.com\/mid\/wp-json\/wp\/v2\/media?parent=117858"}],"wp:term":[{"taxonomy":"category","embeddable":true,"href":"https:\/\/visionpeninsular.com\/mid\/wp-json\/wp\/v2\/categories?post=117858"},{"taxonomy":"post_tag","embeddable":true,"href":"https:\/\/visionpeninsular.com\/mid\/wp-json\/wp\/v2\/tags?post=117858"}],"curies":[{"name":"wp","href":"https:\/\/api.w.org\/{rel}","templated":true}]}}