{"id":117823,"date":"2020-02-06T11:47:59","date_gmt":"2020-02-06T17:47:59","guid":{"rendered":"http:\/\/visionpeninsular.com\/mid\/?p=117823"},"modified":"2020-02-06T11:48:12","modified_gmt":"2020-02-06T17:48:12","slug":"maestros-inician-huelga-en-el-tecnologico-de-merida","status":"publish","type":"post","link":"https:\/\/visionpeninsular.com\/mid\/maestros-inician-huelga-en-el-tecnologico-de-merida\/","title":{"rendered":"Maestros inician huelga  en el Tecnol\u00f3gico de M\u00e9rida"},"content":{"rendered":"\n<p>Como respuesta a la designaci\u00f3n como director del Instituto\nTecnol\u00f3gico de M\u00e9rida, de H\u00e9berth de Jes\u00fas D\u00edaz Flores, los maestros de los\ncampus Norte y Poniente de la instituci\u00f3n realizaron la ma\u00f1ana de este jueves\nuna huelga como inicio de las protestas que los docentes realizar\u00e1n hasta que\nsus demandas sean atendidas por las autoridades correspondientes.<\/p>\n\n\n\n<p>La demanda principal, &nbsp;es la destituci\u00f3n del actual director, a quien\nacusan de distintas irregularidades en sus funciones como subdirector\nacad\u00e9mico. <\/p>\n\n\n\n<p>Ante el paro de los docentes, quienes se abstuvieron de\nimpartir clases,&nbsp; los alumnos optaron por\nabandonar los salones y&nbsp; mostrar&nbsp; solidaridad con sus profesores.<\/p>\n\n\n\n<p>La Direcci\u00f3n General de Institutos Tecnol\u00f3gicos del pa\u00eds no\nha dado una postura sobre la petici\u00f3n de los docentes del Instituto Tecnol\u00f3gico\nde M\u00e9rida.<\/p>\n<div class='share-to-whatsapp-wrapper'><div class='share-on-whsp'>Share on: <\/div><a data-text='Maestros inician huelga  en el Tecnol\u00f3gico de M\u00e9rida' data-link='https:\/\/visionpeninsular.com\/mid\/maestros-inician-huelga-en-el-tecnologico-de-merida\/' class='whatsapp-button whatsapp-share'>WhatsApp<\/a><div class='clear '><\/div><\/div>","protected":false},"excerpt":{"rendered":"<p>Como respuesta a la designaci\u00f3n como director del Instituto Tecnol\u00f3gico de M\u00e9rida, de H\u00e9berth de Jes\u00fas D\u00edaz Flores, los maestros de los campus Norte y Poniente de la instituci\u00f3n realizaron la ma\u00f1ana de este jueves una huelga como inicio de las protestas que los docentes realizar\u00e1n hasta que sus demandas sean atendidas por las autoridades &hellip;<\/p>\n","protected":false},"author":5,"featured_media":117825,"comment_status":"open","ping_status":"open","sticky":false,"template":"","format":"standard","meta":{"_mi_skip_tracking":false},"categories":[50,37],"tags":[19401,9102,19400],"_links":{"self":[{"href":"https:\/\/visionpeninsular.com\/mid\/wp-json\/wp\/v2\/posts\/117823"}],"collection":[{"href":"https:\/\/visionpeninsular.com\/mid\/wp-json\/wp\/v2\/posts"}],"about":[{"href":"https:\/\/visionpeninsular.com\/mid\/wp-json\/wp\/v2\/types\/post"}],"author":[{"embeddable":true,"href":"https:\/\/visionpeninsular.com\/mid\/wp-json\/wp\/v2\/users\/5"}],"replies":[{"embeddable":true,"href":"https:\/\/visionpeninsular.com\/mid\/wp-json\/wp\/v2\/comments?post=117823"}],"version-history":[{"count":1,"href":"https:\/\/visionpeninsular.com\/mid\/wp-json\/wp\/v2\/posts\/117823\/revisions"}],"predecessor-version":[{"id":117826,"href":"https:\/\/visionpeninsular.com\/mid\/wp-json\/wp\/v2\/posts\/117823\/revisions\/117826"}],"wp:featuredmedia":[{"embeddable":true,"href":"https:\/\/visionpeninsular.com\/mid\/wp-json\/wp\/v2\/media\/117825"}],"wp:attachment":[{"href":"https:\/\/visionpeninsular.com\/mid\/wp-json\/wp\/v2\/media?parent=117823"}],"wp:term":[{"taxonomy":"category","embeddable":true,"href":"https:\/\/visionpeninsular.com\/mid\/wp-json\/wp\/v2\/categories?post=117823"},{"taxonomy":"post_tag","embeddable":true,"href":"https:\/\/visionpeninsular.com\/mid\/wp-json\/wp\/v2\/tags?post=117823"}],"curies":[{"name":"wp","href":"https:\/\/api.w.org\/{rel}","templated":true}]}}