{"id":117818,"date":"2020-02-06T11:14:44","date_gmt":"2020-02-06T17:14:44","guid":{"rendered":"http:\/\/visionpeninsular.com\/mid\/?p=117818"},"modified":"2020-02-06T11:14:53","modified_gmt":"2020-02-06T17:14:53","slug":"concanaco-en-contra-de-la-eliminacion-de-puentes-vacacionales","status":"publish","type":"post","link":"https:\/\/visionpeninsular.com\/mid\/concanaco-en-contra-de-la-eliminacion-de-puentes-vacacionales\/","title":{"rendered":"CONCANACO en contra de la eliminaci\u00f3n de puentes vacacionales"},"content":{"rendered":"\n<p>La Confederaci\u00f3n de C\u00e1maras Nacionales de Comercio,\nServicios y Turismo (CONCANACO SERVYTUR) se pronunci\u00f3 a favor de que se\nmantengan los fines de semana largos, cercanos a la conmemoraci\u00f3n de las fechas\nhist\u00f3ricas importantes, para evitar afectaciones a la econom\u00eda del pa\u00eds.<\/p>\n\n\n\n<p>El presidente de la CONCANACO, Jos\u00e9 Manuel L\u00f3pez Campos,\npuntualiz\u00f3 que la propuesta de cambiarse los d\u00edas de asuetos oficiales y\neliminar los fines de semana largos impactar\u00eda negativamente a sectores\nproductivos importantes como el comercio y el turismo.<\/p>\n\n\n\n<p>Destac\u00f3 que la justificaci\u00f3n del fortalecimiento de la\nmemoria hist\u00f3rica para modificar el actual calendario de d\u00edas inh\u00e1biles es algo\nque se aprecia y es de gran importancia.<\/p>\n\n\n\n<p>Sin embargo, esta es una tarea que se debe de trabajar desde\nlas familias y las escuelas, porque est\u00e1n relacionados con la educaci\u00f3n y con\ninculcar los valores c\u00edvicos a los mexicanos desde la ni\u00f1ez.<\/p>\n\n\n\n<p>Subray\u00f3 que ante la coyuntura que atraviesa M\u00e9xico, donde\nnecesita ser m\u00e1s productivo y competitivo a nivel global, porque estamos en la\nantesala del Tratado M\u00e9xico-Estados Unidos y Canad\u00e1, se corre el riesgo de que\nlas celebraciones que coinciden en media semana generen ausentismo laboral y\nescolar.<\/p>\n\n\n\n<p>\u201cLa idea de correr esos d\u00edas inh\u00e1biles al lunes anterior es\npara ordenar los d\u00edas de asueto y fomentar el turismo social, adem\u00e1s de generar\nmejores condiciones de bienestar para los trabajadores y educandos\u201d, anot\u00f3.<\/p>\n\n\n\n<p>L\u00f3pez Campos record\u00f3 que recientemente se aprob\u00f3 la Norma\n035 donde se destaca el tema del estr\u00e9s laboral, y se\u00f1ala que hay que atender\nla producci\u00f3n de los trabajadores, pero tambi\u00e9n su salud f\u00edsica y mental.<\/p>\n\n\n\n<p>De igual forma, dijo, esos d\u00edas representan una oportunidad\npara la convivencia familiar, brindan la oportunidad de salir a visitar lugares\ncercanos de sus comunidades, conocer nuevos sitios y aumentar el nivel cultural\nde los ni\u00f1os, j\u00f3venes y adultos, pero en especial ayuda a fortalecer el tejido\nsocial.<\/p>\n\n\n\n<p>Sostuvo que con los llamados fines de semana largos se les\nda la posibilidad a los trabajadores de convivir con sus familias, conocer\ndestinos tur\u00edsticos del pa\u00eds y reafirmar el sentido de identidad.<\/p>\n\n\n\n<p>Estos d\u00edas de asueto generan un gran movimiento y derrama\necon\u00f3mica, tan solo el m\u00e1s reciente \u201cfin de semana largo\u201d del 1 al 3 de\nfebrero, se movilizaron un mill\u00f3n 600 mil turistas, seg\u00fan datos de Sectur, que\ndejaron 4 mil millones de pesos s\u00f3lo por concepto de hospedaje y una ocupaci\u00f3n\nhotelera del 62 por ciento.<\/p>\n\n\n\n<p>Estos d\u00edas de descanso, resalt\u00f3, aumentan el uso de\ntransporte for\u00e1neo, el consumo de alimentos en restaurantes y la afluencia, en\ncentros de entretenimiento, fortalecen el consumo interno y la proveedur\u00eda\nlocal.<\/p>\n\n\n\n<p>Al respecto, advirti\u00f3 que, de llegarse a eliminar los fines\nde semana largos, ser\u00edan afectados Pueblos M\u00e1gicos, destinos tur\u00edsticos\ncercanos a las metr\u00f3polis, puertos y lugares que son elegidos para visitar esos\nd\u00edas de asueto.<\/p>\n\n\n\n<p>Adem\u00e1s, en el \u00e1rea comercial se afectar\u00eda al programa que\nm\u00e1s \u00e9xito ha tenido en el pa\u00eds, El Buen Fin, que se realiza en un fin de semana\nlargo, que coincide con el d\u00eda inh\u00e1bil correspondiente al lunes anterior al 20\nde noviembre, y que tan solo en 2019 gener\u00f3 una derrama de 120 mil millones de\npesos, subray\u00f3.<\/p>\n<div class='share-to-whatsapp-wrapper'><div class='share-on-whsp'>Share on: <\/div><a data-text='CONCANACO en contra de la eliminaci\u00f3n de puentes vacacionales' data-link='https:\/\/visionpeninsular.com\/mid\/concanaco-en-contra-de-la-eliminacion-de-puentes-vacacionales\/' class='whatsapp-button whatsapp-share'>WhatsApp<\/a><div class='clear '><\/div><\/div>","protected":false},"excerpt":{"rendered":"<p>La Confederaci\u00f3n de C\u00e1maras Nacionales de Comercio, Servicios y Turismo (CONCANACO SERVYTUR) se pronunci\u00f3 a favor de que se mantengan los fines de semana largos, cercanos a la conmemoraci\u00f3n de las fechas hist\u00f3ricas importantes, para evitar afectaciones a la econom\u00eda del pa\u00eds. El presidente de la CONCANACO, Jos\u00e9 Manuel L\u00f3pez Campos, puntualiz\u00f3 que la propuesta &hellip;<\/p>\n","protected":false},"author":5,"featured_media":117820,"comment_status":"open","ping_status":"open","sticky":false,"template":"","format":"standard","meta":{"_mi_skip_tracking":false},"categories":[50,37],"tags":[19398,19399],"_links":{"self":[{"href":"https:\/\/visionpeninsular.com\/mid\/wp-json\/wp\/v2\/posts\/117818"}],"collection":[{"href":"https:\/\/visionpeninsular.com\/mid\/wp-json\/wp\/v2\/posts"}],"about":[{"href":"https:\/\/visionpeninsular.com\/mid\/wp-json\/wp\/v2\/types\/post"}],"author":[{"embeddable":true,"href":"https:\/\/visionpeninsular.com\/mid\/wp-json\/wp\/v2\/users\/5"}],"replies":[{"embeddable":true,"href":"https:\/\/visionpeninsular.com\/mid\/wp-json\/wp\/v2\/comments?post=117818"}],"version-history":[{"count":1,"href":"https:\/\/visionpeninsular.com\/mid\/wp-json\/wp\/v2\/posts\/117818\/revisions"}],"predecessor-version":[{"id":117821,"href":"https:\/\/visionpeninsular.com\/mid\/wp-json\/wp\/v2\/posts\/117818\/revisions\/117821"}],"wp:featuredmedia":[{"embeddable":true,"href":"https:\/\/visionpeninsular.com\/mid\/wp-json\/wp\/v2\/media\/117820"}],"wp:attachment":[{"href":"https:\/\/visionpeninsular.com\/mid\/wp-json\/wp\/v2\/media?parent=117818"}],"wp:term":[{"taxonomy":"category","embeddable":true,"href":"https:\/\/visionpeninsular.com\/mid\/wp-json\/wp\/v2\/categories?post=117818"},{"taxonomy":"post_tag","embeddable":true,"href":"https:\/\/visionpeninsular.com\/mid\/wp-json\/wp\/v2\/tags?post=117818"}],"curies":[{"name":"wp","href":"https:\/\/api.w.org\/{rel}","templated":true}]}}