{"id":117766,"date":"2020-02-05T10:20:55","date_gmt":"2020-02-05T16:20:55","guid":{"rendered":"http:\/\/visionpeninsular.com\/mid\/?p=117766"},"modified":"2020-02-05T10:21:04","modified_gmt":"2020-02-05T16:21:04","slug":"viajara-a-ee-uu-primer-grupo-de-cabecitas-blancas","status":"publish","type":"post","link":"https:\/\/visionpeninsular.com\/mid\/viajara-a-ee-uu-primer-grupo-de-cabecitas-blancas\/","title":{"rendered":"Viajar\u00e1 a EE.UU primer grupo de \u201cCabecitas Blancas\u201d"},"content":{"rendered":"\n<p>Un grupo de 60 personas integran el primer grupo del\nprograma \u201cCabecitas Blancas\u201d que viajar\u00e1 este 12 de febrero a Estados Unidos,\nseg\u00fan dio a conocer el director e INDEMAYA, Erick Villanueva Mukul, quien\ndestac\u00f3 que hay muchas solicitudes y este ser\u00e1 el primero que viaje este a\u00f1o;\nen 2019, fueron 180 los participantes en este programa.<\/p>\n\n\n\n<p>El secretario de Desarrollo Social, Roger Torres Peniche y\nel director del Instituto de Desarrollo de la Cultura Maya del Estado de\nYucat\u00e1n, Villanueva Mukul, entregaron la documentaci\u00f3n correspondiente a\nyucatecos provenientes de 13 municipios, entre ellos Peto, Oxkutzcab, Muna y\nTicul.<\/p>\n\n\n\n<p>&nbsp;Villanueva Mukul explic\u00f3\nque, este primer grupo de personas viajar\u00e1 el 12 de febrero y deber\u00e1n retornar\nel 1 de abril. Destac\u00f3 que, el 70 de los integrantes de este grupo son mujeres,\nque han cumplido con los requisitos exigidos por el gobierno de los Estados\nUnidos y se trasladar\u00e1n desde M\u00e9rida hacia Houston y posteriormente a 14\nciudades, primordialmente del estado de California, donde ya los esperan sus\nfamiliares.<\/p>\n\n\n\n<p>Detall\u00f3 que una vez m\u00e1s el Consulado General de los Estados\nUnidos ha sido muy \u00e1gil en la entrega del visado, estableciendo que, todos los\nsolicitantes cumplieron con la entrevista regular que exige este organismo\ndiplom\u00e1tico, estableciendo que, hace m\u00e1s de 10 a\u00f1os que no ven a sus\nfamiliares.<\/p>\n\n\n\n<p>Asimismo, se\u00f1al\u00f3 que Indemaya espera agilizar a\u00fan m\u00e1s la\nagenda de este programa, porque son muchas las solicitudes que se han\npresentado para poder viajar en este sistema que les permite un acompa\u00f1amiento\ndocumental, &nbsp;la gesti\u00f3n ante las\nautoridades consulares y el seguimiento de sus procesos legales, para completar\nsus documentos y requerimientos que exige las diferentes instituciones.<\/p>\n\n\n\n<p>\u201cPara este a\u00f1o esperamos superar la meta de 180 personas de\n2019, generar una mayor comunicaci\u00f3n entre las familias y acercar las\nposibilidades a que muchas m\u00e1s personas puedan participar. Est\u00e1 claro que el\ngobierno del estado es facilitador de este programa, acompa\u00f1a cada tr\u00e1mite e\ninterviene en la gesti\u00f3n de solicitud de visado, ya que de otra manera es mucho\nm\u00e1s complicado y lento\u201d, finaliz\u00f3.<\/p>\n<div class='share-to-whatsapp-wrapper'><div class='share-on-whsp'>Share on: <\/div><a data-text='Viajar\u00e1 a EE.UU primer grupo de \u201cCabecitas Blancas\u201d' data-link='https:\/\/visionpeninsular.com\/mid\/viajara-a-ee-uu-primer-grupo-de-cabecitas-blancas\/' class='whatsapp-button whatsapp-share'>WhatsApp<\/a><div class='clear '><\/div><\/div>","protected":false},"excerpt":{"rendered":"<p>Un grupo de 60 personas integran el primer grupo del programa \u201cCabecitas Blancas\u201d que viajar\u00e1 este 12 de febrero a Estados Unidos, seg\u00fan dio a conocer el director e INDEMAYA, Erick Villanueva Mukul, quien destac\u00f3 que hay muchas solicitudes y este ser\u00e1 el primero que viaje este a\u00f1o; en 2019, fueron 180 los participantes en &hellip;<\/p>\n","protected":false},"author":5,"featured_media":117768,"comment_status":"open","ping_status":"open","sticky":false,"template":"","format":"standard","meta":{"_mi_skip_tracking":false},"categories":[50,37],"tags":[8055,383,19382],"_links":{"self":[{"href":"https:\/\/visionpeninsular.com\/mid\/wp-json\/wp\/v2\/posts\/117766"}],"collection":[{"href":"https:\/\/visionpeninsular.com\/mid\/wp-json\/wp\/v2\/posts"}],"about":[{"href":"https:\/\/visionpeninsular.com\/mid\/wp-json\/wp\/v2\/types\/post"}],"author":[{"embeddable":true,"href":"https:\/\/visionpeninsular.com\/mid\/wp-json\/wp\/v2\/users\/5"}],"replies":[{"embeddable":true,"href":"https:\/\/visionpeninsular.com\/mid\/wp-json\/wp\/v2\/comments?post=117766"}],"version-history":[{"count":1,"href":"https:\/\/visionpeninsular.com\/mid\/wp-json\/wp\/v2\/posts\/117766\/revisions"}],"predecessor-version":[{"id":117769,"href":"https:\/\/visionpeninsular.com\/mid\/wp-json\/wp\/v2\/posts\/117766\/revisions\/117769"}],"wp:featuredmedia":[{"embeddable":true,"href":"https:\/\/visionpeninsular.com\/mid\/wp-json\/wp\/v2\/media\/117768"}],"wp:attachment":[{"href":"https:\/\/visionpeninsular.com\/mid\/wp-json\/wp\/v2\/media?parent=117766"}],"wp:term":[{"taxonomy":"category","embeddable":true,"href":"https:\/\/visionpeninsular.com\/mid\/wp-json\/wp\/v2\/categories?post=117766"},{"taxonomy":"post_tag","embeddable":true,"href":"https:\/\/visionpeninsular.com\/mid\/wp-json\/wp\/v2\/tags?post=117766"}],"curies":[{"name":"wp","href":"https:\/\/api.w.org\/{rel}","templated":true}]}}