{"id":11768,"date":"2016-09-08T05:11:22","date_gmt":"2016-09-08T10:11:22","guid":{"rendered":"http:\/\/visionpeninsular.com\/mid\/?p=11768"},"modified":"2016-09-08T05:11:22","modified_gmt":"2016-09-08T10:11:22","slug":"pan-prd-confirman-alianza-para-el-2017-en-cdmx","status":"publish","type":"post","link":"https:\/\/visionpeninsular.com\/mid\/pan-prd-confirman-alianza-para-el-2017-en-cdmx\/","title":{"rendered":"PAN-PRD confirman alianza para el 2017 en CDMX"},"content":{"rendered":"<p>El dirigente del Partido Acci\u00f3n Nacional (PAN) en el Estado de M\u00e9xico, V\u00edctor Hugo Sond\u00f3n Saavedra, confirm\u00f3 que para el proceso electoral del 2017 en citada ciudad ir\u00e1n en alianza con el PRD debido al proyecto que ya han avanzado en conjunto. <\/p>\n<p>Mientras que la dirigente nacional del PRD, Alejandra Barrales Magdaleno, explic\u00f3 que s\u00f3lo existe una sola condici\u00f3n por parte del blanquiazul, que es tener la disponibilidad de construir y de revisar el documento que ya se hab\u00eda hecho con antelaci\u00f3n.<\/p>\n<p>Y contin\u00fao se\u00f1alado que es necesario elegir a conciencia al candidato que impulsar\u00e1n en coalici\u00f3n para concretar la alianza. <\/p>\n<div class='share-to-whatsapp-wrapper'><div class='share-on-whsp'>Share on: <\/div><a data-text='PAN-PRD confirman alianza para el 2017 en CDMX' data-link='https:\/\/visionpeninsular.com\/mid\/pan-prd-confirman-alianza-para-el-2017-en-cdmx\/' class='whatsapp-button whatsapp-share'>WhatsApp<\/a><div class='clear '><\/div><\/div>","protected":false},"excerpt":{"rendered":"<p>El dirigente del Partido Acci\u00f3n Nacional (PAN) en el Estado de M\u00e9xico, V\u00edctor Hugo Sond\u00f3n Saavedra, confirm\u00f3 que para el proceso electoral del 2017 en citada ciudad ir\u00e1n en alianza con el PRD debido al proyecto que ya han avanzado en conjunto. Mientras que la dirigente nacional del PRD, Alejandra Barrales Magdaleno, explic\u00f3 que s\u00f3lo &hellip;<\/p>\n","protected":false},"author":1,"featured_media":11769,"comment_status":"open","ping_status":"open","sticky":false,"template":"","format":"standard","meta":{"_mi_skip_tracking":false},"categories":[50],"tags":[1260,157,516],"_links":{"self":[{"href":"https:\/\/visionpeninsular.com\/mid\/wp-json\/wp\/v2\/posts\/11768"}],"collection":[{"href":"https:\/\/visionpeninsular.com\/mid\/wp-json\/wp\/v2\/posts"}],"about":[{"href":"https:\/\/visionpeninsular.com\/mid\/wp-json\/wp\/v2\/types\/post"}],"author":[{"embeddable":true,"href":"https:\/\/visionpeninsular.com\/mid\/wp-json\/wp\/v2\/users\/1"}],"replies":[{"embeddable":true,"href":"https:\/\/visionpeninsular.com\/mid\/wp-json\/wp\/v2\/comments?post=11768"}],"version-history":[{"count":1,"href":"https:\/\/visionpeninsular.com\/mid\/wp-json\/wp\/v2\/posts\/11768\/revisions"}],"predecessor-version":[{"id":11770,"href":"https:\/\/visionpeninsular.com\/mid\/wp-json\/wp\/v2\/posts\/11768\/revisions\/11770"}],"wp:featuredmedia":[{"embeddable":true,"href":"https:\/\/visionpeninsular.com\/mid\/wp-json\/wp\/v2\/media\/11769"}],"wp:attachment":[{"href":"https:\/\/visionpeninsular.com\/mid\/wp-json\/wp\/v2\/media?parent=11768"}],"wp:term":[{"taxonomy":"category","embeddable":true,"href":"https:\/\/visionpeninsular.com\/mid\/wp-json\/wp\/v2\/categories?post=11768"},{"taxonomy":"post_tag","embeddable":true,"href":"https:\/\/visionpeninsular.com\/mid\/wp-json\/wp\/v2\/tags?post=11768"}],"curies":[{"name":"wp","href":"https:\/\/api.w.org\/{rel}","templated":true}]}}