{"id":117520,"date":"2020-02-01T17:52:02","date_gmt":"2020-02-01T23:52:02","guid":{"rendered":"http:\/\/visionpeninsular.com\/mid\/?p=117520"},"modified":"2020-02-01T17:52:10","modified_gmt":"2020-02-01T23:52:10","slug":"arranca-en-celestun-la-segunda-edicion-del-festival-de-la-veda","status":"publish","type":"post","link":"https:\/\/visionpeninsular.com\/mid\/arranca-en-celestun-la-segunda-edicion-del-festival-de-la-veda\/","title":{"rendered":"Arranca en Celest\u00fan la segunda edici\u00f3n del Festival de la Veda"},"content":{"rendered":"\n<p><em>-El Festival de la\nVeda 2020 se realiza del 1 de febrero al 31 de marzo en los puertos de Yucat\u00e1n -El\nFestival inici\u00f3 con la limpieza de la playa de Celest\u00fan y posteriormente\nvisitantes y pobladores disfrutaron de la puesta en escena de la banda de\nmarcha Muuk Balam.<\/em><\/p>\n\n\n\n<p><em>-Esta segunda edici\u00f3n\nviene con diversas novedades como la realizaci\u00f3n de festivales simult\u00e1neos, as\u00ed\ncomo eventos deportivos como el Oceanman 2020 y una exhibici\u00f3n del World P\u00e1del\nTour.<\/em><\/p>\n\n\n\n<p>Con una amplia gama de actividades culturales, tur\u00edsticas,\ndeportivas, experiencias gastron\u00f3micas y actividades sustentables que reactivan\nla econom\u00eda de 15 puntos costeros de 10 municipios del estado, a trav\u00e9s del\nfomento tur\u00edstico, inicia el Festival de la Veda 2020 en el puerto de Celest\u00fan.<\/p>\n\n\n\n<p>A lo largo de los dos meses que dura la veda del mero, del 1\nde febrero al 31 de marzo, el Festival de la Veda 2020 cada fin de semana\nllevar\u00e1 a diferentes puertos de Yucat\u00e1n, una variedad de atractivos eventos que\nfomentan la econom\u00eda de los pobladores a trav\u00e9s de la promoci\u00f3n tur\u00edstica,\ncreando trabajos adicionales para los pescadores como prestadores de servicios\ntur\u00edsticos durante la temporada en la que no pueden salir a pescar mero y\nobtener un ingreso econ\u00f3mico extra.<\/p>\n\n\n\n<figure class=\"wp-block-image size-large\"><img loading=\"lazy\" width=\"1024\" height=\"682\" src=\"http:\/\/visionpeninsular.com\/mid\/wp-content\/uploads\/2020\/02\/celest\u00fan-3-1024x682.jpg\" alt=\"\" class=\"wp-image-117523\" srcset=\"https:\/\/visionpeninsular.com\/mid\/wp-content\/uploads\/2020\/02\/celest\u00fan-3-1024x682.jpg 1024w, https:\/\/visionpeninsular.com\/mid\/wp-content\/uploads\/2020\/02\/celest\u00fan-3-300x200.jpg 300w, https:\/\/visionpeninsular.com\/mid\/wp-content\/uploads\/2020\/02\/celest\u00fan-3-768x512.jpg 768w, https:\/\/visionpeninsular.com\/mid\/wp-content\/uploads\/2020\/02\/celest\u00fan-3-310x205.jpg 310w, https:\/\/visionpeninsular.com\/mid\/wp-content\/uploads\/2020\/02\/celest\u00fan-3.jpg 1280w\" sizes=\"(max-width: 1024px) 100vw, 1024px\" \/><\/figure>\n\n\n\n<p>En los bajos del Palacio Municipal de Celest\u00fan, se llev\u00f3 a\ncabo la inauguraci\u00f3n de la segunda edici\u00f3n del Festival de la Veda engalanada\npor la banda de marcha Muuk Balam, donde posteriormente se realiz\u00f3 el corte de\nlist\u00f3n inaugural que marca el inicio de la segunda edici\u00f3n del exitoso\nfestival, por lo que propios y visitantes disfrutaron de las bondades de\nCelest\u00fan donde desde temprana hora participaron en una jornada de limpieza de\nla playa, as\u00ed como disfrutaron de una gran fiesta a cargo de la banda de marcha\nMuuk Balam en la que los habitantes de ese puerto aprovecharon para bailar y\nconvivir en familia.<\/p>\n\n\n\n<p>Tambi\u00e9n en la misma plaza municipal, cocineras ofrecieron\ndiversos platillos, as\u00ed como prestadores del servicio tur\u00edstico aprovecharon la\noportunidad de ofertar diversos recorridos por salineras de Celest\u00fan, en un\ntipo de turismo sustentable que adem\u00e1s de ofrecer al visitante una experiencia\ninolvidable, promueve el cuidado de los tesoros naturales que posee Yucat\u00e1n.<\/p>\n\n\n\n<p>Al tomar la palabra en representaci\u00f3n del Gobernador del\nEstado, Mauricio Vila Dosal, el Secretario de Pesca y Acuacultura Sustentable\nde Yucat\u00e1n (SEPASY), Rafael Combaluzier Medina, record\u00f3 que el Festival de la\nVeda naci\u00f3 por la petici\u00f3n del mandatario estatal de crear un programa para\ncelebrar y no lamentar la temporada en la que est\u00e1 prohibida la pesca del mero,\n\u201cCon lo que los puertos del estado son promovidos tanto a nivel estatal como\nnacional, invitando a los turistas a visitar las bellas playas, realizar\nrecorridos tur\u00edsticos y disfrutar de la exquisita gastronom\u00eda marina\u201d, se\u00f1al\u00f3\nCombaluzier Medina.<\/p>\n\n\n\n<p>Asimismo, destac\u00f3 que el Festival de la Veda es una\nestrategia reconocida por el Programa de las Naciones Unidas para el Desarrollo\n(PNUD), como la iniciativa ganadora de la categor\u00eda Planeta del Premio\n\u201cTransformando M\u00e9xico desde lo Local\u201d por su incidencia para el logro de la\nAgenda 2030, compitiendo con m\u00e1s de 700 proyectos.<\/p>\n\n\n\n<p>Se\u00f1al\u00f3 que, en su primera edici\u00f3n, los prestadores de\nservicios, cooperativas y artesanos de puertos de Yucat\u00e1n registraron un\naumento de hasta el 70 por ciento en ventas, en dos de los meses m\u00e1s dif\u00edciles\ndel a\u00f1o para estos sectores debido a la veda y poca promoci\u00f3n tur\u00edstica:\nfebrero y marzo. Panorama que cambi\u00f3 con este nuevo esquema y tambi\u00e9n ha\nlogrado el incremento en el n\u00famero de visitantes con pernocta, pues los hoteles\nregistraron una ocupaci\u00f3n de un 60%.<\/p>\n\n\n\n<p>Por su parte, la alcaldesa de Celest\u00fan, Yulma Garc\u00eda\nCasanova, celebr\u00f3 la permanencia de este programa que el a\u00f1o pasado benefici\u00f3\nal puerto con un incremento en la adquisici\u00f3n de servicios de turismo, as\u00ed como\nen la ocupaci\u00f3n hotelera.<\/p>\n\n\n\n<p>\u201cEs importante tomar consciencia sobre la importancia de\nestablecer la veda del mero y sus variedades, con esto se busca reducir el\nimpacto que se ha tenido en los \u00faltimos a\u00f1os sobre la especie, es por eso que\ncoordinados lograremos que este programa se lleve con \u00e9xito este a\u00f1o\u201d, indic\u00f3\nla presidenta municipal de Celest\u00fan.<\/p>\n\n\n\n<p>Con el \u00e9xito logrado en la primera edici\u00f3n de este festival,\nla direcci\u00f3n del Instituto Promotor de Ferias de Yucat\u00e1n (IPFY), inform\u00f3 que,\npara cada fin de semana del 1 de febrero al 31 de marzo de este a\u00f1o, se han\nprogramado diferentes actividades para visitantes que quieran disfrutar de la\ncosta tales como limpieza de dunas costeras, playas y manglares, bazares\nartesanales, muestra gastron\u00f3mica del estado, as\u00ed como opciones para el\necoturismo.<\/p>\n\n\n\n<p>Una de las novedades de esta edici\u00f3n, es que se realizar\u00e1n\nfestivales simult\u00e1neos en dos o m\u00e1s puertos de Yucat\u00e1n, adem\u00e1s de competencias\ndeportivas tanto recreativas como profesionales en los que destacan Oceanman\n2020 en pr\u00f3ximo 22 de marzo en el que se tiene confirmada la asistencia de 800\npersonas, y la exhibici\u00f3n del World P\u00e1del Tour con la participaci\u00f3n de las 19\nmejores parejas de esta disciplina a nivel mundial.<\/p>\n\n\n\n<p>De igual forma, diferentes dependencias de Gobierno\nparticipar\u00e1n como la Secretar\u00eda de Cultura y las Artes (SEDECULTA) con la\nparticipaci\u00f3n de la Orquesta Jaranera del Mayab, del Coro C\u00e1mara de Yucat\u00e1n y\ndel Tr\u00edo Trovadores de Yucat\u00e1n; as\u00ed como el Instituto del Deporte de Yucat\u00e1n\n(IDEY) con la firma de aut\u00f3grafos de integrantes del equipo de f\u00fatbol Venados\nde Yucat\u00e1n en Chelem el pr\u00f3ximo 8 de febrero, as\u00ed como tambi\u00e9n actividades\nrecreativas para personas con discapacidad, logrando as\u00ed, que todos disfruten\nde la fiesta que el Festival de la Veda crea en la costa de Yucat\u00e1n.<\/p>\n\n\n\n<p>Las actividades continuar\u00e1n los pr\u00f3ximos fines de semana 8 y\n9 de febrero en Chelem, Chuburn\u00e1 y Progreso; el 15 y 16 en San Crisanto; el 29\nde febrero y 1 de marzo en Chabihau, Dzilam de Bravo y Santa Clara; el 7 y 8 de\nmarzo en Chicxulub y Telchac; el 14 y 15 de marzo en San Felipe, R\u00edo Lagartos y\nLas Coloradas; el 21 y 22 del mismo mes en Sisal; para cerrar el 28 y 29 de\nmarzo en El Cuyo.<\/p>\n\n\n\n<p>Al evento asistieron la alcaldesa de Celest\u00fan, Yulma Garc\u00eda\nCasanova; la Directora General del Instituto Promotor de Ferias de Yucat\u00e1n,\nAbril Ferreyro Rosado y el Secretario de Pesca y Acuacultura Sustentable de\nYucat\u00e1n (SEPASY), Rafael Combaluzier Medina.con un amplio y atractivo programa\nque ofrece cada fin de semana actividad<em>es<\/em>\nculturales.<\/p>\n<div class='share-to-whatsapp-wrapper'><div class='share-on-whsp'>Share on: <\/div><a data-text='Arranca en Celest\u00fan la segunda edici\u00f3n del Festival de la Veda' data-link='https:\/\/visionpeninsular.com\/mid\/arranca-en-celestun-la-segunda-edicion-del-festival-de-la-veda\/' class='whatsapp-button whatsapp-share'>WhatsApp<\/a><div class='clear '><\/div><\/div>","protected":false},"excerpt":{"rendered":"<p>-El Festival de la Veda 2020 se realiza del 1 de febrero al 31 de marzo en los puertos de Yucat\u00e1n -El Festival inici\u00f3 con la limpieza de la playa de Celest\u00fan y posteriormente visitantes y pobladores disfrutaron de la puesta en escena de la banda de marcha Muuk Balam. -Esta segunda edici\u00f3n viene con &hellip;<\/p>\n","protected":false},"author":5,"featured_media":117521,"comment_status":"open","ping_status":"open","sticky":false,"template":"","format":"standard","meta":{"_mi_skip_tracking":false},"categories":[50,37],"tags":[19344,19343],"_links":{"self":[{"href":"https:\/\/visionpeninsular.com\/mid\/wp-json\/wp\/v2\/posts\/117520"}],"collection":[{"href":"https:\/\/visionpeninsular.com\/mid\/wp-json\/wp\/v2\/posts"}],"about":[{"href":"https:\/\/visionpeninsular.com\/mid\/wp-json\/wp\/v2\/types\/post"}],"author":[{"embeddable":true,"href":"https:\/\/visionpeninsular.com\/mid\/wp-json\/wp\/v2\/users\/5"}],"replies":[{"embeddable":true,"href":"https:\/\/visionpeninsular.com\/mid\/wp-json\/wp\/v2\/comments?post=117520"}],"version-history":[{"count":1,"href":"https:\/\/visionpeninsular.com\/mid\/wp-json\/wp\/v2\/posts\/117520\/revisions"}],"predecessor-version":[{"id":117524,"href":"https:\/\/visionpeninsular.com\/mid\/wp-json\/wp\/v2\/posts\/117520\/revisions\/117524"}],"wp:featuredmedia":[{"embeddable":true,"href":"https:\/\/visionpeninsular.com\/mid\/wp-json\/wp\/v2\/media\/117521"}],"wp:attachment":[{"href":"https:\/\/visionpeninsular.com\/mid\/wp-json\/wp\/v2\/media?parent=117520"}],"wp:term":[{"taxonomy":"category","embeddable":true,"href":"https:\/\/visionpeninsular.com\/mid\/wp-json\/wp\/v2\/categories?post=117520"},{"taxonomy":"post_tag","embeddable":true,"href":"https:\/\/visionpeninsular.com\/mid\/wp-json\/wp\/v2\/tags?post=117520"}],"curies":[{"name":"wp","href":"https:\/\/api.w.org\/{rel}","templated":true}]}}