{"id":117510,"date":"2020-02-01T17:31:50","date_gmt":"2020-02-01T23:31:50","guid":{"rendered":"http:\/\/visionpeninsular.com\/mid\/?p=117510"},"modified":"2020-02-01T17:32:03","modified_gmt":"2020-02-01T23:32:03","slug":"yucatan-redoblara-esfuerzos-en-materia-energetica-gobernador-mauricio-vila-dosal","status":"publish","type":"post","link":"https:\/\/visionpeninsular.com\/mid\/yucatan-redoblara-esfuerzos-en-materia-energetica-gobernador-mauricio-vila-dosal\/","title":{"rendered":"Yucat\u00e1n redoblar\u00e1 esfuerzos en materia energ\u00e9tica: Gobernador Mauricio Vila Dosal"},"content":{"rendered":"\n<p>&nbsp;<em>-El Gobernador inaugur\u00f3 el foro \u201cImportancia de la energ\u00eda para el\ncomercio, servicios, turismo e industria\u201d.<\/em><\/p>\n\n\n\n<p>Durante la inauguraci\u00f3n del foro \u201cImportancia de la energ\u00eda\npara el comercio, servicios, turismo e industria\u201d, el Gobernador Mauricio Vila\nDosal afirm\u00f3 que en Yucat\u00e1n se redoblar\u00e1n los esfuerzos este a\u00f1o y se trabajar\u00e1\nde manera coordinada para dar soluciones concretas a los retos en materia\nenerg\u00e9tica y poder garantizar tarifas el\u00e9ctricas m\u00e1s justas y bajas para los\nyucatecos.<\/p>\n\n\n\n<p>En presencia de los secretarios federales de Econom\u00eda,\nGraciela M\u00e1rquez Col\u00edn, y de Turismo, Miguel Torruco Marqu\u00e9s, Vila Dosal\nasever\u00f3 que desde el inicio de su administraci\u00f3n ha trabajado de la mano con\nlos diversos sectores econ\u00f3micos y los diferentes niveles de Gobierno, lo que\nha dado importantes frutos y colocado a Yucat\u00e1n como una de las entidades que\nest\u00e1n impulsando a la regi\u00f3n sur-sureste del pa\u00eds.<\/p>\n\n\n\n<figure class=\"wp-block-image size-large\"><img loading=\"lazy\" width=\"1024\" height=\"688\" src=\"http:\/\/visionpeninsular.com\/mid\/wp-content\/uploads\/2020\/02\/energ\u00e9ticos-2.jpg\" alt=\"\" class=\"wp-image-117512\" srcset=\"https:\/\/visionpeninsular.com\/mid\/wp-content\/uploads\/2020\/02\/energ\u00e9ticos-2.jpg 1024w, https:\/\/visionpeninsular.com\/mid\/wp-content\/uploads\/2020\/02\/energ\u00e9ticos-2-300x202.jpg 300w, https:\/\/visionpeninsular.com\/mid\/wp-content\/uploads\/2020\/02\/energ\u00e9ticos-2-768x516.jpg 768w, https:\/\/visionpeninsular.com\/mid\/wp-content\/uploads\/2020\/02\/energ\u00e9ticos-2-110x75.jpg 110w\" sizes=\"(max-width: 1024px) 100vw, 1024px\" \/><\/figure>\n\n\n\n<p>&#8220;Hoy vemos c\u00f3mo Yucat\u00e1n es uno de los estados de la\nRep\u00fablica que est\u00e1 sacando adelante la regi\u00f3n, pues se ha convertido en el\ncentro de servicios de todo el sureste del pa\u00eds; y vamos a seguir platicando\ncon el Presidente Andr\u00e9s Manuel L\u00f3pez Obrador para que nos siga apoyando\u201d,\nindic\u00f3 el Gobernador.<\/p>\n\n\n\n<p>En ese sentido, Vila Dosal se\u00f1al\u00f3 que a pesar de contar con\ndeficiencias en el suministro de gas natural y tener una de las tarifas m\u00e1s\ncostosas en todo el pa\u00eds, Yucat\u00e1n destaca en materia energ\u00e9tica con positivos\nindicadores como que, de acuerdo al Instituto Nacional de Estad\u00edstica y\nGeograf\u00eda ( INEGI), durante el periodo de enero a septiembre de 2019, el estado\nregistr\u00f3 un incremento del 21.2% en generaci\u00f3n, transmisi\u00f3n y distribuci\u00f3n de\nenerg\u00eda el\u00e9ctrica, posicion\u00e1ndose en el segundo sitio, muy por encima del\npromedio nacional que fue de 0.5%. Datos que contrastan con que, en 2018, ocup\u00f3\nel \u00faltimo sitio.<\/p>\n\n\n\n<figure class=\"wp-block-image size-large\"><img loading=\"lazy\" width=\"1024\" height=\"682\" src=\"http:\/\/visionpeninsular.com\/mid\/wp-content\/uploads\/2020\/02\/energ\u00e9ticos-3.jpg\" alt=\"\" class=\"wp-image-117513\" srcset=\"https:\/\/visionpeninsular.com\/mid\/wp-content\/uploads\/2020\/02\/energ\u00e9ticos-3.jpg 1024w, https:\/\/visionpeninsular.com\/mid\/wp-content\/uploads\/2020\/02\/energ\u00e9ticos-3-300x200.jpg 300w, https:\/\/visionpeninsular.com\/mid\/wp-content\/uploads\/2020\/02\/energ\u00e9ticos-3-768x512.jpg 768w, https:\/\/visionpeninsular.com\/mid\/wp-content\/uploads\/2020\/02\/energ\u00e9ticos-3-310x205.jpg 310w\" sizes=\"(max-width: 1024px) 100vw, 1024px\" \/><\/figure>\n\n\n\n<p>Adem\u00e1s, el Gobernador puntualiz\u00f3 que, acorde al Inventario\nNacional de Energ\u00edas Limpias (ENEL), para 2018, en el estado se generaron 15.56\ngigawatts por hora de energ\u00eda limpia al a\u00f1o, mientras que para 2019 aument\u00f3 a\n695.8 gigawatts por hora en energ\u00eda sustentable, lo que muestra que la\ncapacidad instalada para generar energ\u00eda limpia se ha incrementado poco m\u00e1s de\n44 veces.<\/p>\n\n\n\n<p>Asimismo, Vila Dosal indic\u00f3 que, junto con el Presidente\nAndr\u00e9s Manuel L\u00f3pez Obrador, este d\u00eda iniciar\u00e1 la construcci\u00f3n de la Central de\nCiclo Combinado M\u00e9rida 4, la cual tendr\u00e1 la capacidad de generar 500 megawatts\ny entrar\u00e1 en operaciones en el a\u00f1o 2022 gracias a una inversi\u00f3n total de 6 mil\nmillones de pesos.<\/p>\n\n\n\n<figure class=\"wp-block-image size-large\"><img loading=\"lazy\" width=\"1024\" height=\"682\" src=\"http:\/\/visionpeninsular.com\/mid\/wp-content\/uploads\/2020\/02\/energ\u00e9ticos-4.jpg\" alt=\"\" class=\"wp-image-117514\" srcset=\"https:\/\/visionpeninsular.com\/mid\/wp-content\/uploads\/2020\/02\/energ\u00e9ticos-4.jpg 1024w, https:\/\/visionpeninsular.com\/mid\/wp-content\/uploads\/2020\/02\/energ\u00e9ticos-4-300x200.jpg 300w, https:\/\/visionpeninsular.com\/mid\/wp-content\/uploads\/2020\/02\/energ\u00e9ticos-4-768x512.jpg 768w, https:\/\/visionpeninsular.com\/mid\/wp-content\/uploads\/2020\/02\/energ\u00e9ticos-4-310x205.jpg 310w\" sizes=\"(max-width: 1024px) 100vw, 1024px\" \/><\/figure>\n\n\n\n<p>\u201cPodemos imaginar la econom\u00eda de Yucat\u00e1n si pudi\u00e9ramos tener\nlas condiciones que tienen en el centro, en el Baj\u00edo, en el norte del pa\u00eds,\ntendr\u00edamos un potencial mucho m\u00e1s grande de lo que tiene al d\u00eda de hoy, y por\neso, la construcci\u00f3n de esos 16 kil\u00f3metros de ductos son una gran noticia para\nYucat\u00e1n, para que podamos dejar de tener las tarifas el\u00e9ctricas m\u00e1s caras del\npa\u00eds y tengamos las tarifas el\u00e9ctricas justas que necesitamos y nos merecemos\nlos yucatecos\u201d, recalc\u00f3.<\/p>\n\n\n\n<p>En el tema de energ\u00edas renovables, el Gobernador se\u00f1al\u00f3 que\nse ha dado mucho \u00e9nfasis a este rubro, y como muestra de ello ya est\u00e1n\nfuncionando 4 parques de este tipo, que suman una capacidad instalada de 210\nmegawatts, es decir, lo equivalente a satisfacer 450 mil hogares en Yucat\u00e1n.<\/p>\n\n\n\n<p>Aunado a lo anterior, continu\u00f3, se cuenta 24 proyectos m\u00e1s\nque, de concretarse todos, estar\u00e1n generando unos 3,400 megawatts con una\ninversi\u00f3n de 84,375 millones de pesos. \u201cCon lo que Yucat\u00e1n ser\u00e1 el \u00fanico estado\nde la Rep\u00fablica en producir m\u00e1s energ\u00eda limpia de la que consume, en los m\u00e1s\naltos est\u00e1ndares a nivel mundial\u201d.<\/p>\n\n\n\n<p>\u201cTambi\u00e9n hemos puesto \u00e9nfasis en los proyectos de generaci\u00f3n\nde energ\u00eda el\u00e9ctrica de menor escala, que son lo que se est\u00e1n instalados en los\ntechos de casas y comercio, los llamados de Generaci\u00f3n Distribuida, donde\nYucat\u00e1n ocupa el lugar 7 a nivel nacional con 33 megawatts\u201d, apunt\u00f3 Vila Dosal.<\/p>\n\n\n\n<p>Por otra parte, el Gobernador agreg\u00f3 que la Secretar\u00eda de\nDesarrollo Sustentable refrend\u00f3 el compromiso internacional ante el Consejo\nMundial de la Construcci\u00f3n Verde (WGBC, por sus siglas en ingl\u00e9s) para transitar\na edificios gubernamentales eficientes y sustentables energ\u00e9ticamente al a\u00f1o\n2030 y junto con la CFE, se han realizado m\u00e1s de 30 diagn\u00f3sticos energ\u00e9ticos en\ninmuebles p\u00fablicos de grandes, y el Gobierno estatal realiz\u00f3 lo mismo en otros\n2,900 edificios.<\/p>\n\n\n\n<p>Por \u00faltimo, Vila Dosal destac\u00f3 que por encima de los\ndesaf\u00edos que se enfrenta el estado, somos la segunda entidad con la menor tasa\nde desempleo del pa\u00eds, que es de 1.9 y se encuentra muy por debajo de la media\nnacional; la inversi\u00f3n extranjera en 2019 creci\u00f3 un 102%; se recibi\u00f3 a 3.2\nmillones de turistas, la cifra m\u00e1s alta en la historia de Yucat\u00e1n, entre otros\nimportantes indicadores.<\/p>\n\n\n\n<p>En su intervenci\u00f3n, el presidente de la Confederaci\u00f3n de\nC\u00e1maras Nacionales de Comercio, Servicios y Turismo (Concanaco Servytur), Jos\u00e9\nManuel L\u00f3pez Campos, destac\u00f3 la apertura y disposici\u00f3n que han demostrado las\nautoridades estatales y federales para sumar esfuerzos entorno a un mayor\ndesarrollo del sureste y el pa\u00eds.<\/p>\n\n\n\n<p>\u201cEstamos en una regi\u00f3n ideal para el desarrollo, no\nobstante, las carencias en el abasto de gas natural que ha impedido que detone\nsu nivel, pero sabemos que se necesita atender la demanda de los sectores\nproductivos, crear de puentes de comunicaci\u00f3n para crecer en el sector y ser\nuna naci\u00f3n m\u00e1s desarrollada y competitiva\u201d, asever\u00f3.<\/p>\n\n\n\n<p>Por su parte, el presidente de la Comisi\u00f3n de Energ\u00eda del\nConsejo Coordinador Empresarial, Roger Gonz\u00e1lez Lau, se\u00f1al\u00f3 que en Yucat\u00e1n se\nest\u00e1 dando un gran paso hacia la creaci\u00f3n de una nueva era de coordinaci\u00f3n\nentre los sectores p\u00fablicos y privados para trabajar en un M\u00e9xico renovado y\ncon energ\u00eda, que lo detone como un importante centro de energ\u00eda mundial.<\/p>\n\n\n\n<p>A la inauguraci\u00f3n tambi\u00e9n asistieron la directora del Centro\nNacional de Control del Gas Natural (Cenagas), Elvira Daniel Kabbaz Zaga, el\nsenador Armando Guadiana, el diputado federal Luis Alegre Salazar, la directora\nde energ\u00eda de Deacero, Katya Somohano, el alcalde de M\u00e9rida Ren\u00e1n Barrera\nConcha, y el presidente de la C\u00e1mara Nacional de Comercio, Servicios y Turismo\n(Canaco Servytur) M\u00e9rida, Michel Salum Francis.<\/p>\n<div class='share-to-whatsapp-wrapper'><div class='share-on-whsp'>Share on: <\/div><a data-text='Yucat\u00e1n redoblar\u00e1 esfuerzos en materia energ\u00e9tica: Gobernador Mauricio Vila Dosal' data-link='https:\/\/visionpeninsular.com\/mid\/yucatan-redoblara-esfuerzos-en-materia-energetica-gobernador-mauricio-vila-dosal\/' class='whatsapp-button whatsapp-share'>WhatsApp<\/a><div class='clear '><\/div><\/div>","protected":false},"excerpt":{"rendered":"<p>&nbsp;-El Gobernador inaugur\u00f3 el foro \u201cImportancia de la energ\u00eda para el comercio, servicios, turismo e industria\u201d. Durante la inauguraci\u00f3n del foro \u201cImportancia de la energ\u00eda para el comercio, servicios, turismo e industria\u201d, el Gobernador Mauricio Vila Dosal afirm\u00f3 que en Yucat\u00e1n se redoblar\u00e1n los esfuerzos este a\u00f1o y se trabajar\u00e1 de manera coordinada para dar &hellip;<\/p>\n","protected":false},"author":5,"featured_media":117511,"comment_status":"open","ping_status":"open","sticky":false,"template":"","format":"standard","meta":{"_mi_skip_tracking":false},"categories":[50,37],"tags":[19342,19340,19341],"_links":{"self":[{"href":"https:\/\/visionpeninsular.com\/mid\/wp-json\/wp\/v2\/posts\/117510"}],"collection":[{"href":"https:\/\/visionpeninsular.com\/mid\/wp-json\/wp\/v2\/posts"}],"about":[{"href":"https:\/\/visionpeninsular.com\/mid\/wp-json\/wp\/v2\/types\/post"}],"author":[{"embeddable":true,"href":"https:\/\/visionpeninsular.com\/mid\/wp-json\/wp\/v2\/users\/5"}],"replies":[{"embeddable":true,"href":"https:\/\/visionpeninsular.com\/mid\/wp-json\/wp\/v2\/comments?post=117510"}],"version-history":[{"count":1,"href":"https:\/\/visionpeninsular.com\/mid\/wp-json\/wp\/v2\/posts\/117510\/revisions"}],"predecessor-version":[{"id":117515,"href":"https:\/\/visionpeninsular.com\/mid\/wp-json\/wp\/v2\/posts\/117510\/revisions\/117515"}],"wp:featuredmedia":[{"embeddable":true,"href":"https:\/\/visionpeninsular.com\/mid\/wp-json\/wp\/v2\/media\/117511"}],"wp:attachment":[{"href":"https:\/\/visionpeninsular.com\/mid\/wp-json\/wp\/v2\/media?parent=117510"}],"wp:term":[{"taxonomy":"category","embeddable":true,"href":"https:\/\/visionpeninsular.com\/mid\/wp-json\/wp\/v2\/categories?post=117510"},{"taxonomy":"post_tag","embeddable":true,"href":"https:\/\/visionpeninsular.com\/mid\/wp-json\/wp\/v2\/tags?post=117510"}],"curies":[{"name":"wp","href":"https:\/\/api.w.org\/{rel}","templated":true}]}}