{"id":117426,"date":"2020-02-01T10:00:14","date_gmt":"2020-02-01T16:00:14","guid":{"rendered":"http:\/\/visionpeninsular.com\/mid\/?p=117426"},"modified":"2020-02-01T10:00:25","modified_gmt":"2020-02-01T16:00:25","slug":"el-gobernador-mauricio-vila-dosal-continua-impulsando-el-mejoramiento-de-la-imagen-de-progreso","status":"publish","type":"post","link":"https:\/\/visionpeninsular.com\/mid\/el-gobernador-mauricio-vila-dosal-continua-impulsando-el-mejoramiento-de-la-imagen-de-progreso\/","title":{"rendered":"El Gobernador Mauricio Vila Dosal contin\u00faa impulsando el mejoramiento de la imagen de Progreso"},"content":{"rendered":"\n<p><em>&nbsp;-Vila Dosal entreg\u00f3 una m\u00e1quina sargacera que\npermitir\u00e1 ofrecer playas m\u00e1s limpias a la gente de este puerto, los yucatecos,\nas\u00ed como visitantes nacionales y extranjeros.<\/em><\/p>\n\n\n\n<p><em>-Asimismo, el\nGobernador anunci\u00f3 que, en conjunto con el Ayuntamiento del puerto, se\ntrabajar\u00e1 en los pr\u00f3ximos d\u00edas en la repavimentaci\u00f3n de 12 kil\u00f3metros de\ncalles.<\/em><\/p>\n\n\n\n<p><em>-En ese marco, Vila\nDosal atestigu\u00f3 la entrega de una ambulancia por parte del empresario Rodrigo\nRosas Cantillo al Ayuntamiento progrese\u00f1o.<\/em><\/p>\n\n\n\n<p>Para continuar impulsando a Progreso como un lugar atractivo\ne ideal para sus habitantes, los yucatecos y quienes lo visitan, el Gobernador\nMauricio Vila Dosal entreg\u00f3 a este municipio una m\u00e1quina sargacera para la limpieza\nde playas, la cual se suma a los esfuerzos realizados para mejorar la imagen de\neste destino de la costa yucateca.<\/p>\n\n\n\n<figure class=\"wp-block-image size-large\"><img loading=\"lazy\" width=\"1024\" height=\"682\" src=\"http:\/\/visionpeninsular.com\/mid\/wp-content\/uploads\/2020\/02\/progreso-2.jpg\" alt=\"\" class=\"wp-image-117428\" srcset=\"https:\/\/visionpeninsular.com\/mid\/wp-content\/uploads\/2020\/02\/progreso-2.jpg 1024w, https:\/\/visionpeninsular.com\/mid\/wp-content\/uploads\/2020\/02\/progreso-2-300x200.jpg 300w, https:\/\/visionpeninsular.com\/mid\/wp-content\/uploads\/2020\/02\/progreso-2-768x512.jpg 768w, https:\/\/visionpeninsular.com\/mid\/wp-content\/uploads\/2020\/02\/progreso-2-310x205.jpg 310w\" sizes=\"(max-width: 1024px) 100vw, 1024px\" \/><\/figure>\n\n\n\n<p>En visita a este puerto, Vila Dosal entreg\u00f3 al Ayuntamiento\nprogrese\u00f1o este moderno equipo que permitir\u00e1 mantener la zona de playa de este\nmunicipio limpia y m\u00e1s segura, de manera que ofrezca a su gente, a los\nyucatecos, as\u00ed como a turistas nacionales y extranjeros un mejor rostro y una\nexperiencia m\u00e1s agradable.<\/p>\n\n\n\n<p>En su mensaje, el Gobernador destac\u00f3 el trabajo conjunto que\nel Gobierno del Estado est\u00e1 realizando junto con el Ayuntamiento de Progreso y\nla Federaci\u00f3n para transformar este municipio en un espacio digno tanto para\nlos yucatecos como para quienes visitan este punto de la costa del estado.<\/p>\n\n\n\n<figure class=\"wp-block-image size-large\"><img loading=\"lazy\" width=\"1024\" height=\"682\" src=\"http:\/\/visionpeninsular.com\/mid\/wp-content\/uploads\/2020\/02\/progreso-3.jpg\" alt=\"\" class=\"wp-image-117429\" srcset=\"https:\/\/visionpeninsular.com\/mid\/wp-content\/uploads\/2020\/02\/progreso-3.jpg 1024w, https:\/\/visionpeninsular.com\/mid\/wp-content\/uploads\/2020\/02\/progreso-3-300x200.jpg 300w, https:\/\/visionpeninsular.com\/mid\/wp-content\/uploads\/2020\/02\/progreso-3-768x512.jpg 768w, https:\/\/visionpeninsular.com\/mid\/wp-content\/uploads\/2020\/02\/progreso-3-310x205.jpg 310w\" sizes=\"(max-width: 1024px) 100vw, 1024px\" \/><\/figure>\n\n\n\n<p>En ese sentido, Vila Dosal resalt\u00f3 los importantes esfuerzos\nque realiza el alcalde progrese\u00f1o, Juli\u00e1n Zacar\u00edas Curi, para mejorar este\nmunicipio, \u201ccontinuemos con ese \u00edmpetu, con ese dinamismo y vamos a seguir\ntrabajando de la mano para tener un mejor Progreso y un mejor Yucat\u00e1n\u201d.<\/p>\n\n\n\n<p>Como muestra del trabajo conjunto que se est\u00e1 realizando en\neste municipio, el Gobernador anunci\u00f3 que, en los pr\u00f3ximos d\u00edas, el Gobierno\ndel Estado y el Ayuntamiento de Progreso, pondr\u00e1n en marcha la repavimentaci\u00f3n\nde 12 kil\u00f3metros de calles, dentro de un esquema donde las autoridades locales\ndan el material y la administraci\u00f3n estatal pone la maquinaria, la mano de obra\ny la supervisi\u00f3n.<\/p>\n\n\n\n<figure class=\"wp-block-image size-large\"><img loading=\"lazy\" width=\"1024\" height=\"682\" src=\"http:\/\/visionpeninsular.com\/mid\/wp-content\/uploads\/2020\/02\/progreso-4.jpg\" alt=\"\" class=\"wp-image-117430\" srcset=\"https:\/\/visionpeninsular.com\/mid\/wp-content\/uploads\/2020\/02\/progreso-4.jpg 1024w, https:\/\/visionpeninsular.com\/mid\/wp-content\/uploads\/2020\/02\/progreso-4-300x200.jpg 300w, https:\/\/visionpeninsular.com\/mid\/wp-content\/uploads\/2020\/02\/progreso-4-768x512.jpg 768w, https:\/\/visionpeninsular.com\/mid\/wp-content\/uploads\/2020\/02\/progreso-4-310x205.jpg 310w\" sizes=\"(max-width: 1024px) 100vw, 1024px\" \/><\/figure>\n\n\n\n<p>Al hacer un recuento de las acciones realizadas para detonar\nlas capacidades de este municipio, Vila Dosal record\u00f3 que meses atr\u00e1s se\nentreg\u00f3 a este municipio 5 camiones recolectores, 6 motocicletas el\u00e9ctricas\nrecolectoras y 53 contenedores, parque vehicular que, con una inversi\u00f3n de 13\nmillones de pesos, contribuir\u00e1 a mejorar la calidad de este servicio en beneficio\nde los vecinos de este municipio, pero tambi\u00e9n a ofrecer un rostro m\u00e1s ordenado\ny con calles m\u00e1s limpias.<\/p>\n\n\n\n<p>De igual manera, el Gobernador indic\u00f3 que en breve se\nestar\u00e1n entregando los trabajos de rehabilitaci\u00f3n de la calle 80, obra que\ntambi\u00e9n contempla la remodelaci\u00f3n de la casa de la cultura y de un tramo del\nMalec\u00f3n.<\/p>\n\n\n\n<figure class=\"wp-block-image size-large\"><img loading=\"lazy\" width=\"1024\" height=\"682\" src=\"http:\/\/visionpeninsular.com\/mid\/wp-content\/uploads\/2020\/02\/progreso-5.jpg\" alt=\"\" class=\"wp-image-117431\" srcset=\"https:\/\/visionpeninsular.com\/mid\/wp-content\/uploads\/2020\/02\/progreso-5.jpg 1024w, https:\/\/visionpeninsular.com\/mid\/wp-content\/uploads\/2020\/02\/progreso-5-300x200.jpg 300w, https:\/\/visionpeninsular.com\/mid\/wp-content\/uploads\/2020\/02\/progreso-5-768x512.jpg 768w, https:\/\/visionpeninsular.com\/mid\/wp-content\/uploads\/2020\/02\/progreso-5-310x205.jpg 310w\" sizes=\"(max-width: 1024px) 100vw, 1024px\" \/><\/figure>\n\n\n\n<p>\u201cAs\u00ed es como trabajamos con los ayuntamientos, siempre de la\nmano y es como lo vamos a seguir haciendo aqu\u00ed\u201d, asever\u00f3 Vila Dosal.<\/p>\n\n\n\n<p>En su intervenci\u00f3n, el alcalde anfitri\u00f3n, Juli\u00e1n Zacar\u00edas\nCuri, agradeci\u00f3 este apoyo por parte del Gobierno de Vila Dosal, as\u00ed como el\ntrabajo con cari\u00f1o, orden y disciplina que siempre ha realizado en favor de los\nprogrese\u00f1os.<\/p>\n\n\n\n<p>\u201cLo que hoy recibimos es para nosotros un sue\u00f1o que ahora es\nuna realidad\u201d, afirm\u00f3 Zacar\u00edas Curi, al tiempo que indic\u00f3 que en los pr\u00f3ximos\nla Fundaci\u00f3n Europea de Educaci\u00f3n Ambiental (FEE, por sus siglas en ingl\u00e9s)\nemitir\u00e1 los resultados para saber si Progreso es candidato a recibir la\ncertificaci\u00f3n de su playa.<\/p>\n\n\n\n<p>Al respecto, la titular de la Secretar\u00eda de Desarrollo\nSustentable, Sayda Rodr\u00edguez G\u00f3mez, se\u00f1al\u00f3 que con esta entrega el puerto\nProgreso se acerca a contar con el distintivo Blue Flag, reconocimiento\nentregado por la FEE a las playas que cumplen criterios establecidos de\ncalidad, seguridad, educaci\u00f3n e informaci\u00f3n ambiental.<\/p>\n\n\n\n<p>Asimismo, la funcionaria estatal se\u00f1al\u00f3 que esta nueva\nmaquinaria adem\u00e1s de ayudar a garantizar playas libres de residuos s\u00f3lidos,\ntambi\u00e9n contribuir\u00e1 al control de la acumulaci\u00f3n de algas marinas, con lo que\nse favorecer\u00e1 la existencia de m\u00e1s actividades recreativas.<\/p>\n\n\n\n<p>Por \u00faltimo, se\u00f1al\u00f3 que el personal que estar\u00e1 operando este\nnuevo equipo recibir\u00e1 la capacitaci\u00f3n, con el fin de que esta labor se realice\nbajo los est\u00e1ndares de seguridad para los ba\u00f1istas y los pobladores, as\u00ed como\ncon efectividad.<\/p>\n\n\n\n<p>La maquinaria entregada este d\u00eda est\u00e1 conformada por un\ntractor de arrastre que mueve una barredora con un anillo din\u00e1mico que barre la\nsuperficie y retira tanto algas marinas, como residuos s\u00f3lidos, incluso\naquellos que son tan peque\u00f1os que durante las actividades de limpieza comunes\nno son completamente removidas como colillas de cigarros, tapitas y pl\u00e1sticos\npeque\u00f1os.<\/p>\n\n\n\n<p>Este nuevo equipo tiene la capacidad de barrer hasta 3\nhect\u00e1reas por hora y cuenta con un ancho de limpieza de 2.1 metros, lo que\nayudar\u00e1 significativamente a la labor que personal de servicios p\u00fablicos del\nmunicipio de Progreso realizan todos los d\u00edas para ofrecer playas m\u00e1s limpias.<\/p>\n\n\n\n<p>En ese marco, el Gobernador constat\u00f3 el m\u00f3dulo de playa\ninclusiva ubicado en el malec\u00f3n de Progreso y atestigu\u00f3 la entrega de una\nambulancia al municipio, misma que fue donada por el empresario Rodrigo Rosas\nCantillo.<\/p>\n\n\n\n<p>Acompa\u00f1aron al Gobernador en el acto, el dirigente del\nConsejo Coordinador Empresarial (CCE), Ra\u00fal Aguilar Baqueiro, el Comandante de\nla IX Zona Naval, vicealmirante Carlos Humberto Lanz Guti\u00e9rrez y el secretario\nde Obras P\u00fablicas (SOP), Virgilio Crespo M\u00e9ndez.<\/p>\n<div class='share-to-whatsapp-wrapper'><div class='share-on-whsp'>Share on: <\/div><a data-text='El Gobernador Mauricio Vila Dosal contin\u00faa impulsando el mejoramiento de la imagen de Progreso' data-link='https:\/\/visionpeninsular.com\/mid\/el-gobernador-mauricio-vila-dosal-continua-impulsando-el-mejoramiento-de-la-imagen-de-progreso\/' class='whatsapp-button whatsapp-share'>WhatsApp<\/a><div class='clear '><\/div><\/div>","protected":false},"excerpt":{"rendered":"<p>&nbsp;-Vila Dosal entreg\u00f3 una m\u00e1quina sargacera que permitir\u00e1 ofrecer playas m\u00e1s limpias a la gente de este puerto, los yucatecos, as\u00ed como visitantes nacionales y extranjeros. -Asimismo, el Gobernador anunci\u00f3 que, en conjunto con el Ayuntamiento del puerto, se trabajar\u00e1 en los pr\u00f3ximos d\u00edas en la repavimentaci\u00f3n de 12 kil\u00f3metros de calles. -En ese marco, &hellip;<\/p>\n","protected":false},"author":5,"featured_media":117427,"comment_status":"open","ping_status":"open","sticky":false,"template":"","format":"standard","meta":{"_mi_skip_tracking":false},"categories":[50,37],"tags":[19327,3861,19326],"_links":{"self":[{"href":"https:\/\/visionpeninsular.com\/mid\/wp-json\/wp\/v2\/posts\/117426"}],"collection":[{"href":"https:\/\/visionpeninsular.com\/mid\/wp-json\/wp\/v2\/posts"}],"about":[{"href":"https:\/\/visionpeninsular.com\/mid\/wp-json\/wp\/v2\/types\/post"}],"author":[{"embeddable":true,"href":"https:\/\/visionpeninsular.com\/mid\/wp-json\/wp\/v2\/users\/5"}],"replies":[{"embeddable":true,"href":"https:\/\/visionpeninsular.com\/mid\/wp-json\/wp\/v2\/comments?post=117426"}],"version-history":[{"count":1,"href":"https:\/\/visionpeninsular.com\/mid\/wp-json\/wp\/v2\/posts\/117426\/revisions"}],"predecessor-version":[{"id":117432,"href":"https:\/\/visionpeninsular.com\/mid\/wp-json\/wp\/v2\/posts\/117426\/revisions\/117432"}],"wp:featuredmedia":[{"embeddable":true,"href":"https:\/\/visionpeninsular.com\/mid\/wp-json\/wp\/v2\/media\/117427"}],"wp:attachment":[{"href":"https:\/\/visionpeninsular.com\/mid\/wp-json\/wp\/v2\/media?parent=117426"}],"wp:term":[{"taxonomy":"category","embeddable":true,"href":"https:\/\/visionpeninsular.com\/mid\/wp-json\/wp\/v2\/categories?post=117426"},{"taxonomy":"post_tag","embeddable":true,"href":"https:\/\/visionpeninsular.com\/mid\/wp-json\/wp\/v2\/tags?post=117426"}],"curies":[{"name":"wp","href":"https:\/\/api.w.org\/{rel}","templated":true}]}}