{"id":117339,"date":"2020-01-30T20:01:51","date_gmt":"2020-01-31T02:01:51","guid":{"rendered":"http:\/\/visionpeninsular.com\/mid\/?p=117339"},"modified":"2020-01-30T20:02:00","modified_gmt":"2020-01-31T02:02:00","slug":"la-codhey-llama-a-la-civilidad-ante-nueva-marcha-contra-gobierno","status":"publish","type":"post","link":"https:\/\/visionpeninsular.com\/mid\/la-codhey-llama-a-la-civilidad-ante-nueva-marcha-contra-gobierno\/","title":{"rendered":"La Codhey llama a la civilidad ante nueva marcha contra gobierno"},"content":{"rendered":"\n<p>Ante la convocatoria a una marcha este viernes 31 de enero a\nlas 16:00 horas, que partir\u00e1 del Parque de Santiago rumbo al Palacio de\nGobierno en el Centro Hist\u00f3rico de esta ciudad, la Comisi\u00f3n de Derechos Humanos\ndel Estado de Yucat\u00e1n informa que se ha comisionado a cuatro visitadores para\nparticipar como observadores.<\/p>\n\n\n\n<p>Como se realiz\u00f3 en la marcha del pasado domingo 26 de enero,\nesta Comisi\u00f3n emiti\u00f3 una medida cautelar dirigida a la Secretar\u00eda de Seguridad\nP\u00fablica de Yucat\u00e1n y a la Direcci\u00f3n de Polic\u00eda Municipal de M\u00e9rida solicitando\nque se garantice el respeto a la libertad de expresi\u00f3n; al libre tr\u00e1nsito; a la\nlegalidad y seguridad jur\u00eddica; as\u00ed como al derecho a la integridad y seguridad\npersonal, de todas las personas que asistan a la citada marcha ciudadana.<\/p>\n\n\n\n<p>La CODHEY reconoce la activa participaci\u00f3n de la sociedad\nyucateca en los movimientos sociales, y hace un llamado a que siga\nprevaleciendo la cultura de respeto que nos caracteriza.<\/p>\n\n\n\n<p>De nuevo, se recuerda que el ejercicio de la libertad de\nexpresi\u00f3n es un derecho consagrado en nuestra Constituci\u00f3n, por lo que debe ser\nrespetado y garantizado.<\/p>\n<div class='share-to-whatsapp-wrapper'><div class='share-on-whsp'>Share on: <\/div><a data-text='La Codhey llama a la civilidad ante nueva marcha contra gobierno' data-link='https:\/\/visionpeninsular.com\/mid\/la-codhey-llama-a-la-civilidad-ante-nueva-marcha-contra-gobierno\/' class='whatsapp-button whatsapp-share'>WhatsApp<\/a><div class='clear '><\/div><\/div>","protected":false},"excerpt":{"rendered":"<p>Ante la convocatoria a una marcha este viernes 31 de enero a las 16:00 horas, que partir\u00e1 del Parque de Santiago rumbo al Palacio de Gobierno en el Centro Hist\u00f3rico de esta ciudad, la Comisi\u00f3n de Derechos Humanos del Estado de Yucat\u00e1n informa que se ha comisionado a cuatro visitadores para participar como observadores. Como &hellip;<\/p>\n","protected":false},"author":5,"featured_media":117340,"comment_status":"open","ping_status":"open","sticky":false,"template":"","format":"standard","meta":{"_mi_skip_tracking":false},"categories":[50,37],"tags":[468,19302,19303],"_links":{"self":[{"href":"https:\/\/visionpeninsular.com\/mid\/wp-json\/wp\/v2\/posts\/117339"}],"collection":[{"href":"https:\/\/visionpeninsular.com\/mid\/wp-json\/wp\/v2\/posts"}],"about":[{"href":"https:\/\/visionpeninsular.com\/mid\/wp-json\/wp\/v2\/types\/post"}],"author":[{"embeddable":true,"href":"https:\/\/visionpeninsular.com\/mid\/wp-json\/wp\/v2\/users\/5"}],"replies":[{"embeddable":true,"href":"https:\/\/visionpeninsular.com\/mid\/wp-json\/wp\/v2\/comments?post=117339"}],"version-history":[{"count":1,"href":"https:\/\/visionpeninsular.com\/mid\/wp-json\/wp\/v2\/posts\/117339\/revisions"}],"predecessor-version":[{"id":117341,"href":"https:\/\/visionpeninsular.com\/mid\/wp-json\/wp\/v2\/posts\/117339\/revisions\/117341"}],"wp:featuredmedia":[{"embeddable":true,"href":"https:\/\/visionpeninsular.com\/mid\/wp-json\/wp\/v2\/media\/117340"}],"wp:attachment":[{"href":"https:\/\/visionpeninsular.com\/mid\/wp-json\/wp\/v2\/media?parent=117339"}],"wp:term":[{"taxonomy":"category","embeddable":true,"href":"https:\/\/visionpeninsular.com\/mid\/wp-json\/wp\/v2\/categories?post=117339"},{"taxonomy":"post_tag","embeddable":true,"href":"https:\/\/visionpeninsular.com\/mid\/wp-json\/wp\/v2\/tags?post=117339"}],"curies":[{"name":"wp","href":"https:\/\/api.w.org\/{rel}","templated":true}]}}