{"id":117308,"date":"2020-01-30T16:11:35","date_gmt":"2020-01-30T22:11:35","guid":{"rendered":"http:\/\/visionpeninsular.com\/mid\/?p=117308"},"modified":"2020-01-30T16:11:48","modified_gmt":"2020-01-30T22:11:48","slug":"en-la-recta-final-los-arreglos-para-el-carnaval-de-merida-2020-en-xmatkuil","status":"publish","type":"post","link":"https:\/\/visionpeninsular.com\/mid\/en-la-recta-final-los-arreglos-para-el-carnaval-de-merida-2020-en-xmatkuil\/","title":{"rendered":"En la recta final los arreglos para el Carnaval de M\u00e9rida 2020 en X\u2019Matkuil"},"content":{"rendered":"\n<p>Un grupo de trabajadores del Ayuntamiento de M\u00e9rida, se encuentra\nafinando los detalles en las instalaciones de la Feria de X\u2018Matkuil, &nbsp;para dar paso al Carnaval de M\u00e9rida 2020, &nbsp;tanto en cuestiones de limpieza como en la\npavimentaci\u00f3n de una importante calle, la cual es utilizada por los veh\u00edculos\nparticulares para abandonar las instalaciones durante la feria anual, y qu\ndurante las fiestas de carnaval es utilizada para los desfiles.<\/p>\n\n\n\n<p>De unos 300 metros, la calle recibe pavimento y de acuerdo\ncon los empleados de la Comuna, se incluir\u00e1 la v\u00eda del sector sur, de &nbsp;manera que todo el recorrido tendr\u00e1 pavimento.<\/p>\n\n\n\n<p>\u201cVa a estar listo para el Carnaval\u201d, dijo un obrero.<\/p>\n\n\n\n<p>Las fiestas de Carnaval M\u00e9rida 2020, ser\u00e1n del 19 al 26 de\nfebrero. En las instalaciones de Xmatkuil los desfiles ser\u00e1n de viernes a\nmartes, en ese lapso.<\/p>\n\n\n\n<p>Hay trabajos de limpieza, aunque las instalaciones no est\u00e1n\ndescuidadas porque apenas el 1 de diciembre concluy\u00f3 la Feria Yucat\u00e1n 2019. Se\nespera que en unos d\u00edas m\u00e1s se inicie la colocaci\u00f3n de gradas a lo largo del\nderrotero.<\/p>\n<div class='share-to-whatsapp-wrapper'><div class='share-on-whsp'>Share on: <\/div><a data-text='En la recta final los arreglos para el Carnaval de M\u00e9rida 2020 en X\u2019Matkuil' data-link='https:\/\/visionpeninsular.com\/mid\/en-la-recta-final-los-arreglos-para-el-carnaval-de-merida-2020-en-xmatkuil\/' class='whatsapp-button whatsapp-share'>WhatsApp<\/a><div class='clear '><\/div><\/div>","protected":false},"excerpt":{"rendered":"<p>Un grupo de trabajadores del Ayuntamiento de M\u00e9rida, se encuentra afinando los detalles en las instalaciones de la Feria de X\u2018Matkuil, &nbsp;para dar paso al Carnaval de M\u00e9rida 2020, &nbsp;tanto en cuestiones de limpieza como en la pavimentaci\u00f3n de una importante calle, la cual es utilizada por los veh\u00edculos particulares para abandonar las instalaciones durante &hellip;<\/p>\n","protected":false},"author":5,"featured_media":117309,"comment_status":"open","ping_status":"open","sticky":false,"template":"","format":"standard","meta":{"_mi_skip_tracking":false},"categories":[50,37],"tags":[19296],"_links":{"self":[{"href":"https:\/\/visionpeninsular.com\/mid\/wp-json\/wp\/v2\/posts\/117308"}],"collection":[{"href":"https:\/\/visionpeninsular.com\/mid\/wp-json\/wp\/v2\/posts"}],"about":[{"href":"https:\/\/visionpeninsular.com\/mid\/wp-json\/wp\/v2\/types\/post"}],"author":[{"embeddable":true,"href":"https:\/\/visionpeninsular.com\/mid\/wp-json\/wp\/v2\/users\/5"}],"replies":[{"embeddable":true,"href":"https:\/\/visionpeninsular.com\/mid\/wp-json\/wp\/v2\/comments?post=117308"}],"version-history":[{"count":1,"href":"https:\/\/visionpeninsular.com\/mid\/wp-json\/wp\/v2\/posts\/117308\/revisions"}],"predecessor-version":[{"id":117310,"href":"https:\/\/visionpeninsular.com\/mid\/wp-json\/wp\/v2\/posts\/117308\/revisions\/117310"}],"wp:featuredmedia":[{"embeddable":true,"href":"https:\/\/visionpeninsular.com\/mid\/wp-json\/wp\/v2\/media\/117309"}],"wp:attachment":[{"href":"https:\/\/visionpeninsular.com\/mid\/wp-json\/wp\/v2\/media?parent=117308"}],"wp:term":[{"taxonomy":"category","embeddable":true,"href":"https:\/\/visionpeninsular.com\/mid\/wp-json\/wp\/v2\/categories?post=117308"},{"taxonomy":"post_tag","embeddable":true,"href":"https:\/\/visionpeninsular.com\/mid\/wp-json\/wp\/v2\/tags?post=117308"}],"curies":[{"name":"wp","href":"https:\/\/api.w.org\/{rel}","templated":true}]}}