{"id":117277,"date":"2020-01-30T14:55:36","date_gmt":"2020-01-30T20:55:36","guid":{"rendered":"http:\/\/visionpeninsular.com\/mid\/?p=117277"},"modified":"2020-01-30T14:55:46","modified_gmt":"2020-01-30T20:55:46","slug":"renan-barrera-exhorta-a-no-bajar-la-guardia-en-materia-de-seguridad","status":"publish","type":"post","link":"https:\/\/visionpeninsular.com\/mid\/renan-barrera-exhorta-a-no-bajar-la-guardia-en-materia-de-seguridad\/","title":{"rendered":"Ren\u00e1n Barrera exhorta a no bajar la guardia en materia de seguridad"},"content":{"rendered":"\n<p><em>Hace un llamado a\ntodos los directores municipales a contribuir desde sus diferentes \u00e1reas<\/em><\/p>\n\n\n\n<p>El trabajo que realiza la Polic\u00eda Municipal de M\u00e9rida es en\nbuena medida el que permite que hoy estemos calificados como la segunda ciudad\nen el pa\u00eds y del continente, con una m\u00ednima percepci\u00f3n de inseguridad por parte\nde los ciudadanos, afirm\u00f3 el alcalde Ren\u00e1n Barrera Concha.<\/p>\n\n\n\n<figure class=\"wp-block-image size-large\"><img loading=\"lazy\" width=\"700\" height=\"476\" src=\"http:\/\/visionpeninsular.com\/mid\/wp-content\/uploads\/2020\/01\/segura-2.png\" alt=\"\" class=\"wp-image-117279\" srcset=\"https:\/\/visionpeninsular.com\/mid\/wp-content\/uploads\/2020\/01\/segura-2.png 700w, https:\/\/visionpeninsular.com\/mid\/wp-content\/uploads\/2020\/01\/segura-2-300x204.png 300w, https:\/\/visionpeninsular.com\/mid\/wp-content\/uploads\/2020\/01\/segura-2-110x75.png 110w\" sizes=\"(max-width: 700px) 100vw, 700px\" \/><\/figure>\n\n\n\n<p>Recalc\u00f3 que conforme a los resultados de la m\u00e1s reciente\nEncuesta Nacional de Seguridad P\u00fablica Urbana (ENSU), M\u00e9rida destaca porque\naqu\u00ed m\u00e1s del 80% de los ciudadanos manifiestan sentirse seguros, lo que\ncontraste con la media nacional del pa\u00eds, donde el 70% se siente inseguro.<\/p>\n\n\n\n<p>\u2014De acuerdo con el reporte del \u00faltimo trimestre de 2019,\ncompartimos el honor de ser la ciudad con&nbsp;\nmenor percepci\u00f3n de inseguridad con San Ped5ro Garza Garc\u00eda, que obtuvo\nel mismo porcentaje, aunque hay que tener en cuenta que M\u00e9rida tiene una\npoblaci\u00f3n mucho mayor que la de la ciudad neolonesa \u2014a\u00f1adi\u00f3.<\/p>\n\n\n\n<figure class=\"wp-block-image size-large\"><img loading=\"lazy\" width=\"756\" height=\"456\" src=\"http:\/\/visionpeninsular.com\/mid\/wp-content\/uploads\/2020\/01\/segura-3.png\" alt=\"\" class=\"wp-image-117280\" srcset=\"https:\/\/visionpeninsular.com\/mid\/wp-content\/uploads\/2020\/01\/segura-3.png 756w, https:\/\/visionpeninsular.com\/mid\/wp-content\/uploads\/2020\/01\/segura-3-300x181.png 300w\" sizes=\"(max-width: 756px) 100vw, 756px\" \/><\/figure>\n\n\n\n<p>Seg\u00fan el INEGI, detall\u00f3, San Pedro Garza Garc\u00eda tiene\n123,156 habitantes, y M\u00e9rida 892,363 vecinos, esto sin contar la poblaci\u00f3n\nflotante que aumenta cada vez m\u00e1s, indic\u00f3.<\/p>\n\n\n\n<p>En reuni\u00f3n con directores de las diferentes \u00e1reas del\nAyuntamiento, en la que estuvo presente el de la Polic\u00eda Municipal, Arturo\nRomero Escalante, el Concejal exhort\u00f3 a todos a no bajar la guardia y seguir\ntrabajando para que M\u00e9rida mantenga o incluso mejore sus par\u00e1metros.<\/p>\n\n\n\n<p>\u2014M\u00e9rida comenz\u00f3 el 2019 ocupando el tercer lugar dentro de\nla escala de medici\u00f3n, en los siguientes dos trimestres subi\u00f3 un escal\u00f3n en\nesta gr\u00e1fica hasta cerrar el 2019 compartiendo el primer lugar en menor\npercepci\u00f3n de inseguridad con San Pedro de la Garza Garc\u00eda \u2014puntualiz\u00f3.<\/p>\n\n\n\n<p>Se\u00f1al\u00f3 que todas las direcciones municipales deben emprender\nacciones para beneficio de la ciudadan\u00eda, con mejor infraestructura, parques\nm\u00e1s cuidados y seguros, obras sociales que trascienden en la comunidad, ya que\ntodo esto abona a la cohesi\u00f3n social, factor importante tambi\u00e9n para que los\nciudadanos se sientan seguros en el lugar donde viven.<\/p>\n\n\n\n<p>Destac\u00f3 que en esta administraci\u00f3n ha ido disminuyendo la\npercepci\u00f3n de inseguridad entre los ciudadanos, pues al principio del a\u00f1o\npasado era de 38% y cerr\u00f3 con el 18%.<\/p>\n\n\n\n<p>La encuesta de ENSU mide el nivel de aprobaci\u00f3n por parte de\nla ciudadan\u00eda y en ese sentido vamos bien, pero siempre podemos mejorar,\nasegur\u00f3 el primer edil.<\/p>\n\n\n\n<p>El comandante Romero Escalante detall\u00f3 que la percepci\u00f3n de\ninseguridad en M\u00e9rida fue de 38.5 al inicio de 2019; al mes de junio era de\n30.2, en septiembre fue de 22.8 y al cerrar el a\u00f1o disminuy\u00f3 a 19.9%<\/p>\n\n\n\n<p>Resalt\u00f3 que otro factor que ha influido positivamente es el\ntrabajo coordinado que realizan las dependencias polic\u00edas municipal y estatal,\nque unen esfuerzos con el mismo objetivo de reforzar la seguridad en todo el\nmunicipio.<\/p>\n\n\n\n<p>\u2014Trabajamos en coordinaci\u00f3n en operativos conjuntos,\nmodernizaci\u00f3n de equipos para combatir la delincuencia, as\u00ed como una constante\ncapacitaci\u00f3n de los elementos que integran las corporaciones \u2014abund\u00f3.<\/p>\n\n\n\n<p>Precis\u00f3 que las prestaciones, tanto en vivienda como en\nbecas, que reciben los elementos de la polic\u00eda municipal en la actual\nadministraci\u00f3n, forman parte del programa integral para mejorar sus condiciones\nde vida y, en consecuencia, su desempe\u00f1o como servidores p\u00fablicos.<\/p>\n\n\n\n<p>El alcalde ratific\u00f3 su compromiso con el bienestar de los\nPolic\u00edas Municipales, cuyo trabajo es invaluable y fundamental para mantener la\npaz social a la que estamos acostumbrados en M\u00e9rida.<\/p>\n<div class='share-to-whatsapp-wrapper'><div class='share-on-whsp'>Share on: <\/div><a data-text='Ren\u00e1n Barrera exhorta a no bajar la guardia en materia de seguridad' data-link='https:\/\/visionpeninsular.com\/mid\/renan-barrera-exhorta-a-no-bajar-la-guardia-en-materia-de-seguridad\/' class='whatsapp-button whatsapp-share'>WhatsApp<\/a><div class='clear '><\/div><\/div>","protected":false},"excerpt":{"rendered":"<p>Hace un llamado a todos los directores municipales a contribuir desde sus diferentes \u00e1reas El trabajo que realiza la Polic\u00eda Municipal de M\u00e9rida es en buena medida el que permite que hoy estemos calificados como la segunda ciudad en el pa\u00eds y del continente, con una m\u00ednima percepci\u00f3n de inseguridad por parte de los ciudadanos, &hellip;<\/p>\n","protected":false},"author":5,"featured_media":117278,"comment_status":"open","ping_status":"open","sticky":false,"template":"","format":"standard","meta":{"_mi_skip_tracking":false},"categories":[50,37],"tags":[17275,19287,5338],"_links":{"self":[{"href":"https:\/\/visionpeninsular.com\/mid\/wp-json\/wp\/v2\/posts\/117277"}],"collection":[{"href":"https:\/\/visionpeninsular.com\/mid\/wp-json\/wp\/v2\/posts"}],"about":[{"href":"https:\/\/visionpeninsular.com\/mid\/wp-json\/wp\/v2\/types\/post"}],"author":[{"embeddable":true,"href":"https:\/\/visionpeninsular.com\/mid\/wp-json\/wp\/v2\/users\/5"}],"replies":[{"embeddable":true,"href":"https:\/\/visionpeninsular.com\/mid\/wp-json\/wp\/v2\/comments?post=117277"}],"version-history":[{"count":1,"href":"https:\/\/visionpeninsular.com\/mid\/wp-json\/wp\/v2\/posts\/117277\/revisions"}],"predecessor-version":[{"id":117281,"href":"https:\/\/visionpeninsular.com\/mid\/wp-json\/wp\/v2\/posts\/117277\/revisions\/117281"}],"wp:featuredmedia":[{"embeddable":true,"href":"https:\/\/visionpeninsular.com\/mid\/wp-json\/wp\/v2\/media\/117278"}],"wp:attachment":[{"href":"https:\/\/visionpeninsular.com\/mid\/wp-json\/wp\/v2\/media?parent=117277"}],"wp:term":[{"taxonomy":"category","embeddable":true,"href":"https:\/\/visionpeninsular.com\/mid\/wp-json\/wp\/v2\/categories?post=117277"},{"taxonomy":"post_tag","embeddable":true,"href":"https:\/\/visionpeninsular.com\/mid\/wp-json\/wp\/v2\/tags?post=117277"}],"curies":[{"name":"wp","href":"https:\/\/api.w.org\/{rel}","templated":true}]}}