{"id":117266,"date":"2020-01-29T19:50:04","date_gmt":"2020-01-30T01:50:04","guid":{"rendered":"http:\/\/visionpeninsular.com\/mid\/?p=117266"},"modified":"2020-01-29T19:50:16","modified_gmt":"2020-01-30T01:50:16","slug":"mauricio-vila-firma-acuerdo-con-airbus-para-establecer-una-escuela-de-pilotos-de-helicopteros-en-yucatan","status":"publish","type":"post","link":"https:\/\/visionpeninsular.com\/mid\/mauricio-vila-firma-acuerdo-con-airbus-para-establecer-una-escuela-de-pilotos-de-helicopteros-en-yucatan\/","title":{"rendered":"Mauricio Vila firma acuerdo con Airbus para establecer una escuela de pilotos de helic\u00f3pteros en Yucat\u00e1n"},"content":{"rendered":"\n<p><em>&nbsp;-De esta manera, Vila Dosal concreta la\nllegada al estado de una firma de alcance global y marca el principio de una\nrelaci\u00f3n a largo plazo que puede derivar en nuevas y mayores inversiones, lo\nque significa m\u00e1s y mejores empleos para los yucatecos.<\/em><\/p>\n\n\n\n<p><em>-Durante la Heli-Expo\n2020 en Anaheim, Estados Unidos, el Gobernador y directivos de la compa\u00f1\u00eda\nl\u00edder en la industria aeroespacial concretan el establecimiento de esta escuela\npara toda Am\u00e9rica Latina<\/em><\/p>\n\n\n\n<p><em>-El objetivo es\nreforzar la seguridad a\u00e9rea y de responder a la creciente demanda de pilotos,\nse\u00f1ala Vila Dosal.<\/em><\/p>\n\n\n\n<p>Anaheim, California, Estados Unidos, 29 de enero de 2020.-\nEl Gobernador Mauricio Vila Dosal firm\u00f3 en este d\u00eda el acuerdo de cooperaci\u00f3n\ncon la empresa Airbus, compa\u00f1\u00eda especializada en la industria aeroespacial, y\nla Escuela de Aviaci\u00f3n M\u00e9xico (EAM), que permitir\u00e1 establecer en Yucat\u00e1n una\nescuela de pilotos de helic\u00f3ptero para toda Am\u00e9rica Latina.<\/p>\n\n\n\n<figure class=\"wp-block-image size-large\"><img loading=\"lazy\" width=\"1024\" height=\"762\" src=\"http:\/\/visionpeninsular.com\/mid\/wp-content\/uploads\/2020\/01\/helib\u00fas-2.jpg\" alt=\"\" class=\"wp-image-117268\" srcset=\"https:\/\/visionpeninsular.com\/mid\/wp-content\/uploads\/2020\/01\/helib\u00fas-2.jpg 1024w, https:\/\/visionpeninsular.com\/mid\/wp-content\/uploads\/2020\/01\/helib\u00fas-2-300x223.jpg 300w, https:\/\/visionpeninsular.com\/mid\/wp-content\/uploads\/2020\/01\/helib\u00fas-2-768x572.jpg 768w\" sizes=\"(max-width: 1024px) 100vw, 1024px\" \/><\/figure>\n\n\n\n<p>De esta manera, Vila Dosal concreta la llegada al estado de\nuna firma de alcance global, en un sector donde Yucat\u00e1n tiene amplias\noportunidades como lo es el aeroespacial y que, sin duda, contribuir\u00e1 a seguir\nimpulsando el crecimiento y desarrollo de Yucat\u00e1n. Adem\u00e1s, significa el primer\nacercamiento de esta empresa al sureste del pa\u00eds, con lo que el estado se\ncoloca como l\u00edder en la atracci\u00f3n de este tipo de empresas en la regi\u00f3n.<\/p>\n\n\n\n<p>La colaboraci\u00f3n lograda por el Gobernador con Airbus tambi\u00e9n\nrepresenta el primer paso en el establecimiento de una relaci\u00f3n a largo plazo\nque podr\u00eda derivar en nuevas y mayores inversiones para Yucat\u00e1n, lo que, sin\nduda, se traduce en m\u00e1s y mejores empleos.<\/p>\n\n\n\n<figure class=\"wp-block-image size-large\"><img loading=\"lazy\" width=\"1024\" height=\"763\" src=\"http:\/\/visionpeninsular.com\/mid\/wp-content\/uploads\/2020\/01\/helib\u00fas-3.jpg\" alt=\"\" class=\"wp-image-117269\" srcset=\"https:\/\/visionpeninsular.com\/mid\/wp-content\/uploads\/2020\/01\/helib\u00fas-3.jpg 1024w, https:\/\/visionpeninsular.com\/mid\/wp-content\/uploads\/2020\/01\/helib\u00fas-3-300x224.jpg 300w, https:\/\/visionpeninsular.com\/mid\/wp-content\/uploads\/2020\/01\/helib\u00fas-3-768x572.jpg 768w\" sizes=\"(max-width: 1024px) 100vw, 1024px\" \/><\/figure>\n\n\n\n<p>En el marco de la Heli-Expo 2020, que se desarrolla en la\nciudad estadounidense de Anaheim, la muestra m\u00e1s grande en su tipo que re\u00fane a\nm\u00e1s de 700 expositores y es organizada por la Asociaci\u00f3n Internacional de\nHelic\u00f3ptero (HAI, por sus siglas en ingl\u00e9s), Vila Dosal suscribi\u00f3 el documento\njunto con el director general de Airbus en M\u00e9xico, Ricardo Capilla, y el\npresidente de EAM, Alfredo Vel\u00e1zquez Jim\u00e9nez.<\/p>\n\n\n\n<p>Al dirigir un mensaje, el Gobernador se\u00f1al\u00f3 que es una\nsatisfacci\u00f3n constatar que Yucat\u00e1n, por su dinamismo econ\u00f3mico, su\ninfraestructura moderna de transporte, su capital humano calificado, entre\notros factores, ofrece unas condiciones atractivas para empresas como Airbus,\nque tienen proyectos de inversi\u00f3n a largo plazo.<\/p>\n\n\n\n<figure class=\"wp-block-image size-large\"><img loading=\"lazy\" width=\"1024\" height=\"768\" src=\"http:\/\/visionpeninsular.com\/mid\/wp-content\/uploads\/2020\/01\/helib\u00fas-4.jpg\" alt=\"\" class=\"wp-image-117270\" srcset=\"https:\/\/visionpeninsular.com\/mid\/wp-content\/uploads\/2020\/01\/helib\u00fas-4.jpg 1024w, https:\/\/visionpeninsular.com\/mid\/wp-content\/uploads\/2020\/01\/helib\u00fas-4-300x225.jpg 300w, https:\/\/visionpeninsular.com\/mid\/wp-content\/uploads\/2020\/01\/helib\u00fas-4-768x576.jpg 768w\" sizes=\"(max-width: 1024px) 100vw, 1024px\" \/><\/figure>\n\n\n\n<p>\u201cHay una demanda creciente de pilotos de helic\u00f3ptero en toda\nla regi\u00f3n y especialmente en el sureste de M\u00e9xico, nuestro estado re\u00fane las\ncondiciones necesarias para la instalaci\u00f3n de este nuevo centro de\ncapacitaci\u00f3n\u201d, expres\u00f3 Vila Dosal.<\/p>\n\n\n\n<p>Como anunci\u00f3 el Gobernador la semana pasada, la nueva\nescuela de pilotos de helic\u00f3ptero se ubicar\u00e1 en el aeropuerto internacional de\nM\u00e9rida \u201cManuel Crescencio Rej\u00f3n\u201d y acoger\u00e1 pilotos de toda Am\u00e9rica Latina. En\nella, se ofrecer\u00e1n varios tipos de formaciones que incluyen cursos ab-initio\npara nuevos pilotos, cursos para pilotos comerciales, capacitaci\u00f3n para vuelos\ninstrumentales (IFR), cursos de transici\u00f3n de ala fija a helic\u00f3ptero, entre\notras opciones curriculares.<\/p>\n\n\n\n<figure class=\"wp-block-image size-large\"><img loading=\"lazy\" width=\"1024\" height=\"695\" src=\"http:\/\/visionpeninsular.com\/mid\/wp-content\/uploads\/2020\/01\/helib\u00fas-5.jpg\" alt=\"\" class=\"wp-image-117271\" srcset=\"https:\/\/visionpeninsular.com\/mid\/wp-content\/uploads\/2020\/01\/helib\u00fas-5.jpg 1024w, https:\/\/visionpeninsular.com\/mid\/wp-content\/uploads\/2020\/01\/helib\u00fas-5-300x204.jpg 300w, https:\/\/visionpeninsular.com\/mid\/wp-content\/uploads\/2020\/01\/helib\u00fas-5-768x521.jpg 768w, https:\/\/visionpeninsular.com\/mid\/wp-content\/uploads\/2020\/01\/helib\u00fas-5-110x75.jpg 110w\" sizes=\"(max-width: 1024px) 100vw, 1024px\" \/><\/figure>\n\n\n\n<p>\u201cLa creaci\u00f3n de esta escuela se inscribe el fuerte\ncompromiso de Airbus de continuar respondiendo a la demanda de pilotos de\nhelic\u00f3pteros y reforzando la seguridad a\u00e9rea en M\u00e9xico y en toda la regi\u00f3n\u201d,\ndeclar\u00f3 Ricardo Capilla.<\/p>\n\n\n\n<p>\u201cQuiero dar las gracias al Gobernador Vila Dosal por\ncolaborar con Airbus en el desarrollo del sector aeron\u00e1utico en el estado de\nYucat\u00e1n, permitiendo que se pueda entregar una formaci\u00f3n de calidad y con los\nmayores est\u00e1ndares de seguridad a centenares de pilotos\u201d, a\u00f1adi\u00f3 el alto\ndirectivo de esta firma de alcance global.<\/p>\n\n\n\n<p>A nivel mundial, Airbus es l\u00edder mundial en aeron\u00e1utica,\nespacio y servicios relacionados. En 2018, con una plantilla de alrededor de\n134,000 empleados, gener\u00f3 unos ingresos de 64,000 millones de euros. La\ncompa\u00f1\u00eda ofrece la gama m\u00e1s completa de aviones de pasajeros. Asimismo, es\nl\u00edder europeo en la fabricaci\u00f3n de aviones de repostaje, de combate, de\ntransporte y para misiones, y adem\u00e1s es una de las empresas espaciales l\u00edderes\na nivel mundial. En helic\u00f3pteros, Airbus proporciona las soluciones m\u00e1s\neficientes del mundo en helic\u00f3pteros civiles y militares.<\/p>\n\n\n\n<p>En M\u00e9xico, Airbus tiene una presencia de casi 40 a\u00f1os, tiene\nuna plantilla de 700 empleados directos en sus tres divisiones y genera m\u00e1s de\n5,000 empleos indirectos a trav\u00e9s de su cadena de suministro.<\/p>\n\n\n\n<p>La firma es l\u00edder del sector aeroespacial con una cuota de\nmercado del 60 por ciento en la industria de la aviaci\u00f3n comercial. Adem\u00e1s,\ncuenta con 22 aviones de transporte militar en servicio, una flota de 150\nhelic\u00f3pteros y una red de comunicaci\u00f3n con tecnolog\u00eda Tetrapol que interconecta\n32 redes regionales y 200 municipios.<\/p>\n\n\n\n<p>En 2008, Airbus y Escuela de Aviaci\u00f3n M\u00e9xico lanzaron en sus\ninstalaciones de Heliescuela este programa \u00fanico de entrenamiento de pilotos de\nhelic\u00f3ptero, brindando entrenamiento de alto nivel con un enfoque particular en\nla formaci\u00f3n de ab-initio (un programa para entrenar pilotos altamente\ncalificados). La Escuela de Aviaci\u00f3n M\u00e9xico (EAM) fue fundada en 1943 y es la\nprincipal formadora de pilotos aviadores en M\u00e9xico, con 65 aeronaves, 12\nsimuladores, con presencia en Ciudad de M\u00e9xico, Guadalajara, Cuernavaca,\nAcapulco y Atizap\u00e1n.<\/p>\n\n\n\n<p>Hay que destacar que el Gobernador ha mantenido una cercana\nrelaci\u00f3n con los directivos de Airbus, con quienes en diversas ocasiones se ha\nreunido para darles a conocer a Yucat\u00e1n como un polo atractivo para las\ninversiones, dejando en claro la vocaci\u00f3n industrial del estado y las ventajas\nlog\u00edsticas de comunicaci\u00f3n mar\u00edtima y a\u00e9rea, la mano de obra calificada y la\nposibilidad de generar redes de empresas proveedoras son bondades que se\nencuentran en pocos lugares del mundo.<\/p>\n\n\n\n<p>La primera cita se dio en el marco de su misi\u00f3n de negocios\ndurante la edici\u00f3n 53 Exposici\u00f3n Internacional de Aeron\u00e1utica y Espacio de\nPar\u00eds, Francia en junio del a\u00f1o pasado, donde Vila Dosal estuvo promocionando a\nYucat\u00e1n ante empresarios de alto nivel tecnol\u00f3gico y sostuvo encuentros con\nBruno du Pradel, vicepresidente internacional de Operaciones y Relaciones\nP\u00fablicas de Airbus y con Pierre Marie Gout, director comercial de la divisi\u00f3n\nhelic\u00f3pteros.<\/p>\n\n\n\n<p>Ah\u00ed, la firma francesa habl\u00f3 del inter\u00e9s en invertir en\nnuestro pa\u00eds y sobre el gran potencial que tiene Yucat\u00e1n para la instalaci\u00f3n de\nuna importante red peque\u00f1as y medianas empresas que construyan piezas y brinden\nmantenimiento a las aeronaves reduciendo costos y mejorando la mano de obra.<\/p>\n\n\n\n<p>Tiempo despu\u00e9s, en noviembre pasado, durante gira de trabajo\nen Marsella, Francia, el Gobernador se reuni\u00f3 en el Centro de Desarrollo de\nIngenier\u00eda y Manufactura de Airbus con altos directivos de Airbus Helicopters,\nMesrob Karalekian, vicepresidente para Am\u00e9rica Latina; Martin Werner,\nvicepresidente de Industria, Alain Krief, director de Inversiones y\nParticipaci\u00f3n Industrial, Eric Th\u00e9baud, director de Compras, y Mathias Klein,\ndirector de Seguridad Operacional.<\/p>\n\n\n\n<p>En ese marco, se destac\u00f3 que lo que se busca con este\nconsorcio de capital internacional es que empresas yucatecas se inserten en la\ncadena de proveedur\u00eda y de manera indirecta se fabriquen partes que luego sean\nusadas en las aeronaves de Airbus.<\/p>\n\n\n\n<p>De igual manera, el Gobernador pudo conocer la l\u00ednea de\ntrabajo, los requerimientos t\u00e9cnicos, las capacidades de la mano de obra y los\nprocesos a los cuales Yucat\u00e1n se puede sumar. Ah\u00ed visit\u00f3 las l\u00edneas de\nensamblaje de los helic\u00f3pteros que se fabrican en este pa\u00eds, adem\u00e1s de tener la\noportunidad de observar la tecnolog\u00eda con la que se trabaja y la innovaci\u00f3n en\nlos dise\u00f1os que se desarrollan.<\/p>\n\n\n\n<p>Las atractivas condiciones que ofrece Yucat\u00e1n permiten que\nfirmas como Airbus, l\u00edder en el sector aeroespacial se interese en el\ndesarrollo de largo plazo de proyectos de inversi\u00f3n de alto valor agregado.<\/p>\n\n\n\n<p>El Gobierno de Vila Dosal mantiene la visi\u00f3n seguir\natrayendo inversiones que generen m\u00e1s fuentes de empleo y oportunidades a los\nyucatecos, lo que s\u00f3lo puede ser posible si se traen empresas con grandes\ncapitales como Airbus.<\/p>\n<div class='share-to-whatsapp-wrapper'><div class='share-on-whsp'>Share on: <\/div><a data-text='Mauricio Vila firma acuerdo con Airbus para establecer una escuela de pilotos de helic\u00f3pteros en Yucat\u00e1n' data-link='https:\/\/visionpeninsular.com\/mid\/mauricio-vila-firma-acuerdo-con-airbus-para-establecer-una-escuela-de-pilotos-de-helicopteros-en-yucatan\/' class='whatsapp-button whatsapp-share'>WhatsApp<\/a><div class='clear '><\/div><\/div>","protected":false},"excerpt":{"rendered":"<p>&nbsp;-De esta manera, Vila Dosal concreta la llegada al estado de una firma de alcance global y marca el principio de una relaci\u00f3n a largo plazo que puede derivar en nuevas y mayores inversiones, lo que significa m\u00e1s y mejores empleos para los yucatecos. -Durante la Heli-Expo 2020 en Anaheim, Estados Unidos, el Gobernador y &hellip;<\/p>\n","protected":false},"author":5,"featured_media":117267,"comment_status":"open","ping_status":"open","sticky":false,"template":"","format":"standard","meta":{"_mi_skip_tracking":false},"categories":[49,37],"tags":[19171,3861],"_links":{"self":[{"href":"https:\/\/visionpeninsular.com\/mid\/wp-json\/wp\/v2\/posts\/117266"}],"collection":[{"href":"https:\/\/visionpeninsular.com\/mid\/wp-json\/wp\/v2\/posts"}],"about":[{"href":"https:\/\/visionpeninsular.com\/mid\/wp-json\/wp\/v2\/types\/post"}],"author":[{"embeddable":true,"href":"https:\/\/visionpeninsular.com\/mid\/wp-json\/wp\/v2\/users\/5"}],"replies":[{"embeddable":true,"href":"https:\/\/visionpeninsular.com\/mid\/wp-json\/wp\/v2\/comments?post=117266"}],"version-history":[{"count":1,"href":"https:\/\/visionpeninsular.com\/mid\/wp-json\/wp\/v2\/posts\/117266\/revisions"}],"predecessor-version":[{"id":117272,"href":"https:\/\/visionpeninsular.com\/mid\/wp-json\/wp\/v2\/posts\/117266\/revisions\/117272"}],"wp:featuredmedia":[{"embeddable":true,"href":"https:\/\/visionpeninsular.com\/mid\/wp-json\/wp\/v2\/media\/117267"}],"wp:attachment":[{"href":"https:\/\/visionpeninsular.com\/mid\/wp-json\/wp\/v2\/media?parent=117266"}],"wp:term":[{"taxonomy":"category","embeddable":true,"href":"https:\/\/visionpeninsular.com\/mid\/wp-json\/wp\/v2\/categories?post=117266"},{"taxonomy":"post_tag","embeddable":true,"href":"https:\/\/visionpeninsular.com\/mid\/wp-json\/wp\/v2\/tags?post=117266"}],"curies":[{"name":"wp","href":"https:\/\/api.w.org\/{rel}","templated":true}]}}