{"id":117243,"date":"2020-01-29T12:16:35","date_gmt":"2020-01-29T18:16:35","guid":{"rendered":"http:\/\/visionpeninsular.com\/mid\/?p=117243"},"modified":"2020-01-29T12:16:43","modified_gmt":"2020-01-29T18:16:43","slug":"fuertes-criticas-de-ramirez-marin-por-desabasto-de-medicamentos","status":"publish","type":"post","link":"https:\/\/visionpeninsular.com\/mid\/fuertes-criticas-de-ramirez-marin-por-desabasto-de-medicamentos\/","title":{"rendered":"Fuertes cr\u00edticas de Ram\u00edrez Mar\u00edn por desabasto de medicamentos"},"content":{"rendered":"\n<p>El senador de la Rep\u00fablica por el Partido Revolucionario\nInstitucional (PRI), realiz\u00f3 una fuerte cr\u00edtica al gobierno federal, al no\nhaber podido resolver el desabasto de medicamentos, y enfatiz\u00f3 en que es\nmomento de aceptar el error que es muy comprensible, pero hay que enmendarlo y\nactuar de manera inmediata.<\/p>\n\n\n\n<p>&nbsp;\u201cAl gobierno le hace\nfalta autocr\u00edtica, un d\u00eda son los directores de hospitales, otro es la mafia de\nlas medicinas, la administraci\u00f3n anterior, pero el caso es que no hay medicinas\u201d\n, se\u00f1al\u00f3 el senador.<\/p>\n\n\n\n<p>Asimismo, record\u00f3 que este ha sido un problema desde 2 meses\ndespu\u00e9s que la administraci\u00f3n de Andr\u00e9s Manuel L\u00f3pez Obrador tom\u00f3 posesi\u00f3n, y\nhasta la actualidad, en donde cientos de ni\u00f1os con c\u00e1ncer, as\u00ed como otras\npersonas, se han visto afectados.<\/p>\n\n\n\n<p>\u201cEn lugar de buscar culpables, deber\u00edan buscar donde est\u00e1n\nlos errores y con toda buena fe corregirlos, es algo que se entiende\u201d, dijo el\nsenador.<\/p>\n\n\n\n<p>Concluy\u00f3 que el gobierno debe dejar de hablar, y comenzar a\nactuar, a fin de encontrar soluciones que sean ben\u00e9ficas para los mexicanos.<\/p>\n\n\n\n<p>\u201cEl gobierno no puede depender del preformismo, es decir\ncosas y pensar que como ya se dijeron ya se hicieron, es hacer presentaciones\nen lugar de hechos concretos, me preocupa que el gobierno federal, con m\u00e1s de\nun a\u00f1o de trabajo, no tenga todav\u00eda una din\u00e1mica hacia adelante\u201d<\/p>\n<div class='share-to-whatsapp-wrapper'><div class='share-on-whsp'>Share on: <\/div><a data-text='Fuertes cr\u00edticas de Ram\u00edrez Mar\u00edn por desabasto de medicamentos' data-link='https:\/\/visionpeninsular.com\/mid\/fuertes-criticas-de-ramirez-marin-por-desabasto-de-medicamentos\/' class='whatsapp-button whatsapp-share'>WhatsApp<\/a><div class='clear '><\/div><\/div>","protected":false},"excerpt":{"rendered":"<p>El senador de la Rep\u00fablica por el Partido Revolucionario Institucional (PRI), realiz\u00f3 una fuerte cr\u00edtica al gobierno federal, al no haber podido resolver el desabasto de medicamentos, y enfatiz\u00f3 en que es momento de aceptar el error que es muy comprensible, pero hay que enmendarlo y actuar de manera inmediata. &nbsp;\u201cAl gobierno le hace falta &hellip;<\/p>\n","protected":false},"author":5,"featured_media":117244,"comment_status":"open","ping_status":"open","sticky":false,"template":"","format":"standard","meta":{"_mi_skip_tracking":false},"categories":[50,37],"tags":[19284,1370],"_links":{"self":[{"href":"https:\/\/visionpeninsular.com\/mid\/wp-json\/wp\/v2\/posts\/117243"}],"collection":[{"href":"https:\/\/visionpeninsular.com\/mid\/wp-json\/wp\/v2\/posts"}],"about":[{"href":"https:\/\/visionpeninsular.com\/mid\/wp-json\/wp\/v2\/types\/post"}],"author":[{"embeddable":true,"href":"https:\/\/visionpeninsular.com\/mid\/wp-json\/wp\/v2\/users\/5"}],"replies":[{"embeddable":true,"href":"https:\/\/visionpeninsular.com\/mid\/wp-json\/wp\/v2\/comments?post=117243"}],"version-history":[{"count":1,"href":"https:\/\/visionpeninsular.com\/mid\/wp-json\/wp\/v2\/posts\/117243\/revisions"}],"predecessor-version":[{"id":117245,"href":"https:\/\/visionpeninsular.com\/mid\/wp-json\/wp\/v2\/posts\/117243\/revisions\/117245"}],"wp:featuredmedia":[{"embeddable":true,"href":"https:\/\/visionpeninsular.com\/mid\/wp-json\/wp\/v2\/media\/117244"}],"wp:attachment":[{"href":"https:\/\/visionpeninsular.com\/mid\/wp-json\/wp\/v2\/media?parent=117243"}],"wp:term":[{"taxonomy":"category","embeddable":true,"href":"https:\/\/visionpeninsular.com\/mid\/wp-json\/wp\/v2\/categories?post=117243"},{"taxonomy":"post_tag","embeddable":true,"href":"https:\/\/visionpeninsular.com\/mid\/wp-json\/wp\/v2\/tags?post=117243"}],"curies":[{"name":"wp","href":"https:\/\/api.w.org\/{rel}","templated":true}]}}