{"id":117209,"date":"2020-01-29T11:05:28","date_gmt":"2020-01-29T17:05:28","guid":{"rendered":"http:\/\/visionpeninsular.com\/mid\/?p=117209"},"modified":"2020-01-29T11:06:03","modified_gmt":"2020-01-29T17:06:03","slug":"bepensa-inaugura-ocho-lactarios-en-apoyo-a-lactancia-materna","status":"publish","type":"post","link":"https:\/\/visionpeninsular.com\/mid\/bepensa-inaugura-ocho-lactarios-en-apoyo-a-lactancia-materna\/","title":{"rendered":"Bepensa inaugura ocho lactarios en apoyo a lactancia materna"},"content":{"rendered":"\n<p>Con el compromiso de brindar protecci\u00f3n, promoci\u00f3n y apoyo\nde la lactancia materna y ofrecer servicios que mejoren la calidad de vida de\nlos ciudadanos, el Ayuntamiento de M\u00e9rida inaugur\u00f3 este martes de manera\nsimult\u00e1nea ocho lactarios en las diferentes plantas de la empresa Bepensa.<\/p>\n\n\n\n<p>En el evento, en el que se resalt\u00f3 la importancia de\nfomentar la lactancia materna para el cuidado de madres y beb\u00e9s, el secretario\nde Participaci\u00f3n Ciudadana, Julio Sauma Castillo, acompa\u00f1ado de la directora\ndel DIF Municipal, Susy pasos Alpuche, y personal de la citada empresa, realiz\u00f3\nel corte de list\u00f3n de este nuevo espacio ubicado en la empresa Bepensa Glacial\nMetaplus y que estar\u00e1 a disposici\u00f3n de las madres trabajadoras en etapa de\namamantamiento.<\/p>\n\n\n\n<p>El funcionario municipal, indic\u00f3 que a solicitud del alcalde\nRen\u00e1n Barrera Concha, desde el DIF M\u00e9rida, se han emprendido acciones como el\nprograma Madre Sana, Ni\u00f1os Saludables, para mejorar el estado nutricional de\nmujeres embarazadas o en etapa de lactancia, as\u00ed como de ni\u00f1as y ni\u00f1os menores\nde 5 a\u00f1os y mujeres adolescentes, a trav\u00e9s de estrategias de intervenci\u00f3n,\neducaci\u00f3n y capacitaci\u00f3n nutricional.<\/p>\n\n\n\n<p>\u2014Como Ayuntamiento estamos promoviendo que las empresas sean\nsociablemente responsables, y este caso es un ejemplo que queremos que se\nreplique\u2014continu\u00f3\u2014. Estamos logrando avances porque las empresas se est\u00e1n\npreocupando por el bienestar de sus empleados, sobretodo en el caso de las\nmadres.<\/p>\n\n\n\n<p>Sauma Castillo explic\u00f3 que con la firma de la carta de\nintenci\u00f3n con la empresa Bepensa, el DIF Municipal supervisar\u00e1 el\nfuncionamiento del lactario y brindar\u00e1 capacitaci\u00f3n a las usuarias sobre las\nt\u00e9cnicas adecuadas para extraer y manejar la leche materna y el uso correcto de\nlos aparatos.<\/p>\n\n\n\n<p>Durante esta administraci\u00f3n, el Ayuntamiento de M\u00e9rida ha\ninaugurado tres lactarios en Heineken M\u00e9xico, La Gran Plaza, DIF Municipal y la\nreinauguraci\u00f3n de la sala ubicada en el Centro Municipal de Atenci\u00f3n\nNutricional y Diabetes (CEMANUD).<\/p>\n\n\n\n<p>En total, con estas ocho inauguraciones simult\u00e1neas de hoy,\nla administraci\u00f3n municipal cuenta con 19 lactarios.<\/p>\n\n\n\n<p>La ejecutiva de Cambio y Cultura Organizacional de Bepensa,\nZurya Orteg\u00f3n Novelo, destac\u00f3 la importancia de que las empresas se sumen a\nestas acciones de salud impulsadas por el Ayuntamiento de M\u00e9rida e invit\u00f3 a que\nm\u00e1s empresas se creen espacios para que las empleadas puedan contar con un\nespacio como los lactarios.<\/p>\n\n\n\n<p>\u2014Tenemos el fuerte compromiso con las madres y familias,\nporque sabemos que en el momento en que ponemos a disposici\u00f3n de las madres un\nlactario, no solamente estamos impactando en el beneficio de ellas y de los\nbeb\u00e9s, sino de toda la familia\u2014expres\u00f3.<\/p>\n\n\n\n<p>Por su parte, la madre usuaria y promotora de la lactancia\nmaterna, Karla Garc\u00eda Landeros, agradeci\u00f3 a su empresa por abrir este nuevo\nespacio y agradeci\u00f3 al ayuntamiento y al DIF Municipal por demostrar su inter\u00e9s\nen la salud y nutrici\u00f3n de las madres de familia y sus beb\u00e9s.<\/p>\n\n\n\n<p>Los ocho nuevos lactarios de Bepensa que fueron\nsimult\u00e1neamente inaugurados est\u00e1n ubicados en la planta Bepensa Metaplus\nGlacial, planta Bebidas Poniente, oficinas Parque, oficinas Financiera, planta\nBebidas Pacabt\u00fan, Cummis Megamark y el lactario m\u00f3vil Motriz.<\/p>\n\n\n\n<p>El programa Madre Sana, Ni\u00f1os Saludables, del DIF Municipal,\nhe evolucionado y crecido de acuerdo a las necesidades que se presentan y la\ndemanda de los ciudadanos, el cual cuenta con las estrategias de Consulta de\nnutrici\u00f3n, A libre demanda, Comienza DIFerente y crece saludable, Aprendamos\nsobre lactancia materna y No es de dos, es todos.<\/p>\n<div class='share-to-whatsapp-wrapper'><div class='share-on-whsp'>Share on: <\/div><a data-text='Bepensa inaugura ocho lactarios en apoyo a lactancia materna' data-link='https:\/\/visionpeninsular.com\/mid\/bepensa-inaugura-ocho-lactarios-en-apoyo-a-lactancia-materna\/' class='whatsapp-button whatsapp-share'>WhatsApp<\/a><div class='clear '><\/div><\/div>","protected":false},"excerpt":{"rendered":"<p>Con el compromiso de brindar protecci\u00f3n, promoci\u00f3n y apoyo de la lactancia materna y ofrecer servicios que mejoren la calidad de vida de los ciudadanos, el Ayuntamiento de M\u00e9rida inaugur\u00f3 este martes de manera simult\u00e1nea ocho lactarios en las diferentes plantas de la empresa Bepensa. En el evento, en el que se resalt\u00f3 la importancia &hellip;<\/p>\n","protected":false},"author":5,"featured_media":117210,"comment_status":"open","ping_status":"open","sticky":false,"template":"","format":"standard","meta":{"_mi_skip_tracking":false},"categories":[50,37],"tags":[19278,721,19277],"_links":{"self":[{"href":"https:\/\/visionpeninsular.com\/mid\/wp-json\/wp\/v2\/posts\/117209"}],"collection":[{"href":"https:\/\/visionpeninsular.com\/mid\/wp-json\/wp\/v2\/posts"}],"about":[{"href":"https:\/\/visionpeninsular.com\/mid\/wp-json\/wp\/v2\/types\/post"}],"author":[{"embeddable":true,"href":"https:\/\/visionpeninsular.com\/mid\/wp-json\/wp\/v2\/users\/5"}],"replies":[{"embeddable":true,"href":"https:\/\/visionpeninsular.com\/mid\/wp-json\/wp\/v2\/comments?post=117209"}],"version-history":[{"count":1,"href":"https:\/\/visionpeninsular.com\/mid\/wp-json\/wp\/v2\/posts\/117209\/revisions"}],"predecessor-version":[{"id":117211,"href":"https:\/\/visionpeninsular.com\/mid\/wp-json\/wp\/v2\/posts\/117209\/revisions\/117211"}],"wp:featuredmedia":[{"embeddable":true,"href":"https:\/\/visionpeninsular.com\/mid\/wp-json\/wp\/v2\/media\/117210"}],"wp:attachment":[{"href":"https:\/\/visionpeninsular.com\/mid\/wp-json\/wp\/v2\/media?parent=117209"}],"wp:term":[{"taxonomy":"category","embeddable":true,"href":"https:\/\/visionpeninsular.com\/mid\/wp-json\/wp\/v2\/categories?post=117209"},{"taxonomy":"post_tag","embeddable":true,"href":"https:\/\/visionpeninsular.com\/mid\/wp-json\/wp\/v2\/tags?post=117209"}],"curies":[{"name":"wp","href":"https:\/\/api.w.org\/{rel}","templated":true}]}}