{"id":11719,"date":"2016-09-07T10:00:34","date_gmt":"2016-09-07T15:00:34","guid":{"rendered":"http:\/\/visionpeninsular.com\/mid\/?p=11719"},"modified":"2016-09-07T10:00:34","modified_gmt":"2016-09-07T15:00:34","slug":"incautan-a-sujeto-con-72-mil-900-dolares-en-aeropuerto-de-merida","status":"publish","type":"post","link":"https:\/\/visionpeninsular.com\/mid\/incautan-a-sujeto-con-72-mil-900-dolares-en-aeropuerto-de-merida\/","title":{"rendered":"Incautan a sujeto con 72 mil 900 d\u00f3lares en Aeropuerto de M\u00e9rida"},"content":{"rendered":"<p>(ACOM).- Esta semana fueron incautados en el aeropuerto meridano 72 mil 900 d\u00f3lares americanos a una persona del sexo masculino que pretend\u00eda viajar a Guadalajara y posteriormente a Los \u00c1ngeles, California.<\/p>\n<p>De acuerdo con el reporte de la Estaci\u00f3n Aeropuerto M\u00e9rida de la Polic\u00eda Federal (PF), la dependencia asegur\u00f3, adem\u00e1s de la fuerte suma en d\u00f3lares, mil pesos mexicanos dentro de una maleta en el filtro internacional A, a las 15:25 horas de este martes.<\/p>\n<p>Debido a que la persona que los transportaba no pudo acreditar la procedencia del dinero, este fue puesto a disposici\u00f3n del Ministerio P\u00fablico Federal para el desarrollo de las investigaciones<\/p>\n<div class='share-to-whatsapp-wrapper'><div class='share-on-whsp'>Share on: <\/div><a data-text='Incautan a sujeto con 72 mil 900 d\u00f3lares en Aeropuerto de M\u00e9rida' data-link='https:\/\/visionpeninsular.com\/mid\/incautan-a-sujeto-con-72-mil-900-dolares-en-aeropuerto-de-merida\/' class='whatsapp-button whatsapp-share'>WhatsApp<\/a><div class='clear '><\/div><\/div>","protected":false},"excerpt":{"rendered":"<p>(ACOM).- Esta semana fueron incautados en el aeropuerto meridano 72 mil 900 d\u00f3lares americanos a una persona del sexo masculino que pretend\u00eda viajar a Guadalajara y posteriormente a Los \u00c1ngeles, California. De acuerdo con el reporte de la Estaci\u00f3n Aeropuerto M\u00e9rida de la Polic\u00eda Federal (PF), la dependencia asegur\u00f3, adem\u00e1s de la fuerte suma en &hellip;<\/p>\n","protected":false},"author":1,"featured_media":11720,"comment_status":"open","ping_status":"open","sticky":false,"template":"","format":"standard","meta":{"_mi_skip_tracking":false},"categories":[50],"tags":[1265],"_links":{"self":[{"href":"https:\/\/visionpeninsular.com\/mid\/wp-json\/wp\/v2\/posts\/11719"}],"collection":[{"href":"https:\/\/visionpeninsular.com\/mid\/wp-json\/wp\/v2\/posts"}],"about":[{"href":"https:\/\/visionpeninsular.com\/mid\/wp-json\/wp\/v2\/types\/post"}],"author":[{"embeddable":true,"href":"https:\/\/visionpeninsular.com\/mid\/wp-json\/wp\/v2\/users\/1"}],"replies":[{"embeddable":true,"href":"https:\/\/visionpeninsular.com\/mid\/wp-json\/wp\/v2\/comments?post=11719"}],"version-history":[{"count":1,"href":"https:\/\/visionpeninsular.com\/mid\/wp-json\/wp\/v2\/posts\/11719\/revisions"}],"predecessor-version":[{"id":11721,"href":"https:\/\/visionpeninsular.com\/mid\/wp-json\/wp\/v2\/posts\/11719\/revisions\/11721"}],"wp:featuredmedia":[{"embeddable":true,"href":"https:\/\/visionpeninsular.com\/mid\/wp-json\/wp\/v2\/media\/11720"}],"wp:attachment":[{"href":"https:\/\/visionpeninsular.com\/mid\/wp-json\/wp\/v2\/media?parent=11719"}],"wp:term":[{"taxonomy":"category","embeddable":true,"href":"https:\/\/visionpeninsular.com\/mid\/wp-json\/wp\/v2\/categories?post=11719"},{"taxonomy":"post_tag","embeddable":true,"href":"https:\/\/visionpeninsular.com\/mid\/wp-json\/wp\/v2\/tags?post=11719"}],"curies":[{"name":"wp","href":"https:\/\/api.w.org\/{rel}","templated":true}]}}