{"id":117033,"date":"2020-01-27T12:14:08","date_gmt":"2020-01-27T18:14:08","guid":{"rendered":"http:\/\/visionpeninsular.com\/mid\/?p=117033"},"modified":"2020-01-27T12:14:17","modified_gmt":"2020-01-27T18:14:17","slug":"sale-del-psiquiatrico-y-lo-ingresan-al-penal","status":"publish","type":"post","link":"https:\/\/visionpeninsular.com\/mid\/sale-del-psiquiatrico-y-lo-ingresan-al-penal\/","title":{"rendered":"Sale del psiqui\u00e1trico y lo ingresan al penal"},"content":{"rendered":"\n<p>Isa\u00edas \u201cO\u201d, el hombre que acuchill\u00f3 en diciembre pasado a su\nhija de cinco meses de nacida , fue dado de alta del Hospital Psiqui\u00e1trico de\nYucat\u00e1n y fue ingresado al &nbsp;Centro de\nReinserci\u00f3n Social (CERESO) para ser sometido a un juicio por los hechos, ante\nla inconformidad de su abogado defensor por el dictamen del Psiqui\u00e1trico. <\/p>\n\n\n\n<p>L a ni\u00f1a de cinco meses fue atacada por su padre porque no\ndejaba de llorar, siendo apu\u00f1alada gravemente, &nbsp;pero a pesar de todo sobrevivi\u00f3 milagrosamente.<\/p>\n\n\n\n<p>El sujeto fue detenido tras los hechos&nbsp; y presentado ante el juez de control, Antonio\nBonilla Casta\u00f1eda, quien suspendi\u00f3 el proceso y envi\u00f3 al acusado de homicidio\nen grado de tentativa al Hospital Psiqui\u00e1trico, de donde fue dado de alta,\ndebido a que el dictamen m\u00e9dico psiqui\u00e1trico menciona que est\u00e1 consciente de la\nrealidad, por lo que puede ser sometido a proceso penal, aunque se dec\u00eda que\npadec\u00eda esquizofrenia.<\/p>\n\n\n\n<p>Ya en el Centro de Justicia Oral de M\u00e9rida, el juez, Bonilla\nCasta\u00f1eda, volvi\u00f3 a suspender el proceso porque la defensa se inconform\u00f3 contra\nese dictamen y solicit\u00f3 que los m\u00e9dicos expliquen su dictamen. <\/p>\n\n\n\n<p>Es de recordar que los hechos ocurrieron a principios de\ndiciembre en la colonia L\u00e1zaro C\u00e1rdenas, cuando el imputado la acuchill\u00f3 luego\nde que se alterara porque la ni\u00f1a no dejaba de llorar.<\/p>\n<div class='share-to-whatsapp-wrapper'><div class='share-on-whsp'>Share on: <\/div><a data-text='Sale del psiqui\u00e1trico y lo ingresan al penal' data-link='https:\/\/visionpeninsular.com\/mid\/sale-del-psiquiatrico-y-lo-ingresan-al-penal\/' class='whatsapp-button whatsapp-share'>WhatsApp<\/a><div class='clear '><\/div><\/div>","protected":false},"excerpt":{"rendered":"<p>Isa\u00edas \u201cO\u201d, el hombre que acuchill\u00f3 en diciembre pasado a su hija de cinco meses de nacida , fue dado de alta del Hospital Psiqui\u00e1trico de Yucat\u00e1n y fue ingresado al &nbsp;Centro de Reinserci\u00f3n Social (CERESO) para ser sometido a un juicio por los hechos, ante la inconformidad de su abogado defensor por el dictamen &hellip;<\/p>\n","protected":false},"author":5,"featured_media":117034,"comment_status":"open","ping_status":"open","sticky":false,"template":"","format":"standard","meta":{"_mi_skip_tracking":false},"categories":[50,37],"tags":[19242,19241],"_links":{"self":[{"href":"https:\/\/visionpeninsular.com\/mid\/wp-json\/wp\/v2\/posts\/117033"}],"collection":[{"href":"https:\/\/visionpeninsular.com\/mid\/wp-json\/wp\/v2\/posts"}],"about":[{"href":"https:\/\/visionpeninsular.com\/mid\/wp-json\/wp\/v2\/types\/post"}],"author":[{"embeddable":true,"href":"https:\/\/visionpeninsular.com\/mid\/wp-json\/wp\/v2\/users\/5"}],"replies":[{"embeddable":true,"href":"https:\/\/visionpeninsular.com\/mid\/wp-json\/wp\/v2\/comments?post=117033"}],"version-history":[{"count":1,"href":"https:\/\/visionpeninsular.com\/mid\/wp-json\/wp\/v2\/posts\/117033\/revisions"}],"predecessor-version":[{"id":117035,"href":"https:\/\/visionpeninsular.com\/mid\/wp-json\/wp\/v2\/posts\/117033\/revisions\/117035"}],"wp:featuredmedia":[{"embeddable":true,"href":"https:\/\/visionpeninsular.com\/mid\/wp-json\/wp\/v2\/media\/117034"}],"wp:attachment":[{"href":"https:\/\/visionpeninsular.com\/mid\/wp-json\/wp\/v2\/media?parent=117033"}],"wp:term":[{"taxonomy":"category","embeddable":true,"href":"https:\/\/visionpeninsular.com\/mid\/wp-json\/wp\/v2\/categories?post=117033"},{"taxonomy":"post_tag","embeddable":true,"href":"https:\/\/visionpeninsular.com\/mid\/wp-json\/wp\/v2\/tags?post=117033"}],"curies":[{"name":"wp","href":"https:\/\/api.w.org\/{rel}","templated":true}]}}