{"id":116993,"date":"2020-01-27T10:18:14","date_gmt":"2020-01-27T16:18:14","guid":{"rendered":"http:\/\/visionpeninsular.com\/mid\/?p=116993"},"modified":"2020-01-27T10:18:40","modified_gmt":"2020-01-27T16:18:40","slug":"el-alcalde-renan-barrera-concha-encabeza-acciones-para-la-convivencia-familiar","status":"publish","type":"post","link":"https:\/\/visionpeninsular.com\/mid\/el-alcalde-renan-barrera-concha-encabeza-acciones-para-la-convivencia-familiar\/","title":{"rendered":"El alcalde Ren\u00e1n Barrera Concha encabeza acciones para la convivencia familiar"},"content":{"rendered":"\n<p><em>Une esfuerzos con la\nUni\u00f3n de Asociaci\u00f3n de Charros del Estado y la Delegaci\u00f3n Estatal de\nEscaramuzas en la Primera Copa Charras de M\u00e9rida 2020<\/em><\/p>\n\n\n\n<p>En un nuevo paso para promover actividades familiares que se\nreflejen en una sociedad cada vez m\u00e1s unida y s\u00f3lida, el alcalde Ren\u00e1n Barrera\nConcha presidi\u00f3 hoy la inauguraci\u00f3n de la Primera Copa Charras M\u00e9rida 2020, que\nse realiza en el marco del aniversario 478 de la ciudad, impulsada por el\nAyuntamiento de M\u00e9rida en conjunto con la Uni\u00f3n de Asociaci\u00f3n de Charros del\nEstado de Yucat\u00e1n y la Delegaci\u00f3n Estatal de Escaramuzas.<\/p>\n\n\n\n<p>Acompa\u00f1ado de su esposa, Diana Castillo Laviada, presidenta\ndel DIF M\u00e9rida, y de sus hijos Ren\u00e1n y Daniela, el primer edil lleg\u00f3 al lienzo\ncharro \u201cAgust\u00edn S\u00e1nchez Antuniano\u201d para abanderar el torneo de escaramuzas, que\nse desarroll\u00f3 en un ambiente cien por ciento familiar.<\/p>\n\n\n\n<figure class=\"wp-block-image size-large\"><img loading=\"lazy\" width=\"560\" height=\"420\" src=\"http:\/\/visionpeninsular.com\/mid\/wp-content\/uploads\/2020\/01\/charros-2.png\" alt=\"\" class=\"wp-image-116995\" srcset=\"https:\/\/visionpeninsular.com\/mid\/wp-content\/uploads\/2020\/01\/charros-2.png 560w, https:\/\/visionpeninsular.com\/mid\/wp-content\/uploads\/2020\/01\/charros-2-300x225.png 300w\" sizes=\"(max-width: 560px) 100vw, 560px\" \/><\/figure>\n\n\n\n<p>\u2014Como Ayuntamiento nos sentimos muy orgullosos de participar\nen un marco muy especial como lo es el 478 aniversario de la fundaci\u00f3n de\nM\u00e9rida, porque adem\u00e1s dentro de muchas de las actividades culturales que\norganizamos en el mes de enero era fundamental que podamos apoyar a la\ncharrer\u00eda, deporte preferido de muchos mexicanos y que reconoce a nivel\ninternacional a nuestro pa\u00eds\u2014 apunt\u00f3.<\/p>\n\n\n\n<p>Remarc\u00f3 que en su administraci\u00f3n continuar\u00e1 el apoyo y el\nimpulso a actividades como \u00e9sta, que contribuyen a unir a familias, vecinos y sociedad\nen general, en un ambiente de sana convivencia y que fomenta el deporte.<\/p>\n\n\n\n<figure class=\"wp-block-image size-large\"><img loading=\"lazy\" width=\"540\" height=\"404\" src=\"http:\/\/visionpeninsular.com\/mid\/wp-content\/uploads\/2020\/01\/charros-3.png\" alt=\"\" class=\"wp-image-116996\" srcset=\"https:\/\/visionpeninsular.com\/mid\/wp-content\/uploads\/2020\/01\/charros-3.png 540w, https:\/\/visionpeninsular.com\/mid\/wp-content\/uploads\/2020\/01\/charros-3-300x224.png 300w\" sizes=\"(max-width: 540px) 100vw, 540px\" \/><\/figure>\n\n\n\n<p>\u2014Nuestro empe\u00f1o siempre estar\u00e1 puesto en hilvanar un cada\nvez m\u00e1s s\u00f3lido tejido social, a fin de que M\u00e9rida se mantenga como la mejor\nciudad para vivir que es actualmente, y sea ejemplo a nivel nacional e\ninternacional de una sociedad comprometida, participativa, pac\u00edfica y que busca\npor sobre todas las cosas la convivencia en armon\u00eda \u2014puntualiz\u00f3.<\/p>\n\n\n\n<p>El alcalde hizo un reconocimiento a la labor de las\nagrupaciones de charros&nbsp; por generar las\ncondiciones para que por primera ocasi\u00f3n&nbsp;\neste deporte nacional abrieran sus puertas a la participaci\u00f3n de un\ngobierno municipal, como es el caso de la Primera Copa Charras de M\u00e9rida 2020.<\/p>\n\n\n\n<p>\u2014Que se convierta en un evento que haya llegado para\nquedarse que cada aniversario de nuestra ciudad podamos tener tambi\u00e9n el\nmomento de compartir con todas las escaramuzas&nbsp;\ny con esta copa que, estoy seguro, ser\u00e1 la primera de much\u00edsimas\nm\u00e1s\u2014abund\u00f3.<\/p>\n\n\n\n<p>En su intervenci\u00f3n, David Berl\u00edn Arce, presidente de la Uni\u00f3n\nde Asociaciones de Charros, agradeci\u00f3 la presencia del alcalde Ren\u00e1n Barrera a\nqui\u00e9n felicit\u00f3 por impulsar a trav\u00e9s de la intervenci\u00f3n de la comuna una mayor\nparticipaci\u00f3n de la sociedad.<\/p>\n\n\n\n<p>\u2014Es un orgullo muy grande que por primera vez un gobierno\nmunicipal se vincule con \u00e9sta actividad y todav\u00eda mejor que tengamos la\nparticipaci\u00f3n a caballo de nuestro alcalde demostrando con ello su confianza y\nsu inter\u00e9s en nuestro deporte\u2014 expres\u00f3.<\/p>\n\n\n\n<p>Al inicio del evento y portando el traje de charro&nbsp; el Edil&nbsp;\nencabez\u00f3 el desfile de los equipos participantes acompa\u00f1ado de David\nBerl\u00edn Arce y Thal\u00eda S\u00e1nchez Herrera, delegada de Escaramuzas de Yucat\u00e1n,\nrespectivamente, as\u00ed como de Didier S\u00e1nchez Rodr\u00edguez, presidente de la\nAsociaci\u00f3n de Charros Yucat\u00e1n.<\/p>\n\n\n\n<p>Los directivos entregaron a Ren\u00e1n Barrera un reconocimiento\npor su apoyo y compromiso para impulsar con mayor ah\u00ednco esta disciplina en el\nmunicipio.<\/p>\n\n\n\n<p>Posteriormente las autoridades se trasladaron hasta las\ngradas del recinto donde presenciaron junto con las familias y asistentes el\ndesfile y las exhibiciones que realizaron los 11 equipos de Escaramuzas\nparticipantes en el torneo y la exhibici\u00f3n de cala de caballo varonil.<\/p>\n\n\n\n<p>Durante el desarrollo del evento fue notorio el ambiente de\nalgarab\u00eda y sana diversi\u00f3n de las numerosas familias asistentes, que con\nporras, aplausos y gritos animaban a sus equipos favoritos de las escaramuzas:\nArrieras, Santa Mar\u00eda, Perlas del Rancho San Jos\u00e9, Peregrinas, Ichcaansih\u00f3,\nNict\u00e9 Ha, Hacendadas de Kancabch\u00e9n, Bugambilias, Fiesta Charra y Soles de\nYucat\u00e1n. Tambi\u00e9n particip\u00f3 el equipo de las Tercas, del Estado de Campeche.<\/p>\n\n\n\n<p>La charrer\u00eda es considerada, desde el 1 de diciembre de\n2016, Patrimonio Cultural de la Humanidad.<\/p>\n\n\n\n<p>Al evento asistieron tambi\u00e9n Jes\u00fas Aguilar y Aguilar, director\nde Bienestar Social; Alejandro Ruz Castro, Secretario de la Comuna;&nbsp; Karem Achach Ram\u00edrez, regidora Presidenta de\nla Comisi\u00f3n de Juventud y Deporte; Katia Herrera Herrera, reina de la Uni\u00f3n de\nAsociaciones de Charros del Estado; Ren\u00e9 Echeverr\u00eda Cant\u00f3n y Santiago Gamboa\nSuarez Vicepresidente y Secretario de la Asociaci\u00f3n de Charros respectivamente.<\/p>\n<div class='share-to-whatsapp-wrapper'><div class='share-on-whsp'>Share on: <\/div><a data-text='El alcalde Ren\u00e1n Barrera Concha encabeza acciones para la convivencia familiar' data-link='https:\/\/visionpeninsular.com\/mid\/el-alcalde-renan-barrera-concha-encabeza-acciones-para-la-convivencia-familiar\/' class='whatsapp-button whatsapp-share'>WhatsApp<\/a><div class='clear '><\/div><\/div>","protected":false},"excerpt":{"rendered":"<p>Une esfuerzos con la Uni\u00f3n de Asociaci\u00f3n de Charros del Estado y la Delegaci\u00f3n Estatal de Escaramuzas en la Primera Copa Charras de M\u00e9rida 2020 En un nuevo paso para promover actividades familiares que se reflejen en una sociedad cada vez m\u00e1s unida y s\u00f3lida, el alcalde Ren\u00e1n Barrera Concha presidi\u00f3 hoy la inauguraci\u00f3n de &hellip;<\/p>\n","protected":false},"author":5,"featured_media":116994,"comment_status":"open","ping_status":"open","sticky":false,"template":"","format":"standard","meta":{"_mi_skip_tracking":false},"categories":[50,37],"tags":[19234,19233,5338],"_links":{"self":[{"href":"https:\/\/visionpeninsular.com\/mid\/wp-json\/wp\/v2\/posts\/116993"}],"collection":[{"href":"https:\/\/visionpeninsular.com\/mid\/wp-json\/wp\/v2\/posts"}],"about":[{"href":"https:\/\/visionpeninsular.com\/mid\/wp-json\/wp\/v2\/types\/post"}],"author":[{"embeddable":true,"href":"https:\/\/visionpeninsular.com\/mid\/wp-json\/wp\/v2\/users\/5"}],"replies":[{"embeddable":true,"href":"https:\/\/visionpeninsular.com\/mid\/wp-json\/wp\/v2\/comments?post=116993"}],"version-history":[{"count":1,"href":"https:\/\/visionpeninsular.com\/mid\/wp-json\/wp\/v2\/posts\/116993\/revisions"}],"predecessor-version":[{"id":116997,"href":"https:\/\/visionpeninsular.com\/mid\/wp-json\/wp\/v2\/posts\/116993\/revisions\/116997"}],"wp:featuredmedia":[{"embeddable":true,"href":"https:\/\/visionpeninsular.com\/mid\/wp-json\/wp\/v2\/media\/116994"}],"wp:attachment":[{"href":"https:\/\/visionpeninsular.com\/mid\/wp-json\/wp\/v2\/media?parent=116993"}],"wp:term":[{"taxonomy":"category","embeddable":true,"href":"https:\/\/visionpeninsular.com\/mid\/wp-json\/wp\/v2\/categories?post=116993"},{"taxonomy":"post_tag","embeddable":true,"href":"https:\/\/visionpeninsular.com\/mid\/wp-json\/wp\/v2\/tags?post=116993"}],"curies":[{"name":"wp","href":"https:\/\/api.w.org\/{rel}","templated":true}]}}