{"id":1165,"date":"2016-02-03T08:30:24","date_gmt":"2016-02-03T14:30:24","guid":{"rendered":"http:\/\/visionpeninsular.com\/mid\/?p=1165"},"modified":"2016-02-03T08:30:24","modified_gmt":"2016-02-03T14:30:24","slug":"arboles-de-cordemex-no-seran-talados-alcalde-instruye-adecuar-proyecto-para-conservar-arboles","status":"publish","type":"post","link":"https:\/\/visionpeninsular.com\/mid\/arboles-de-cordemex-no-seran-talados-alcalde-instruye-adecuar-proyecto-para-conservar-arboles\/","title":{"rendered":"\u00c1rboles de Cordemex no ser\u00e1n talados &#8211; Alcalde instruye adecuar proyecto para conservar \u00e1rboles"},"content":{"rendered":"<p>El alcalde Mauricio Vila Dosal anunci\u00f3 que en el proyecto de mejoramiento vial e infraestructura urbana en Cordemex y Montes de Am\u00e9 solicitar\u00e1 al Consejo Municipal de Desarrollo Urbano que defina la adecuaci\u00f3n del proyecto con la instrucci\u00f3n de que se respeten los \u00e1rboles del camell\u00f3n de la calle 69 en lugar de que sean replantados en otro lugar.<\/p>\n<p>Lo anterior a ra\u00edz de que el alcalde instruy\u00f3 en d\u00edas pasados a los funcionarios municipales a entrevistarse y visitar a los vecinos de estas colonias para presentarles el proyecto y escuchar sus ideas y propuestas, ya que uno de los principales ejes del Ayuntamiento es promover la participaci\u00f3n ciudadana y la sustentabilidad.<\/p>\n<p>-Vamos a solicitar a este Consejo de especialistas en Desarrollo Urbano que adec\u00fae una de las nueve etapas del proyecto que present\u00f3 el Ayuntamiento, a fin de que el proyecto se lleve al cabo conservando a los \u00e1rboles de esa avenida y que la obra resuelva las necesidades de mejora de infraestructura urbana, vialidad y seguridad que se necesitan en la zona-explic\u00f3.<\/p>\n<p>Mauricio Vila afirm\u00f3 que su gobierno seguir\u00e1 promoviendo la sustentabilidad, la accesibilidad universal y la movilidad urbana en todas las obras p\u00fablicas con la participaci\u00f3n de los ciudadanos y calific\u00f3 como positivo este tipo de iniciativas, pues son fruto de un gobierno que fomenta en la ciudad la participaci\u00f3n social en proyectos de planificaci\u00f3n urbana.<\/p>\n<p>-Se trata de hacer las obras que necesita la ciudad garantizando la sustentabilidad para las futuras generaciones,-indic\u00f3, y en el caso de Cordemex ha sido una petici\u00f3n reiterada de los vecinos solucionar el tema de los predios bald\u00edos, la inseguridad, la proliferaci\u00f3n de dengue y chikungunya por abandono de predios, banquetas en mal estado y el exceso de tr\u00e1fico.<\/p>\n<p>El alcalde explic\u00f3 que el Consejo es un \u00f3rgano t\u00e9cnico de especialistas en desarrollo urbano en el que participan los Colegios de Ingenieros Civiles de Yucat\u00e1n AC; de Ingenieros Civiles del Sureste AC; el Yucatanense de Arquitectos AC; y el Yucateco de Arquitectos AC.<\/p>\n<p>Tambi\u00e9n participan las Facultades de Ingenier\u00eda Civil y de Arquitectura de la Universidad Aut\u00f3noma de Yucat\u00e1n; la Escuela de Arquitectura de la Universidad Marista de M\u00e9rida A.C.; la Escuela de Arquitectura de la Universidad An\u00e1huac-Mayab; la Escuela de Arquitectura de la Universidad Modelo; la Sociedad Yucateca de Ingenier\u00eda Sanitaria y Ambiental, as\u00ed como la Asociaci\u00f3n Mexicana de Profesionales Inmobiliarios, A.C.; y el Patronato del Centro Hist\u00f3rico de M\u00e9rida, A.C.<\/p>\n<p>Tambi\u00e9n participan las C\u00e1maras Mexicana de la Industria de la Construcci\u00f3n, Delegaci\u00f3n Yucat\u00e1n y, la Nacional de la Industria de Desarrollo y Promoci\u00f3n de Vivienda, Delegaci\u00f3n Yucat\u00e1n.<\/p>\n<div class='share-to-whatsapp-wrapper'><div class='share-on-whsp'>Share on: <\/div><a data-text='\u00c1rboles de Cordemex no ser\u00e1n talados - Alcalde instruye adecuar proyecto para conservar \u00e1rboles' data-link='https:\/\/visionpeninsular.com\/mid\/arboles-de-cordemex-no-seran-talados-alcalde-instruye-adecuar-proyecto-para-conservar-arboles\/' class='whatsapp-button whatsapp-share'>WhatsApp<\/a><div class='clear '><\/div><\/div>","protected":false},"excerpt":{"rendered":"<p>El alcalde Mauricio Vila Dosal anunci\u00f3 que en el proyecto de mejoramiento vial e infraestructura urbana en Cordemex y Montes de Am\u00e9 solicitar\u00e1 al Consejo Municipal de Desarrollo Urbano que defina la adecuaci\u00f3n del proyecto con la instrucci\u00f3n de que se respeten los \u00e1rboles del camell\u00f3n de la calle 69 en lugar de que sean &hellip;<\/p>\n","protected":false},"author":1,"featured_media":1150,"comment_status":"open","ping_status":"open","sticky":false,"template":"","format":"standard","meta":{"_mi_skip_tracking":false},"categories":[50,37],"tags":[],"_links":{"self":[{"href":"https:\/\/visionpeninsular.com\/mid\/wp-json\/wp\/v2\/posts\/1165"}],"collection":[{"href":"https:\/\/visionpeninsular.com\/mid\/wp-json\/wp\/v2\/posts"}],"about":[{"href":"https:\/\/visionpeninsular.com\/mid\/wp-json\/wp\/v2\/types\/post"}],"author":[{"embeddable":true,"href":"https:\/\/visionpeninsular.com\/mid\/wp-json\/wp\/v2\/users\/1"}],"replies":[{"embeddable":true,"href":"https:\/\/visionpeninsular.com\/mid\/wp-json\/wp\/v2\/comments?post=1165"}],"version-history":[{"count":1,"href":"https:\/\/visionpeninsular.com\/mid\/wp-json\/wp\/v2\/posts\/1165\/revisions"}],"predecessor-version":[{"id":1166,"href":"https:\/\/visionpeninsular.com\/mid\/wp-json\/wp\/v2\/posts\/1165\/revisions\/1166"}],"wp:featuredmedia":[{"embeddable":true,"href":"https:\/\/visionpeninsular.com\/mid\/wp-json\/wp\/v2\/media\/1150"}],"wp:attachment":[{"href":"https:\/\/visionpeninsular.com\/mid\/wp-json\/wp\/v2\/media?parent=1165"}],"wp:term":[{"taxonomy":"category","embeddable":true,"href":"https:\/\/visionpeninsular.com\/mid\/wp-json\/wp\/v2\/categories?post=1165"},{"taxonomy":"post_tag","embeddable":true,"href":"https:\/\/visionpeninsular.com\/mid\/wp-json\/wp\/v2\/tags?post=1165"}],"curies":[{"name":"wp","href":"https:\/\/api.w.org\/{rel}","templated":true}]}}