{"id":115715,"date":"2020-01-25T19:23:25","date_gmt":"2020-01-26T01:23:25","guid":{"rendered":"http:\/\/visionpeninsular.com\/mid\/?p=115715"},"modified":"2020-01-25T19:23:37","modified_gmt":"2020-01-26T01:23:37","slug":"el-gobernador-mauricio-vila-dosal-superviso-la-obra-del-centro-de-convenciones-y-exposiciones-yucatan-siglo-xxi","status":"publish","type":"post","link":"https:\/\/visionpeninsular.com\/mid\/el-gobernador-mauricio-vila-dosal-superviso-la-obra-del-centro-de-convenciones-y-exposiciones-yucatan-siglo-xxi\/","title":{"rendered":"El Gobernador Mauricio Vila Dosal supervis\u00f3  la obra del Centro de Convenciones y Exposiciones Yucat\u00e1n Siglo XXI"},"content":{"rendered":"\n<p><em>-Los trabajos ya se\nencuentran en la recta final, por lo que en breve estar\u00e1 abriendo sus puertas\nde nuevo.<\/em><\/p>\n\n\n\n<p><em>&#8211; Esta obra permitir\u00e1\na Yucat\u00e1n contar con infraestructura de gran nivel y colocarse en la lista\nselecta de ciudades mexicanas capaces de albergar encuentros importantes.<\/em><\/p>\n\n\n\n<p>Los trabajos de remodelaci\u00f3n y ampliaci\u00f3n del Centro de\nConvenciones Yucat\u00e1n Siglo XXI se encuentran en su etapa final, obra que fue\nsupervisada por Gobernador Mauricio Vila Dosal y que en breve estar\u00e1 lista para\nabrir de nueva cuenta las puertas de este inmueble, que contribuir\u00e1 a colocar a\nla capital yucateca dentro del selecto grupo de ciudades en el pa\u00eds con la\ncapacidad de albergar eventos de car\u00e1cter nacional e internacional.<\/p>\n\n\n\n<figure class=\"wp-block-image size-large\"><img loading=\"lazy\" width=\"1024\" height=\"682\" src=\"http:\/\/visionpeninsular.com\/mid\/wp-content\/uploads\/2020\/01\/convenciones-2-1024x682.jpg\" alt=\"\" class=\"wp-image-115717\" srcset=\"https:\/\/visionpeninsular.com\/mid\/wp-content\/uploads\/2020\/01\/convenciones-2-1024x682.jpg 1024w, https:\/\/visionpeninsular.com\/mid\/wp-content\/uploads\/2020\/01\/convenciones-2-300x200.jpg 300w, https:\/\/visionpeninsular.com\/mid\/wp-content\/uploads\/2020\/01\/convenciones-2-768x511.jpg 768w, https:\/\/visionpeninsular.com\/mid\/wp-content\/uploads\/2020\/01\/convenciones-2-310x205.jpg 310w, https:\/\/visionpeninsular.com\/mid\/wp-content\/uploads\/2020\/01\/convenciones-2.jpg 1280w\" sizes=\"(max-width: 1024px) 100vw, 1024px\" \/><\/figure>\n\n\n\n<p>El Gobernador realiz\u00f3 un recorrido donde constat\u00f3 el avance\nde este proyecto que, una vez que se encuentre listo, ayudar\u00e1 a seguir\nposicionando a Yucat\u00e1n como un referente del turismo de reuniones, congresos y\nconvenciones en el pa\u00eds.<\/p>\n\n\n\n<p>Fue en julio pasado que el Gobernador puso en marcha estas\nlabores que permitir\u00e1n a Yucat\u00e1n contar con infraestructura de gran nivel, as\u00ed\ncomo espacios modernos e ideales para albergar encuentros cada vez m\u00e1s\nrelevantes que detonar\u00e1n este segmento del turismo, como el Tianguis Tur\u00edstico\nM\u00e9rida 2020, que se realizar\u00e1 en marzo.<\/p>\n\n\n\n<figure class=\"wp-block-image size-large\"><img loading=\"lazy\" width=\"1024\" height=\"682\" src=\"http:\/\/visionpeninsular.com\/mid\/wp-content\/uploads\/2020\/01\/convenciones-3-1024x682.jpg\" alt=\"\" class=\"wp-image-115718\" srcset=\"https:\/\/visionpeninsular.com\/mid\/wp-content\/uploads\/2020\/01\/convenciones-3-1024x682.jpg 1024w, https:\/\/visionpeninsular.com\/mid\/wp-content\/uploads\/2020\/01\/convenciones-3-300x200.jpg 300w, https:\/\/visionpeninsular.com\/mid\/wp-content\/uploads\/2020\/01\/convenciones-3-768x512.jpg 768w, https:\/\/visionpeninsular.com\/mid\/wp-content\/uploads\/2020\/01\/convenciones-3-310x205.jpg 310w, https:\/\/visionpeninsular.com\/mid\/wp-content\/uploads\/2020\/01\/convenciones-3.jpg 1280w\" sizes=\"(max-width: 1024px) 100vw, 1024px\" \/><\/figure>\n\n\n\n<p>Acompa\u00f1ado del titular de la Secretar\u00eda de Obras P\u00fablicas\n(SOP), Virgilio Crespo M\u00e9ndez, y del director del Instituto para la\nConstrucci\u00f3n y Conservaci\u00f3n de Obra P\u00fablica en Yucat\u00e1n (Incoppy), Roger Jos\u00e9\nEcheverr\u00eda Calero, Vila Dosal recorri\u00f3 las \u00e1reas que est\u00e1n recibiendo los\ntrabajos de remodelaci\u00f3n y ampliaci\u00f3n, las cuales que se encuentran avanzando a\nbuen ritmo.<\/p>\n\n\n\n<p>Asimismo, el Gobernador constat\u00f3 los \u00faltimos detalles que se\nest\u00e1n dando a la fachada, la cual est\u00e1 hecha de acero corten, material que\ngracias a su composici\u00f3n qu\u00edmica y caracter\u00edstica oxidaci\u00f3n artificial, es\nresistente a la corrosi\u00f3n atmosf\u00e9rica, lo que quiere decir que resistir\u00e1 el\npaso del tiempo sin necesidad de que reciba alg\u00fan tipo de mantenimiento m\u00e1s\nadelante.<\/p>\n\n\n\n<figure class=\"wp-block-image size-large\"><img loading=\"lazy\" width=\"1024\" height=\"682\" src=\"http:\/\/visionpeninsular.com\/mid\/wp-content\/uploads\/2020\/01\/convenciones-5-1024x682.jpg\" alt=\"\" class=\"wp-image-115719\" srcset=\"https:\/\/visionpeninsular.com\/mid\/wp-content\/uploads\/2020\/01\/convenciones-5-1024x682.jpg 1024w, https:\/\/visionpeninsular.com\/mid\/wp-content\/uploads\/2020\/01\/convenciones-5-300x200.jpg 300w, https:\/\/visionpeninsular.com\/mid\/wp-content\/uploads\/2020\/01\/convenciones-5-768x512.jpg 768w, https:\/\/visionpeninsular.com\/mid\/wp-content\/uploads\/2020\/01\/convenciones-5-310x205.jpg 310w, https:\/\/visionpeninsular.com\/mid\/wp-content\/uploads\/2020\/01\/convenciones-5.jpg 1280w\" sizes=\"(max-width: 1024px) 100vw, 1024px\" \/><\/figure>\n\n\n\n<p>En el recorrido, el titular de SOP estatal detall\u00f3 que el\nsistema de iluminaci\u00f3n est\u00e1 conformado por 167 luminarias con tecnolog\u00eda led y\nse contar\u00e1 con una red automatizada que podr\u00e1 ser controlada por \u00e1reas y\nsectores v\u00eda WiFi a trav\u00e9s de una aplicaci\u00f3n en una tableta o tel\u00e9fono celular.\nPor su parte, el sistema de aire acondicionado est\u00e1 conformado por 42 equipos\ncentrales tipo paquete que distribuyen la climatizaci\u00f3n por zonas en cada sala\na trav\u00e9s de ductos aparentes y rejillas lineales.<\/p>\n\n\n\n<p>Adem\u00e1s, el Secretario de Obras P\u00fablicas se\u00f1al\u00f3 que en este\nmoderno inmueble se contar\u00e1 con un sistema de detecci\u00f3n de humos conformado por\nsensores y detectores lineales por reflexi\u00f3n. Tambi\u00e9n, se contar\u00e1 con\nestaciones manuales de activaci\u00f3n de alarmas audiovisuales y gabinetes con\nmangueras contra incendio. Mientras que, para ofrecer una mejor experiencia, se\nofrecer\u00e1 servicio independiente de los stands en eventos de exposiciones, pues\nse est\u00e1n construyendo 138 registros de servicio el\u00e9ctrico en piso distribuidos\nestrat\u00e9gicamente en los salones.<\/p>\n\n\n\n<figure class=\"wp-block-image size-large\"><img loading=\"lazy\" width=\"1024\" height=\"682\" src=\"http:\/\/visionpeninsular.com\/mid\/wp-content\/uploads\/2020\/01\/convenciones-6-1024x682.jpg\" alt=\"\" class=\"wp-image-115751\" srcset=\"https:\/\/visionpeninsular.com\/mid\/wp-content\/uploads\/2020\/01\/convenciones-6-1024x682.jpg 1024w, https:\/\/visionpeninsular.com\/mid\/wp-content\/uploads\/2020\/01\/convenciones-6-300x200.jpg 300w, https:\/\/visionpeninsular.com\/mid\/wp-content\/uploads\/2020\/01\/convenciones-6-768x512.jpg 768w, https:\/\/visionpeninsular.com\/mid\/wp-content\/uploads\/2020\/01\/convenciones-6-310x205.jpg 310w, https:\/\/visionpeninsular.com\/mid\/wp-content\/uploads\/2020\/01\/convenciones-6.jpg 1280w\" sizes=\"(max-width: 1024px) 100vw, 1024px\" \/><\/figure>\n\n\n\n<p>Sobre los servicios de voz y datos, indic\u00f3 que se prestar\u00e1n\npor v\u00eda WiFi en el \u00e1rea ampliada por medio de 77 antena distribuidas\nestrat\u00e9gicamente y 46 antenas en los salones ya existentes. Adem\u00e1s, se trabaja\nen un sistema de audio con 30 bocinas para m\u00fasica ambiental y voceo\ndistribuidas en todos los salones y motor lobby.<\/p>\n\n\n\n<p>En ese marco, se dijo que el equipamiento de la zona\nampliada contar\u00e1 con paneles m\u00f3viles sonoaislantes y con un entrepiso, donde se\nubican 2 cuartos el\u00e9ctricos: uno con los tableros de control de alumbrado,\ncontactos y fuerza; as\u00ed como otro con una subestaci\u00f3n el\u00e9ctrica donde se est\u00e1n\ncolocando 2 transformadores y una planta de emergencia, para dar servicio y\nsoporte exclusivamente a esta nueva zona.<\/p>\n\n\n\n<p>Hay que recordar que, con la ampliaci\u00f3n en su \u00e1rea de\nexposiciones, el Centro de Convenciones y Exposiciones Yucat\u00e1n Siglo XXI pasar\u00e1\na ser el noveno m\u00e1s grande de M\u00e9xico y sumando su \u00e1rea con la del Centro\nInternacional de Congresos (CIC), se alcanzar\u00eda el s\u00e9ptimo sitio en espacios\nespecializados para la organizaci\u00f3n de eventos, congresos y convenciones,\nnacionales e internacionales, posici\u00f3n privilegiada en el ecosistema nacional\nde turismo de reuniones del pa\u00eds.<\/p>\n\n\n\n<p>De esta manera, M\u00e9rida se pone a la altura de ciudades como\nCiudad de M\u00e9xico, Monterrey, Guadalajara, Acapulco, Guanajuato, Chihuahua y\nPuebla.<\/p>\n\n\n\n<p>Dentro del proyecto de remodelaci\u00f3n y ampliaci\u00f3n se\ncontempla la expansi\u00f3n del \u00e1rea de exposiciones del inmueble, que pasar\u00e1 de 13,000\nmetros cuadrados (m2) a 23,000 m2, as\u00ed como la remodelaci\u00f3n y adecuaci\u00f3n de las\ninstalaciones ya existentes, con lo que este recinto se posicionar\u00e1 entre los\nm\u00e1s importantes para albergar eventos de gran envergadura.<\/p>\n\n\n\n<p>Los trabajos tambi\u00e9n consideran el redise\u00f1o en la fachada\nsur del Centro de Convenciones Siglo XXI, inspirado en el Palacio del\nGobernador de Uxmal, as\u00ed como la creaci\u00f3n de pasillos y \u00e1reas comunes con\nsombra natural y artificial en beneficio, tanto de los asistentes como de los\ntranse\u00fantes.<\/p>\n\n\n\n<p>Asimismo, la ampliaci\u00f3n del pasillo de carga y descarga que\naumentar\u00e1 su capacidad de operaci\u00f3n hasta los 634 m2, el crecimiento del patio\nde maniobras que llegar\u00e1 a los 3,246 m2 y el estacionamiento a nivel de piso\ntendr\u00e1 una nueva dimensi\u00f3n de 11,800 m2.<\/p>\n\n\n\n<p>Como parte de este plan, igualmente se rehabilitar\u00e1 la\ninfraestructura de las instalaciones de los Cines Siglo XXI, as\u00ed como las\noficinas del Patronato de las Unidades Culturales y Tur\u00edsticas del Estado\n(Cultur), que ya han sido demolidas, y de la Secretar\u00eda de Fomento Tur\u00edstico\n(Sefotur).<\/p>\n\n\n\n<p>Adicionalmente, a trav\u00e9s de una inversi\u00f3n de 30 millones de\npesos m\u00e1s, se adecuar\u00e1 el \u00e1rea que hoy ocupan las oficinas de la Agencia de\nAdministraci\u00f3n Fiscal de Yucat\u00e1n (AAFY), las cuales ser\u00e1n reubicadas al\nEdificio Administrativo que est\u00e1 ubicado a espaldas de este recinto, con el\nobjetivo de que esta \u00e1rea liberada se convierta en un espacio destinado a la\nconvivencia familiar para los yucatecos y visitantes, que detonar\u00e1 el dinamismo\nde esta zona.<\/p>\n<div class='share-to-whatsapp-wrapper'><div class='share-on-whsp'>Share on: <\/div><a data-text='El Gobernador Mauricio Vila Dosal supervis\u00f3  la obra del Centro de Convenciones y Exposiciones Yucat\u00e1n Siglo XXI' data-link='https:\/\/visionpeninsular.com\/mid\/el-gobernador-mauricio-vila-dosal-superviso-la-obra-del-centro-de-convenciones-y-exposiciones-yucatan-siglo-xxi\/' class='whatsapp-button whatsapp-share'>WhatsApp<\/a><div class='clear '><\/div><\/div>","protected":false},"excerpt":{"rendered":"<p>-Los trabajos ya se encuentran en la recta final, por lo que en breve estar\u00e1 abriendo sus puertas de nuevo. &#8211; Esta obra permitir\u00e1 a Yucat\u00e1n contar con infraestructura de gran nivel y colocarse en la lista selecta de ciudades mexicanas capaces de albergar encuentros importantes. Los trabajos de remodelaci\u00f3n y ampliaci\u00f3n del Centro de &hellip;<\/p>\n","protected":false},"author":5,"featured_media":115716,"comment_status":"open","ping_status":"open","sticky":false,"template":"","format":"standard","meta":{"_mi_skip_tracking":false},"categories":[50,37],"tags":[19226,19225],"_links":{"self":[{"href":"https:\/\/visionpeninsular.com\/mid\/wp-json\/wp\/v2\/posts\/115715"}],"collection":[{"href":"https:\/\/visionpeninsular.com\/mid\/wp-json\/wp\/v2\/posts"}],"about":[{"href":"https:\/\/visionpeninsular.com\/mid\/wp-json\/wp\/v2\/types\/post"}],"author":[{"embeddable":true,"href":"https:\/\/visionpeninsular.com\/mid\/wp-json\/wp\/v2\/users\/5"}],"replies":[{"embeddable":true,"href":"https:\/\/visionpeninsular.com\/mid\/wp-json\/wp\/v2\/comments?post=115715"}],"version-history":[{"count":1,"href":"https:\/\/visionpeninsular.com\/mid\/wp-json\/wp\/v2\/posts\/115715\/revisions"}],"predecessor-version":[{"id":115752,"href":"https:\/\/visionpeninsular.com\/mid\/wp-json\/wp\/v2\/posts\/115715\/revisions\/115752"}],"wp:featuredmedia":[{"embeddable":true,"href":"https:\/\/visionpeninsular.com\/mid\/wp-json\/wp\/v2\/media\/115716"}],"wp:attachment":[{"href":"https:\/\/visionpeninsular.com\/mid\/wp-json\/wp\/v2\/media?parent=115715"}],"wp:term":[{"taxonomy":"category","embeddable":true,"href":"https:\/\/visionpeninsular.com\/mid\/wp-json\/wp\/v2\/categories?post=115715"},{"taxonomy":"post_tag","embeddable":true,"href":"https:\/\/visionpeninsular.com\/mid\/wp-json\/wp\/v2\/tags?post=115715"}],"curies":[{"name":"wp","href":"https:\/\/api.w.org\/{rel}","templated":true}]}}