{"id":115467,"date":"2020-01-25T13:05:43","date_gmt":"2020-01-25T19:05:43","guid":{"rendered":"http:\/\/visionpeninsular.com\/mid\/?p=115467"},"modified":"2020-01-25T13:05:54","modified_gmt":"2020-01-25T19:05:54","slug":"el-faro-de-alejandria","status":"publish","type":"post","link":"https:\/\/visionpeninsular.com\/mid\/el-faro-de-alejandria\/","title":{"rendered":"El faro de Alejandr\u00eda"},"content":{"rendered":"\n<p>Por: Franck Fern\u00e1ndez&nbsp;\n(*)<\/p>\n\n\n\n<p>Fuente: Diario de Yucat\u00e1n<\/p>\n\n\n\n<p>Nunca se me ha ocurrido montarme en una peque\u00f1a embarcaci\u00f3n\nde noche. Dios me libre. Le tengo demasiado miedo al mar. Pero asumo que\naquellos que s\u00ed se atreven a esta aventura encontrar\u00e1n en la luz de un faro una\ngu\u00eda amiga que le indica el camino a seguir.<\/p>\n\n\n\n<p>Y esto me lleva a contarles una historia, la historia de los\nfaros. Todo comenz\u00f3 hace ya 2,400 a\u00f1os en la recientemente fundada ciudad de\nAlejandr\u00eda. Esta ciudad se hab\u00eda construido en la desmesura. Alejandro, el rey\nmacedonio que m\u00e1s tarde ser\u00eda reconocido por la historia como Alejandro Magno,\nbautiz\u00f3 con su nombre la futura ciudad y quer\u00eda crear en ella la capital de su\nfuturo imperio. La muerte decidi\u00f3 otra cosa. Lo sorprendi\u00f3 all\u00e1 lejos en\nOriente, a donde hab\u00eda llegado a conquistar las tierras del imperio persa para\ncrear uno nuevo bajo sus \u00f3rdenes.<\/p>\n\n\n\n<p>Pero su deseo de hacer una gran ciudad s\u00ed fue cumplido. Su\namigo de infancia y general de confianza, Ptolomeo, fue el encargado de tan\ngrandiosa obra. Alejandr\u00eda se encuentra en una zona de \u00c1frica extremadamente\nplana por ser des\u00e9rtica y la intenci\u00f3n era convertirla no solo en la futura\ncapital del comercio del mundo conocido sino tambi\u00e9n en una gran metr\u00f3polis.<\/p>\n\n\n\n<p>El general Ptolomeo, que se autoproclam\u00f3 fara\u00f3n, comenz\u00f3 la\nconstrucci\u00f3n de un faro para que llegaran a buen puerto los barcos que se\ndirig\u00edan a Alejandr\u00eda y fomentar su comercio y riqueza. Aqu\u00ed tambi\u00e9n la muerte\nimpidi\u00f3 que Ptolomeo I pudiera ver terminada su construcci\u00f3n. Fue su hijo,\nPtolomeo II llamado Filadelfo, el encargado de terminar la obra. Les estoy\nhablando del a\u00f1o 329 antes de Cristo.<\/p>\n\n\n\n<p>No se tiene una idea fidedigna de c\u00f3mo fue esta torre. Lo\nque s\u00ed se sabe, gracias los escritos de los contempor\u00e1neos, es que ten\u00eda unos\n134 metros de altura y estaba situada sobre una isla, quiz\u00e1s m\u00e1s que isla un\npeque\u00f1o islote que ten\u00eda el nombre de Faros y que se encontraba a unos 800 \u00f3\n1,000 metros de la costa. Es precisamente esta isla, Faros, la que le dio el nombre\na las construcciones que conocemos hoy y ello en casi todos los idiomas del\nmundo.<\/p>\n\n\n\n<p>Los antiguos cronistas nos dec\u00edan que estaba formada por\ntres partes. Una mayor de base cuadrada, una segunda con base octagonal m\u00e1s\npeque\u00f1a que la primera y, al final, una tercera, la m\u00e1s peque\u00f1a de las tres,\ncon una base redonda. Resulta que en la cima ard\u00eda un fuego permanente que,\ngracias al movimiento circular de un espejo c\u00f3ncavo, se lograba enviar los\nrayos de luz que llegaban hasta 50 kil\u00f3metros mar adentro durante las noches, a\ngran placer de los navegantes.<\/p>\n\n\n\n<p>No se sabe exactamente c\u00f3mo se manten\u00eda encendido este\nfuego. Podemos descartar que fuera le\u00f1a, en la medida en que Alejandr\u00eda est\u00e1\nrodeada por el desierto y los \u00e1rboles no abundan. Se dice que lo que manten\u00eda\nvivo el fuego era una especie de mezcla a base de petr\u00f3leo, quiz\u00e1s tambi\u00e9n\nexcremento de animales. Los visitantes de la ciudad ven\u00edan y sub\u00edan mediante el\npago de un m\u00f3dico precio las escaleras que lo llevaban hasta la cima, a la\naltura de 134 metros, lo que equivale a un edificio de poco m\u00e1s de 30 pisos.<\/p>\n\n\n\n<p>El faro de Alejandr\u00eda fue testigo de&nbsp; diferentes etapas de la historia de la\nciudad. Pas\u00f3 de la \u00e9poca greco-egipcia con la dinast\u00eda de los Ptolomeos, la\ndinast\u00eda XXIII y \u00faltima, la de Cleopatra y que fue la que conocieron los\nm\u00edticos Julio C\u00e9sar y Marco Antonio, al per\u00edodo en que Alejandr\u00eda fue la\ncapital de la provincia de Egipto perteneciente al Imperio romano. Fue testigo\ndel reconocimiento del cristianismo como religi\u00f3n de estado y tambi\u00e9n vio la\nllegada de las invasiones musulmanas y la imposici\u00f3n de las leyes del Cor\u00e1n a\nsangre y fuego.<\/p>\n\n\n\n<p>Por m\u00e1s de 1,600 a\u00f1os este faro cumpli\u00f3 cada noche su\ntrabajo de indicarle el camino a buen puerto a los navegantes. Lamentablemente\nlo que no sab\u00eda Alejandro al fundar la capital de su imperio en este lugar es que\nesta es una zona tect\u00f3nicamente muy inestable y todo lo que fue la costa de\nAlejandr\u00eda de esta \u00e9poca se encuentra hoy bajo el mar debido a varios\nmovimientos tel\u00faricos. Un primer terremoto en 1302 y otro en 1323 derribaron\ntan imponente construcci\u00f3n. Fueron necesarias tan descomunales fuerzas para\ndestruirlo. M\u00e1s adelante, en 1477 para darle el golpe de gracia al faro, el\nsult\u00e1n de la ciudad decidi\u00f3 que con sus bloques de piedra se construyera una\nfortificaci\u00f3n para proteger el puerto. Esta fortificaci\u00f3n hoy es conocida como\nFuerte Qaitbey.<\/p>\n\n\n\n<p>A pesar de ya no estar con nosotros, el faro de Alejandr\u00eda\nnos ha dejado su nombre que hace eco en las costas de todo el mundo. Miles y\nmiles de faros m\u00e1s peque\u00f1os cada noche le brindan tributo.&nbsp; Nos ha dejado su historia para ser reconocido\ncomo una de las Siete Maravillas del Mundo Antiguo y nos deja bien claro que\nnosotros, con toda nuestra tecnolog\u00eda y presunci\u00f3n, no somos capaces de\nconstruir un edificio de 30 pisos de alto que pueda durar 1600 a\u00f1os.<\/p>\n\n\n\n<p>(*) Traductor, int\u00e9rprete y fil\u00f3logo, correo electr\u00f3nico:\naltus@sureste.com<\/p>\n<div class='share-to-whatsapp-wrapper'><div class='share-on-whsp'>Share on: <\/div><a data-text='El faro de Alejandr\u00eda' data-link='https:\/\/visionpeninsular.com\/mid\/el-faro-de-alejandria\/' class='whatsapp-button whatsapp-share'>WhatsApp<\/a><div class='clear '><\/div><\/div>","protected":false},"excerpt":{"rendered":"<p>Por: Franck Fern\u00e1ndez&nbsp; (*) Fuente: Diario de Yucat\u00e1n Nunca se me ha ocurrido montarme en una peque\u00f1a embarcaci\u00f3n de noche. Dios me libre. Le tengo demasiado miedo al mar. Pero asumo que aquellos que s\u00ed se atreven a esta aventura encontrar\u00e1n en la luz de un faro una gu\u00eda amiga que le indica el camino &hellip;<\/p>\n","protected":false},"author":5,"featured_media":115501,"comment_status":"open","ping_status":"open","sticky":false,"template":"","format":"standard","meta":{"_mi_skip_tracking":false},"categories":[44],"tags":[14988,19220],"_links":{"self":[{"href":"https:\/\/visionpeninsular.com\/mid\/wp-json\/wp\/v2\/posts\/115467"}],"collection":[{"href":"https:\/\/visionpeninsular.com\/mid\/wp-json\/wp\/v2\/posts"}],"about":[{"href":"https:\/\/visionpeninsular.com\/mid\/wp-json\/wp\/v2\/types\/post"}],"author":[{"embeddable":true,"href":"https:\/\/visionpeninsular.com\/mid\/wp-json\/wp\/v2\/users\/5"}],"replies":[{"embeddable":true,"href":"https:\/\/visionpeninsular.com\/mid\/wp-json\/wp\/v2\/comments?post=115467"}],"version-history":[{"count":1,"href":"https:\/\/visionpeninsular.com\/mid\/wp-json\/wp\/v2\/posts\/115467\/revisions"}],"predecessor-version":[{"id":115502,"href":"https:\/\/visionpeninsular.com\/mid\/wp-json\/wp\/v2\/posts\/115467\/revisions\/115502"}],"wp:featuredmedia":[{"embeddable":true,"href":"https:\/\/visionpeninsular.com\/mid\/wp-json\/wp\/v2\/media\/115501"}],"wp:attachment":[{"href":"https:\/\/visionpeninsular.com\/mid\/wp-json\/wp\/v2\/media?parent=115467"}],"wp:term":[{"taxonomy":"category","embeddable":true,"href":"https:\/\/visionpeninsular.com\/mid\/wp-json\/wp\/v2\/categories?post=115467"},{"taxonomy":"post_tag","embeddable":true,"href":"https:\/\/visionpeninsular.com\/mid\/wp-json\/wp\/v2\/tags?post=115467"}],"curies":[{"name":"wp","href":"https:\/\/api.w.org\/{rel}","templated":true}]}}