{"id":115383,"date":"2020-01-25T11:06:42","date_gmt":"2020-01-25T17:06:42","guid":{"rendered":"http:\/\/visionpeninsular.com\/mid\/?p=115383"},"modified":"2020-01-25T11:07:14","modified_gmt":"2020-01-25T17:07:14","slug":"dialogo-respetuoso-y-constructivo-del-gobierno-del-estado-con-transportistas","status":"publish","type":"post","link":"https:\/\/visionpeninsular.com\/mid\/dialogo-respetuoso-y-constructivo-del-gobierno-del-estado-con-transportistas\/","title":{"rendered":"Di\u00e1logo respetuoso y constructivo del Gobierno del Estado con transportistas"},"content":{"rendered":"\n<p><em>-La titular de la\nSecretar\u00eda General de Gobierno sostiene diversas reuniones con grupos que han\nexpresado inter\u00e9s por entablar un encuentro con las autoridades<\/em><\/p>\n\n\n\n<p>En el marco de las reuniones que ha sostenido la titular de\nla Secretar\u00eda General de Gobierno, Mar\u00eda Fritz Sierra, con ciudadanos y l\u00edderes\nde organizaciones, hoy acudieron a Palacio de Gobierno representantes de\ntransportistas de carga.<\/p>\n\n\n\n<figure class=\"wp-block-image size-large\"><img loading=\"lazy\" width=\"1024\" height=\"682\" src=\"http:\/\/visionpeninsular.com\/mid\/wp-content\/uploads\/2020\/01\/di\u00e1logo-2-1024x682.jpg\" alt=\"\" class=\"wp-image-115385\" srcset=\"https:\/\/visionpeninsular.com\/mid\/wp-content\/uploads\/2020\/01\/di\u00e1logo-2-1024x682.jpg 1024w, https:\/\/visionpeninsular.com\/mid\/wp-content\/uploads\/2020\/01\/di\u00e1logo-2-300x200.jpg 300w, https:\/\/visionpeninsular.com\/mid\/wp-content\/uploads\/2020\/01\/di\u00e1logo-2-768x512.jpg 768w, https:\/\/visionpeninsular.com\/mid\/wp-content\/uploads\/2020\/01\/di\u00e1logo-2-310x205.jpg 310w, https:\/\/visionpeninsular.com\/mid\/wp-content\/uploads\/2020\/01\/di\u00e1logo-2.jpg 1280w\" sizes=\"(max-width: 1024px) 100vw, 1024px\" \/><\/figure>\n\n\n\n<p>Como se ha informado, la funcionaria, por instrucciones del\nGobernador Mauricio Vila Dosal, invit\u00f3 a dialogar a todas las organizaciones de\nla sociedad civil que con voluntad de di\u00e1logo han expresado alguna inquietud\nrespecto a las pol\u00edticas implementadas por el gobierno.<\/p>\n\n\n\n<p>Directivos de la Confederaci\u00f3n Nacional de Transportistas\nMexicanos, A.C. (CONATRAM) y la Alianza Mexicana de Organizaci\u00f3n de\nTransportistas A.C. (AMOTAC) expusieron diversas inquietudes del sector, y la\ntitular de la Secretar\u00eda General de Gobierno propuso el establecimiento de una\nmesa de di\u00e1logo para revisar las peticiones.<\/p>\n\n\n\n<figure class=\"wp-block-image size-large\"><img loading=\"lazy\" width=\"1024\" height=\"682\" src=\"http:\/\/visionpeninsular.com\/mid\/wp-content\/uploads\/2020\/01\/di\u00e1logo-3-1024x682.jpg\" alt=\"\" class=\"wp-image-115386\" srcset=\"https:\/\/visionpeninsular.com\/mid\/wp-content\/uploads\/2020\/01\/di\u00e1logo-3-1024x682.jpg 1024w, https:\/\/visionpeninsular.com\/mid\/wp-content\/uploads\/2020\/01\/di\u00e1logo-3-300x200.jpg 300w, https:\/\/visionpeninsular.com\/mid\/wp-content\/uploads\/2020\/01\/di\u00e1logo-3-768x512.jpg 768w, https:\/\/visionpeninsular.com\/mid\/wp-content\/uploads\/2020\/01\/di\u00e1logo-3-310x205.jpg 310w, https:\/\/visionpeninsular.com\/mid\/wp-content\/uploads\/2020\/01\/di\u00e1logo-3.jpg 1280w\" sizes=\"(max-width: 1024px) 100vw, 1024px\" \/><\/figure>\n\n\n\n<p>Los permisionarios resaltaron esta apertura y disposici\u00f3n al\ndi\u00e1logo de las autoridades estatales en su encuentro hoy en las oficinas de la\nSecretar\u00eda General de Gobierno, por lo que convinieron en sostener dichos\nencuentros para avanzar en la revisi\u00f3n de las solicitudes del sector de\ntransportistas.<\/p>\n\n\n\n<p>\u201cEstamos comprometidos a seguir siendo un gobierno de\npuertas abiertas, que dialoga y acuerda, tal como ha instruido el Gobernador\nVila Dosal, por lo tanto, estamos en la disposici\u00f3n de mantener esa pol\u00edtica en\nla cual las opiniones e inquietudes de los ciudadanos y organizaciones son\nescuchadas y atendidas con la responsabilidad que nos impone la Ley\u201d, subray\u00f3\nla abogada Fritz Sierra.<\/p>\n\n\n\n<p>A la reuni\u00f3n asistieron Wilmer Avil\u00e9s Sierra, vicepresidente\nde CONATRAM Regi\u00f3n Sureste; Gabriel Emilio M\u00e9ndez Uicab, delegado de Carga y\nPasaje CONATRAM; Oscar Basulto Kumul, integrante de la misma organizaci\u00f3n, as\u00ed\ncomo Andr\u00e9s Poot Alonzo, secretario general de Alianza Mexicana de Organizaci\u00f3n\nde Transportistas A.C. AMOTAC, y Alejandro Osorio y Luis Alfonso Zapata\nCastillo, tambi\u00e9n de la alianza.<\/p>\n\n\n\n<p>Ma\u00f1ana, la funcionaria continuar\u00e1 con la instrucci\u00f3n del\nGobernador Vila Dosal y sostendr\u00e1 reuniones con representantes de jubilados y\nmaestros.<\/p>\n<div class='share-to-whatsapp-wrapper'><div class='share-on-whsp'>Share on: <\/div><a data-text='Di\u00e1logo respetuoso y constructivo del Gobierno del Estado con transportistas' data-link='https:\/\/visionpeninsular.com\/mid\/dialogo-respetuoso-y-constructivo-del-gobierno-del-estado-con-transportistas\/' class='whatsapp-button whatsapp-share'>WhatsApp<\/a><div class='clear '><\/div><\/div>","protected":false},"excerpt":{"rendered":"<p>-La titular de la Secretar\u00eda General de Gobierno sostiene diversas reuniones con grupos que han expresado inter\u00e9s por entablar un encuentro con las autoridades En el marco de las reuniones que ha sostenido la titular de la Secretar\u00eda General de Gobierno, Mar\u00eda Fritz Sierra, con ciudadanos y l\u00edderes de organizaciones, hoy acudieron a Palacio de &hellip;<\/p>\n","protected":false},"author":5,"featured_media":115384,"comment_status":"open","ping_status":"open","sticky":false,"template":"","format":"standard","meta":{"_mi_skip_tracking":false},"categories":[50,37],"tags":[9496,19216],"_links":{"self":[{"href":"https:\/\/visionpeninsular.com\/mid\/wp-json\/wp\/v2\/posts\/115383"}],"collection":[{"href":"https:\/\/visionpeninsular.com\/mid\/wp-json\/wp\/v2\/posts"}],"about":[{"href":"https:\/\/visionpeninsular.com\/mid\/wp-json\/wp\/v2\/types\/post"}],"author":[{"embeddable":true,"href":"https:\/\/visionpeninsular.com\/mid\/wp-json\/wp\/v2\/users\/5"}],"replies":[{"embeddable":true,"href":"https:\/\/visionpeninsular.com\/mid\/wp-json\/wp\/v2\/comments?post=115383"}],"version-history":[{"count":1,"href":"https:\/\/visionpeninsular.com\/mid\/wp-json\/wp\/v2\/posts\/115383\/revisions"}],"predecessor-version":[{"id":115387,"href":"https:\/\/visionpeninsular.com\/mid\/wp-json\/wp\/v2\/posts\/115383\/revisions\/115387"}],"wp:featuredmedia":[{"embeddable":true,"href":"https:\/\/visionpeninsular.com\/mid\/wp-json\/wp\/v2\/media\/115384"}],"wp:attachment":[{"href":"https:\/\/visionpeninsular.com\/mid\/wp-json\/wp\/v2\/media?parent=115383"}],"wp:term":[{"taxonomy":"category","embeddable":true,"href":"https:\/\/visionpeninsular.com\/mid\/wp-json\/wp\/v2\/categories?post=115383"},{"taxonomy":"post_tag","embeddable":true,"href":"https:\/\/visionpeninsular.com\/mid\/wp-json\/wp\/v2\/tags?post=115383"}],"curies":[{"name":"wp","href":"https:\/\/api.w.org\/{rel}","templated":true}]}}