{"id":115372,"date":"2020-01-25T10:58:39","date_gmt":"2020-01-25T16:58:39","guid":{"rendered":"http:\/\/visionpeninsular.com\/mid\/?p=115372"},"modified":"2020-01-25T10:58:45","modified_gmt":"2020-01-25T16:58:45","slug":"el-gobernador-mauricio-vila-dosal-inaugura-la-expo-foro-de-energia-yucatan-2020","status":"publish","type":"post","link":"https:\/\/visionpeninsular.com\/mid\/el-gobernador-mauricio-vila-dosal-inaugura-la-expo-foro-de-energia-yucatan-2020\/","title":{"rendered":"El Gobernador Mauricio Vila Dosal inaugura la Expo Foro de Energ\u00eda Yucat\u00e1n 2020"},"content":{"rendered":"\n<p><em>-Vila Dosal indic\u00f3 que\nen 2019 Yucat\u00e1n se coloc\u00f3 como el segundo estado del pa\u00eds con mayor crecimiento\nen el tema de generaci\u00f3n, transmisi\u00f3n y distribuci\u00f3n de energ\u00eda.<\/em><\/p>\n\n\n\n<p><em>-En el tema de\nenerg\u00edas renovables, el Gobernador destac\u00f3 que en el \u00faltimo a\u00f1o se logr\u00f3\ngenerar 695 gigawatts, 44 veces m\u00e1s de lo que se estaba generando en 2018, que\nera de 15 gigawatts.<\/em><\/p>\n\n\n\n<p><em>-En ese marco, Vila\nDosal anunci\u00f3 que en los pr\u00f3ximos d\u00edas comenzar\u00e1 la construcci\u00f3n de la planta\nde energ\u00eda el\u00e9ctrica M\u00e9rida 4.<\/em><\/p>\n\n\n\n<p>En Yucat\u00e1n nos hemos convertido en un estado l\u00edder en el\ntema de las energ\u00edas renovables, del tema sustentable, del ahorro de energ\u00eda y\nese es el camino en el que nos queremos seguir dirigiendo para garantizar el\nabasto energ\u00e9tico que nos permita ser m\u00e1s competitivos y, con ello, tambi\u00e9n lograr\nun costo m\u00e1s bajo en el consumo de electricidad, afirm\u00f3 el Gobernador Mauricio\nVila Dosal al inaugurar Expo Foro de Energ\u00eda Yucat\u00e1n 2020.<\/p>\n\n\n\n<figure class=\"wp-block-image size-large\"><img loading=\"lazy\" width=\"1024\" height=\"682\" src=\"http:\/\/visionpeninsular.com\/mid\/wp-content\/uploads\/2020\/01\/foro-2.jpg\" alt=\"\" class=\"wp-image-115375\" srcset=\"https:\/\/visionpeninsular.com\/mid\/wp-content\/uploads\/2020\/01\/foro-2.jpg 1024w, https:\/\/visionpeninsular.com\/mid\/wp-content\/uploads\/2020\/01\/foro-2-300x200.jpg 300w, https:\/\/visionpeninsular.com\/mid\/wp-content\/uploads\/2020\/01\/foro-2-768x512.jpg 768w, https:\/\/visionpeninsular.com\/mid\/wp-content\/uploads\/2020\/01\/foro-2-310x205.jpg 310w\" sizes=\"(max-width: 1024px) 100vw, 1024px\" \/><\/figure>\n\n\n\n<p>Durante el evento de apertura, Vila Dosal se\u00f1al\u00f3 que no\nobstante el trabajo en el sector de energ\u00edas limpias, su administraci\u00f3n no ha\ndejado de realizar las gestiones ante el Gobierno federal para asegurar el\nsuministro de electricidad y gas natural, as\u00ed como disminuir los altos costos\nde la energ\u00eda el\u00e9ctrica.<\/p>\n\n\n\n<p>En presencia de Enoch Castellanos F\u00e9rez, presidente nacional\nde la C\u00e1mara Nacional de la Industria de la Transformaci\u00f3n (Canacintra), el\nGobernador inform\u00f3 que en los pr\u00f3ximos d\u00edas se pondr\u00e1 en marcha los trabajos de\nconstrucci\u00f3n de la nueva planta de energ\u00eda el\u00e9ctrica M\u00e9rida 4 de la Comisi\u00f3n\nFederal de Electricidad (CFE), resultado de las gestiones hechas ante la\nparaestatal y anunciada por el presidente Andr\u00e9s Manuel L\u00f3pez Obrador.<\/p>\n\n\n\n<figure class=\"wp-block-image size-large\"><img loading=\"lazy\" width=\"1024\" height=\"682\" src=\"http:\/\/visionpeninsular.com\/mid\/wp-content\/uploads\/2020\/01\/foro-3.jpg\" alt=\"\" class=\"wp-image-115376\" srcset=\"https:\/\/visionpeninsular.com\/mid\/wp-content\/uploads\/2020\/01\/foro-3.jpg 1024w, https:\/\/visionpeninsular.com\/mid\/wp-content\/uploads\/2020\/01\/foro-3-300x200.jpg 300w, https:\/\/visionpeninsular.com\/mid\/wp-content\/uploads\/2020\/01\/foro-3-768x512.jpg 768w, https:\/\/visionpeninsular.com\/mid\/wp-content\/uploads\/2020\/01\/foro-3-310x205.jpg 310w\" sizes=\"(max-width: 1024px) 100vw, 1024px\" \/><\/figure>\n\n\n\n<p>En ese marco, el dirigente de la Canacintra resalt\u00f3 el\ntrabajo de Vila Dosal durante su primer a\u00f1o de gesti\u00f3n, lo que lo coloca como el\nGobernador mejor evaluado del pa\u00eds y un ejemplo para los mandatarios del resto\nde los estados del pa\u00eds, \u201csi con la insuficiente cantidad de energ\u00eda con la que\ncuenta Yucat\u00e1n han podido tener un crecimiento por encima del resto del pa\u00eds,\nimag\u00ednense que podr\u00edan hacer si tuvieran lo que necesitan\u201d.<\/p>\n\n\n\n<p>Al dirigir un mensaje, el Gobernador mencion\u00f3 que de acuerdo\ncon el Instituto Nacional de Estad\u00edstica y Geograf\u00eda (Inegi) en 2018, Yucat\u00e1n\nocupaba la \u00faltima posici\u00f3n a nivel nacional en el tema de generaci\u00f3n, transmisi\u00f3n\ny distribuci\u00f3n de energ\u00eda, pero 2019 se tuvo un incremento del 21.2%, para\ncolocarnos como el segundo estado de todo el pa\u00eds que tuvo el mayor\ncrecimiento, toda vez que el promedio nacional fue de 0.5%.<\/p>\n\n\n\n<figure class=\"wp-block-image size-large\"><img loading=\"lazy\" width=\"1024\" height=\"682\" src=\"http:\/\/visionpeninsular.com\/mid\/wp-content\/uploads\/2020\/01\/foro-4.jpg\" alt=\"\" class=\"wp-image-115377\" srcset=\"https:\/\/visionpeninsular.com\/mid\/wp-content\/uploads\/2020\/01\/foro-4.jpg 1024w, https:\/\/visionpeninsular.com\/mid\/wp-content\/uploads\/2020\/01\/foro-4-300x200.jpg 300w, https:\/\/visionpeninsular.com\/mid\/wp-content\/uploads\/2020\/01\/foro-4-768x512.jpg 768w, https:\/\/visionpeninsular.com\/mid\/wp-content\/uploads\/2020\/01\/foro-4-310x205.jpg 310w\" sizes=\"(max-width: 1024px) 100vw, 1024px\" \/><\/figure>\n\n\n\n<p>De igual forma, Vila Dosal expuso que el Inventario Nacional\nde Energ\u00edas Limpias (INEL) registraba que, en 2018, Yucat\u00e1n s\u00f3lo se estaban\ngenerando 15 gigawatts de energ\u00eda limpia al a\u00f1o, pero un a\u00f1o despu\u00e9s, pasamos a\n695 gigawatts, lo que quiere decir 44 veces m\u00e1s de lo que est\u00e1bamos generando.<\/p>\n\n\n\n<p>\u201cEsto tiene que ver mucho con la iniciativa privada, pero\ntambi\u00e9n con las facilidades y el impulso que hemos dado en esta administraci\u00f3n\npara que el tema de las energ\u00edas renovables pueda ser una prioridad en esta\nadministraci\u00f3n\u201d, puntualiz\u00f3 el Gobernador ante empresarios, legisladores y\nexpertos en el tema.<\/p>\n\n\n\n<p>Asimismo, Vila Dosal refiri\u00f3 que para garantizar el\nsuministro de energ\u00eda el\u00e9ctrica en el estado y la regi\u00f3n la CFE ya construye\ncon una inversi\u00f3n de 2 mil millones de pesos una nueva l\u00ednea de transmisi\u00f3n que\nviene de Malpaso, Chiapas hasta Ticul, esfuerzo que sumar\u00e1 a la nueva planta\nM\u00e9rida 4, que estar\u00e1 ubicada junto a la 3, que en su primera etapa va a estar\ngenerando 493 megawatts, pero tiene la posibilidad de crecer hasta 1000\nmegawatts.<\/p>\n\n\n\n<p>\u201cCon esta planta, las necesidades de generaci\u00f3n de energ\u00eda,\ndeben estar cumplidas para los pr\u00f3ximos 12, 15 a\u00f1os, pero tambi\u00e9n seguimos con\nel gran pendiente, que es el gas natural, porque nuestros industriales los\nrequieren y porque adem\u00e1s es un factor importante para atraer inversiones del\nextranjero, ya que mientras nuestras plantas de generaci\u00f3n de energ\u00eda sigan\nfuncionando con combust\u00f3leo, pues simple y sencillamente vamos a seguir\nteniendo la tarifa de electricidad m\u00e1s cara del pa\u00eds\u201d, expres\u00f3 el Gobernador.<\/p>\n\n\n\n<p>En presencia de los industriales yucatecos, Vila Dosal\ndetall\u00f3 que la petici\u00f3n expresa al Gobierno federal en este tema es que se\nconstruyan los 16 kil\u00f3metros del ducto que hacen falta para poder enlazar lo\nque es el ducto marino, que viene desde Texas, Estados Unidos, y pasa por todo\nel Golfo de M\u00e9xico, con el sistema Mayakan, \u201cvan muy avanzadas las gestiones y\nnos dicen que es algo que pronto se va a estar realizando\u201d.<\/p>\n\n\n\n<p>Por otro lado, resulta que solamente llegan hoy 60,000 pies\nc\u00fabicos diarios de gas natural a trav\u00e9s del ducto de Mayakan, cuando tiene una\ncapacidad de 250 millones de pies c\u00fabicos diarios. Pero tambi\u00e9n necesitamos\naumentar la capacidad de ese ducto, que llegue a 500 mil o 600 mil para que\npodamos tener un desarrollo sostenido, precis\u00f3 el Gobernador.<\/p>\n\n\n\n<p>En ese marco, Vila Dosal felicit\u00f3 a dos empresas que est\u00e1n\ninvirtiendo en Yucat\u00e1n, Engie M\u00e9xico y Mi Gas Natural, ya que ambas est\u00e1n\nestableciendo sus instalaciones para poder surtir de gas natural a los\ndomicilios, ya que, por ejemplo, Mi Gas Natural va a construir 37 kil\u00f3metros de\nductos en las zonas norte y poniente.<\/p>\n\n\n\n<p>\u201cEn el caso de Engie, a partir de marzo, ya va a estar\nsurtiendo tambi\u00e9n, para poder llevar gas natural y esto lo que implica pues es\npoder tenerlo a mucho mejor costo del que se tiene hoy en d\u00eda. Les agradecemos\nla confianza en Yucat\u00e1n, y como siempre, cuentan con el Gobierno del Estado\npara todas las gestiones que necesiten\u201d, coment\u00f3 el Gobernador.<\/p>\n\n\n\n<p>Al abundar en el tema de las energ\u00edas renovables, Vila Dosal\ncoment\u00f3 que ya se abrieron los primeros 4 proyectos de energ\u00edas renovables, 2\ne\u00f3licos y 2 solares, en Tizim\u00edn, Dzilam de Bravo, Peto y Progreso, que en\nconjunto generan 210 mega watts, lo que equivale a 450 mil casas en el estado,\ny represent\u00f3 una inversi\u00f3n total de alrededor de 330 millones de d\u00f3lares.<\/p>\n\n\n\n<p>Hay que mencionar que la empresa que est\u00e1 en Peto, que es\nAlter EnerSun, ya anunci\u00f3 otros 40 millones de d\u00f3lares para poder ampliar su\nparque y esto tambi\u00e9n viene con otros 24 proyectos de energ\u00eda renovable que ya\ntenemos enfilados y que se est\u00e1n trabajando, que va a ser una inversi\u00f3n de\n4,500 millones de d\u00f3lares, adelant\u00f3 el Gobernador.<\/p>\n\n\n\n<p>Y cuando tengamos terminados estos parques, que se deben\nconcluir en esta administraci\u00f3n estatal, vamos a ser el \u00fanico estado de la\nRep\u00fablica que va a producir m\u00e1s energ\u00eda limpia en su territorio que la que\nconsume, lo que nos va a poner no solo en los ojos a nivel nacional, sino\nmundial, porque es algo a lo que aspiran todos los pa\u00edses y que deben de\naspirar todos los estados y todas las ciudades, a\u00f1adi\u00f3 Vila Dosal.<\/p>\n\n\n\n<p>En este sentido, el Gobernador mencion\u00f3 que es importante el\ntema de la energ\u00eda solar domiciliaria o en negocios, pues al d\u00eda de hoy se\nest\u00e1n generando 33 megawatts en casas o negocios, con lo que nos colocamos en\nel s\u00e9ptimo lugar a nivel nacional en la llamada generaci\u00f3n distribuida, que son\npaneles solares.<\/p>\n\n\n\n<p>Asimismo, Vial Dosal destac\u00f3 que la Secretar\u00eda de Desarrollo\nSustentable ya firm\u00f3 el compromiso internacional ante el Consejo Mundial de la\nConstrucci\u00f3n Verde (WGBC, por sus siglas en ingl\u00e9s), para el tema de los\nedificios sustentables energ\u00e9ticamente y junto con la CFE ya se hizo un\ndictamen de 30 edificios que podemos mejorar su consumo energ\u00e9tico.<\/p>\n\n\n\n<p>\u201cEs decir, somos un estado que va adelante en el tema de\nenerg\u00edas renovables y nos da mucho gusto que Canacintra, que la Concanaco, que\nlas c\u00e1maras a nivel nacional y a nivel local hayan tomado este tema como una de\nsus principales banderas. Sepan que siempre van a contar, no solamente con el\nGobierno del Estado de Yucat\u00e1n, sino estoy totalmente convencido que van a\ncontar con los yucatecos\u201d, finaliz\u00f3 el Gobernador.<\/p>\n\n\n\n<p>En su turno, el presidente nacional de la Canacintra extern\u00f3\nsu apoyo al Gobernador Vila Dosal por formar un Yucat\u00e1n sustentable e invit\u00f3 a\nla sociedad a mantenerse firmes ante la exigencia por consumir energ\u00edas\nrenovables, ya que indic\u00f3, Yucat\u00e1n est\u00e1 creciendo a buen ritmo y con lo\nnecesario para ser una potencia de M\u00e9xico.<\/p>\n\n\n\n<p>\u201cSi Yucat\u00e1n est\u00e1 creciendo econ\u00f3micamente por encima del\nresto del pa\u00eds sin con la energ\u00eda suficiente y a bajos costos, imag\u00ednense que\npasar\u00eda si tuvieran lo que necesitan, ser\u00edan una potencia\u201d, expres\u00f3 Castellanos\nF\u00e9rez.<\/p>\n\n\n\n<p>Por su parte, el dirigente local de la Canacintra, Alberto\nAbraham Xacur, mencion\u00f3 que Yucat\u00e1n es una de las entidades que paga las\ntarifas m\u00e1s altas en el pa\u00eds, por lo que es necesario incrementar el uso de\nenerg\u00edas renovables, \u201cya que las tarifas el\u00e9ctricas comerciales e industriales\nen Yucat\u00e1n, son 22% m\u00e1s altas que en el centro del pa\u00eds, lo que significa que\nen 2020 los peninsulares estaremos pagando 1000 millones de pesos adicionales\u201d.<\/p>\n\n\n\n<p>Tras el corte del list\u00f3n inaugural, Vila Dosal realiz\u00f3 un\nrecorrido por la Expo Energ\u00eda 2020, que realiza en el Centro Internacional de\nCongresos, en la que participan 8 empresas y 4 universidades, muestra que\npermanecer\u00e1 abierta hasta este s\u00e1bado.<\/p>\n\n\n\n<p>Al evento asistieron el senador Jorge Carlos Ram\u00edrez Mar\u00edn;\nla diputada federal, Cecilia Patr\u00f3n Laviada; y el alcalde de M\u00e9rida, Ren\u00e1n\nBarrera Concha.<\/p>\n<div class='share-to-whatsapp-wrapper'><div class='share-on-whsp'>Share on: <\/div><a data-text='El Gobernador Mauricio Vila Dosal inaugura la Expo Foro de Energ\u00eda Yucat\u00e1n 2020' data-link='https:\/\/visionpeninsular.com\/mid\/el-gobernador-mauricio-vila-dosal-inaugura-la-expo-foro-de-energia-yucatan-2020\/' class='whatsapp-button whatsapp-share'>WhatsApp<\/a><div class='clear '><\/div><\/div>","protected":false},"excerpt":{"rendered":"<p>-Vila Dosal indic\u00f3 que en 2019 Yucat\u00e1n se coloc\u00f3 como el segundo estado del pa\u00eds con mayor crecimiento en el tema de generaci\u00f3n, transmisi\u00f3n y distribuci\u00f3n de energ\u00eda. -En el tema de energ\u00edas renovables, el Gobernador destac\u00f3 que en el \u00faltimo a\u00f1o se logr\u00f3 generar 695 gigawatts, 44 veces m\u00e1s de lo que se estaba &hellip;<\/p>\n","protected":false},"author":5,"featured_media":115374,"comment_status":"open","ping_status":"open","sticky":false,"template":"","format":"standard","meta":{"_mi_skip_tracking":false},"categories":[50,37],"tags":[],"_links":{"self":[{"href":"https:\/\/visionpeninsular.com\/mid\/wp-json\/wp\/v2\/posts\/115372"}],"collection":[{"href":"https:\/\/visionpeninsular.com\/mid\/wp-json\/wp\/v2\/posts"}],"about":[{"href":"https:\/\/visionpeninsular.com\/mid\/wp-json\/wp\/v2\/types\/post"}],"author":[{"embeddable":true,"href":"https:\/\/visionpeninsular.com\/mid\/wp-json\/wp\/v2\/users\/5"}],"replies":[{"embeddable":true,"href":"https:\/\/visionpeninsular.com\/mid\/wp-json\/wp\/v2\/comments?post=115372"}],"version-history":[{"count":1,"href":"https:\/\/visionpeninsular.com\/mid\/wp-json\/wp\/v2\/posts\/115372\/revisions"}],"predecessor-version":[{"id":115378,"href":"https:\/\/visionpeninsular.com\/mid\/wp-json\/wp\/v2\/posts\/115372\/revisions\/115378"}],"wp:featuredmedia":[{"embeddable":true,"href":"https:\/\/visionpeninsular.com\/mid\/wp-json\/wp\/v2\/media\/115374"}],"wp:attachment":[{"href":"https:\/\/visionpeninsular.com\/mid\/wp-json\/wp\/v2\/media?parent=115372"}],"wp:term":[{"taxonomy":"category","embeddable":true,"href":"https:\/\/visionpeninsular.com\/mid\/wp-json\/wp\/v2\/categories?post=115372"},{"taxonomy":"post_tag","embeddable":true,"href":"https:\/\/visionpeninsular.com\/mid\/wp-json\/wp\/v2\/tags?post=115372"}],"curies":[{"name":"wp","href":"https:\/\/api.w.org\/{rel}","templated":true}]}}