{"id":114745,"date":"2020-01-23T10:15:36","date_gmt":"2020-01-23T16:15:36","guid":{"rendered":"http:\/\/visionpeninsular.com\/mid\/?p=114745"},"modified":"2020-01-23T10:16:17","modified_gmt":"2020-01-23T16:16:17","slug":"patrimonio-cultural-de-merida-icono-academico-para-investigadores","status":"publish","type":"post","link":"https:\/\/visionpeninsular.com\/mid\/patrimonio-cultural-de-merida-icono-academico-para-investigadores\/","title":{"rendered":"Patrimonio cultural de M\u00e9rida, \u00edcono acad\u00e9mico para investigadores"},"content":{"rendered":"\n<p>Al presidir la inauguraci\u00f3n del VIII Simposio sobre\nPatrimonio Cultural de M\u00e9rida denominado \u201cEl G\u00e9nero a trav\u00e9s de sus m\u00faltiples\nlecturas\u201d, el alcalde Ren\u00e1n Barrera Concha asever\u00f3 que adentrarse al\nconocimiento de la historia y la riqueza cultural que envuelve a la ciudad de\nM\u00e9rida es preservar la identidad y rendir un homenaje a la herencia cultural\nque nos distingue como meridanos.<\/p>\n\n\n\n<p>Acompa\u00f1ado de Eduardo L\u00f3pez Calzada, director del Centro\nINAH Yucat\u00e1n, y del investigador Limbergh Herrera Balam, el Presidente\nMunicipal encabez\u00f3 el inicio de las jornadas de conferencias sobre patrimonio\ncultural de M\u00e9rida que se realiza en el Centro Cultural de M\u00e9rida \u201cOlimpo\u201d y\nque se extender\u00e1 hasta el 24 de enero con la participaci\u00f3n de acad\u00e9micos,\ninvestigadores y especialistas.<\/p>\n\n\n\n<p>En su mensaje, el Concejal remarc\u00f3 que dicha actividad\ncelebrada en el marco de los 478 a\u00f1os de fundaci\u00f3n de la ciudad, tiene como\npremisa abordar desde diversos enfoques la historia sobre el patrimonio\ncultural de M\u00e9rida con el prop\u00f3sito de cuidarlo, preservarlo y difundirlo a las\nfuturas generaciones.<\/p>\n\n\n\n<p>\u2014Uno de los compromisos clave de mi administraci\u00f3n es\nprecisamente preparar a M\u00e9rida para un futuro sostenible, no s\u00f3lo desde la\nperspectiva de mantener nuestra calidad de vida, sino de preservar los valores\nintangibles que nos distinguen como meridanos\u2014 apunt\u00f3.<\/p>\n\n\n\n<p>A\u00f1adi\u00f3 tambi\u00e9n que es una oportunidad de redescubrir\nvariados aspectos de la historia de M\u00e9rida, desde un enfoque acad\u00e9mico,\nprofesional con visos art\u00edsticos en el que se abarcan temas de \u00edndole musical,\nliterario, arquitect\u00f3nico, pl\u00e1stico o art\u00edstico.<\/p>\n\n\n\n<p>\u2014Este Simposio Cultural no pod\u00eda ser la excepci\u00f3n al\noriginar foros de opini\u00f3n en la que los ponentes e invitados logran un di\u00e1logo\npara contestar las dudas, o ampliar aspectos de su exposici\u00f3n en el p\u00fablico\nasistente, una reciprocidad verbal que finalmente es parte de lo que buscamos\ncon este encuentro al enriquecer los temas tratados \u2014 abund\u00f3.<\/p>\n\n\n\n<p>Record\u00f3 que recientemente el Ayuntamiento de M\u00e9rida realiz\u00f3\nel \u201cColoquio Internacional de Diplomacia Cultural en la Ciudades\u201d, evento que\ncontribuy\u00f3 al an\u00e1lisis de la diplomacia cultural como instrumento importante\npara el acercamiento y vinculaci\u00f3n cultural y ling\u00fc\u00edstica con otras ciudades\ninteresadas en una agenda com\u00fan basada en la convivencia social que coadyuve a\nla generaci\u00f3n de ciudades m\u00e1s humanas.<\/p>\n\n\n\n<p>Las actividades contar\u00e1n con la participaci\u00f3n de 33 ponentes\nespecialistas en el tema, quienes abordar\u00e1n tanto a trav\u00e9s de conferencias y\nmesas paneles, temas relacionados con la identidad cultural propios de la\nciudad entre los que se incluyen la arquitectura, gastronom\u00eda, folclore,\nm\u00fasica, artesan\u00eda, tradiciones costumbres, arqueolog\u00eda, cr\u00f3nica deportiva y el\nrol de la mujer yucateca.<\/p>\n\n\n\n<p>En su turno el investigador y uno de los fundadores de este\nsimposio, Limbergh Herrera destac\u00f3 el inter\u00e9s y el compromiso que por 8 a\u00f1os\nconsecutivos ha mantenido el Ayuntamiento de M\u00e9rida para preservar el inter\u00e9s\npor adentrarse al conocimiento del patrimonio cultural de la ciudad desde la\nperspectiva del pasado, sin perder de vista el presente lo que lo ha convertido\nen un \u00edcono acad\u00e9mico para investigadores, especialistas y p\u00fablico en general-.<\/p>\n\n\n\n<p>A su vez Dalia Paz Rivera, presidenta de Xiimbal K\u2019aax, dijo\nque para la asociaci\u00f3n que representa el trabajo conjunto con la Comuna para la\nrealizaci\u00f3n de estas jornadas ha sido de gran relevancia ya que demuestra el\ninter\u00e9s de la administraci\u00f3n municipal que encabeza el alcalde Ren\u00e1n Barrera\npor apoyar este tipo de iniciativas y escuchar la voz de la sociedad civil en\ntemas de relevancia como lo es la preservaci\u00f3n, difusi\u00f3n y dialogo sobre el\npatrimonio cultural de M\u00e9rida.<\/p>\n\n\n\n<p>Finalmente B\u00e1rbara Escamilla Ojeda, presidenta de la\nAsociaci\u00f3n Yucateca de Especialistas en Restauraci\u00f3n y Conservaci\u00f3n del\nPatrimonio Edificado A.C. Ayerac, dijo que M\u00e9rida es una ciudad con una amplia\ngama de expresiones culturales de ah\u00ed la importancia de que autoridades de\ngobierno, especialistas, asociaciones civiles trabajen de la mano para crear\nconciencia sobre la conservaci\u00f3n y preservaci\u00f3n del patrimonio cultural.<\/p>\n\n\n\n<p>Cabe destacar que lo largo de 7 a\u00f1os en los que se ha\nrealizado este simposio, se ha contado con la participaci\u00f3n de m\u00e1s de 260\nacad\u00e9micos, investigadores y especialistas, quienes han abordado temas de la\nhistoria y herencia cultural tangible como intangible desde diversos enfoques.<\/p>\n\n\n\n<p>Durante el evento el alcalde tambi\u00e9n reconoci\u00f3 la labor del\nequipo de trabajadores de la Direcci\u00f3n de Desarrollo Urbano encargado del\nrescate de fachadas, a quienes agradeci\u00f3 el compromiso y empe\u00f1o que ponen en\ncada una de sus encomiendas.<\/p>\n\n\n\n<p>En el evento acompa\u00f1aron al alcalde, el director de\nDesarrollo Urbano, Federico Sauri Molina; el Secretario Municipal, Alejandro\nRuz Castro; Abraham Guerrero Escobar, director de Patrimonio de la Secretar\u00eda\nde Cultura y la Artes y los regidores, Ana Gabriela, Aguilar Ruiz, Gamaliel\nGuti\u00e9rrez Beltr\u00e1n y Alejandrina Le\u00f3n Torres.<\/p>\n\n\n\n<p>Bolet\u00edn de prensa<\/p>\n<div class='share-to-whatsapp-wrapper'><div class='share-on-whsp'>Share on: <\/div><a data-text='Patrimonio cultural de M\u00e9rida, \u00edcono acad\u00e9mico para investigadores' data-link='https:\/\/visionpeninsular.com\/mid\/patrimonio-cultural-de-merida-icono-academico-para-investigadores\/' class='whatsapp-button whatsapp-share'>WhatsApp<\/a><div class='clear '><\/div><\/div>","protected":false},"excerpt":{"rendered":"<p>Al presidir la inauguraci\u00f3n del VIII Simposio sobre Patrimonio Cultural de M\u00e9rida denominado \u201cEl G\u00e9nero a trav\u00e9s de sus m\u00faltiples lecturas\u201d, el alcalde Ren\u00e1n Barrera Concha asever\u00f3 que adentrarse al conocimiento de la historia y la riqueza cultural que envuelve a la ciudad de M\u00e9rida es preservar la identidad y rendir un homenaje a la &hellip;<\/p>\n","protected":false},"author":5,"featured_media":114746,"comment_status":"open","ping_status":"open","sticky":false,"template":"","format":"standard","meta":{"_mi_skip_tracking":false},"categories":[50,37],"tags":[3926,5338,14260],"_links":{"self":[{"href":"https:\/\/visionpeninsular.com\/mid\/wp-json\/wp\/v2\/posts\/114745"}],"collection":[{"href":"https:\/\/visionpeninsular.com\/mid\/wp-json\/wp\/v2\/posts"}],"about":[{"href":"https:\/\/visionpeninsular.com\/mid\/wp-json\/wp\/v2\/types\/post"}],"author":[{"embeddable":true,"href":"https:\/\/visionpeninsular.com\/mid\/wp-json\/wp\/v2\/users\/5"}],"replies":[{"embeddable":true,"href":"https:\/\/visionpeninsular.com\/mid\/wp-json\/wp\/v2\/comments?post=114745"}],"version-history":[{"count":1,"href":"https:\/\/visionpeninsular.com\/mid\/wp-json\/wp\/v2\/posts\/114745\/revisions"}],"predecessor-version":[{"id":114747,"href":"https:\/\/visionpeninsular.com\/mid\/wp-json\/wp\/v2\/posts\/114745\/revisions\/114747"}],"wp:featuredmedia":[{"embeddable":true,"href":"https:\/\/visionpeninsular.com\/mid\/wp-json\/wp\/v2\/media\/114746"}],"wp:attachment":[{"href":"https:\/\/visionpeninsular.com\/mid\/wp-json\/wp\/v2\/media?parent=114745"}],"wp:term":[{"taxonomy":"category","embeddable":true,"href":"https:\/\/visionpeninsular.com\/mid\/wp-json\/wp\/v2\/categories?post=114745"},{"taxonomy":"post_tag","embeddable":true,"href":"https:\/\/visionpeninsular.com\/mid\/wp-json\/wp\/v2\/tags?post=114745"}],"curies":[{"name":"wp","href":"https:\/\/api.w.org\/{rel}","templated":true}]}}