{"id":114708,"date":"2020-01-22T19:15:05","date_gmt":"2020-01-23T01:15:05","guid":{"rendered":"http:\/\/visionpeninsular.com\/mid\/?p=114708"},"modified":"2020-01-22T19:15:11","modified_gmt":"2020-01-23T01:15:11","slug":"lideres-evangelicos-en-yucatan-respaldan-trabajo-del-gobernador-mauricio-vila-dosal","status":"publish","type":"post","link":"https:\/\/visionpeninsular.com\/mid\/lideres-evangelicos-en-yucatan-respaldan-trabajo-del-gobernador-mauricio-vila-dosal\/","title":{"rendered":"L\u00edderes evang\u00e9licos en Yucat\u00e1n respaldan trabajo del Gobernador Mauricio Vila Dosal"},"content":{"rendered":"\n<p><em>&nbsp;-Los pastores de las iglesias cristianas\naseguraron que son aliados del Gobierno del Estado en la b\u00fasqueda del bien\nsocial y familiar.<\/em><\/p>\n\n\n\n<p><em>-Vila Dosal resalta la\nlabor de los dirigentes religiosos y sus iglesias en pro del bienestar del\npueblo yucateco.<\/em><\/p>\n\n\n\n<p>Pastores y l\u00edderes de la comunidad evang\u00e9lica en Yucat\u00e1n\nmanifestaron su respaldo al trabajo del Gobernador Mauricio Vila Dosal y aseguraron\nque son aliados de su administraci\u00f3n en la b\u00fasqueda del bien social y familiar\npara el progreso del estado.<\/p>\n\n\n\n<figure class=\"wp-block-image size-large\"><img loading=\"lazy\" width=\"1024\" height=\"682\" src=\"http:\/\/visionpeninsular.com\/mid\/wp-content\/uploads\/2020\/01\/pastores-2.jpg\" alt=\"\" class=\"wp-image-114710\" srcset=\"https:\/\/visionpeninsular.com\/mid\/wp-content\/uploads\/2020\/01\/pastores-2.jpg 1024w, https:\/\/visionpeninsular.com\/mid\/wp-content\/uploads\/2020\/01\/pastores-2-300x200.jpg 300w, https:\/\/visionpeninsular.com\/mid\/wp-content\/uploads\/2020\/01\/pastores-2-768x512.jpg 768w, https:\/\/visionpeninsular.com\/mid\/wp-content\/uploads\/2020\/01\/pastores-2-310x205.jpg 310w\" sizes=\"(max-width: 1024px) 100vw, 1024px\" \/><\/figure>\n\n\n\n<p>Durante un encuentro de Vila Dosal con representantes de\niglesias cristianas y evang\u00e9licas en el estado, los l\u00edderes religiosos expresaron\nque, desde su labor y junto con sus iglesias, tambi\u00e9n contribuyen a impulsar el\ndesarrollo de Yucat\u00e1n, por lo que reiteraron su apoyo al Gobierno del Estado en\nlas acciones que lleva a cabo para mejorar las condiciones de vida de las\nfamilias, generar crecimiento econ\u00f3mico, garantizar la seguridad y reducir la\ndesigualdad.<\/p>\n\n\n\n<figure class=\"wp-block-image size-large\"><img loading=\"lazy\" width=\"1024\" height=\"682\" src=\"http:\/\/visionpeninsular.com\/mid\/wp-content\/uploads\/2020\/01\/pastores-3.jpg\" alt=\"\" class=\"wp-image-114711\" srcset=\"https:\/\/visionpeninsular.com\/mid\/wp-content\/uploads\/2020\/01\/pastores-3.jpg 1024w, https:\/\/visionpeninsular.com\/mid\/wp-content\/uploads\/2020\/01\/pastores-3-300x200.jpg 300w, https:\/\/visionpeninsular.com\/mid\/wp-content\/uploads\/2020\/01\/pastores-3-768x512.jpg 768w, https:\/\/visionpeninsular.com\/mid\/wp-content\/uploads\/2020\/01\/pastores-3-310x205.jpg 310w\" sizes=\"(max-width: 1024px) 100vw, 1024px\" \/><\/figure>\n\n\n\n<p>En nombre de la comunidad evang\u00e9lica en Yucat\u00e1n, el pastor\nJes\u00fas de la Rosa resalt\u00f3 el trabajo incansable que el Gobernador ha realizado a\nlo largo de su primer a\u00f1o de gesti\u00f3n para colocar a Yucat\u00e1n en los primeros\nlugares en materia de seguridad, econom\u00eda, generaci\u00f3n de empleos,\ntransparencia, entre otros, as\u00ed como los esfuerzos hechos para mantener al\nestado como uno de los m\u00e1s seguros del pa\u00eds, combatir las carencias sociales y\nmejorar los servicios de salud.<\/p>\n\n\n\n<p>\u201cEl pueblo cristiano evang\u00e9lico, desde nuestra trinchera,\nsomos part\u00edcipes del desarrollo que vive Yucat\u00e1n. Tambi\u00e9n somos aliados del\nbien social y familiar que promueve su gobierno, por eso hacemos votos para que\neste a\u00f1o y los que est\u00e1n por venir sean de grandes victorias para el estado en\nlas diferentes \u00e1reas\u201d, asever\u00f3 el representante de la cofraternidad de iglesias\ncristianas en el estado.<\/p>\n\n\n\n<figure class=\"wp-block-image size-large\"><img loading=\"lazy\" width=\"1024\" height=\"682\" src=\"http:\/\/visionpeninsular.com\/mid\/wp-content\/uploads\/2020\/01\/pastores-4.jpg\" alt=\"\" class=\"wp-image-114712\" srcset=\"https:\/\/visionpeninsular.com\/mid\/wp-content\/uploads\/2020\/01\/pastores-4.jpg 1024w, https:\/\/visionpeninsular.com\/mid\/wp-content\/uploads\/2020\/01\/pastores-4-300x200.jpg 300w, https:\/\/visionpeninsular.com\/mid\/wp-content\/uploads\/2020\/01\/pastores-4-768x512.jpg 768w, https:\/\/visionpeninsular.com\/mid\/wp-content\/uploads\/2020\/01\/pastores-4-310x205.jpg 310w\" sizes=\"(max-width: 1024px) 100vw, 1024px\" \/><\/figure>\n\n\n\n<p>Al dirigir un mensaje, Vila Dosal resalt\u00f3 la labor que las\niglesias y los pastores cristianos realizan por el bien de la sociedad, al\ntiempo que enfatiz\u00f3 la importancia de mantener una relaci\u00f3n de respeto y\ncomunicaci\u00f3n permanente &#8220;porque sabemos que el trabajo con ustedes es\nfundamental&#8221;.<\/p>\n\n\n\n<p>En ese marco, el Gobernador present\u00f3 los avances y logros\nalcanzados por su administraci\u00f3n en su primer a\u00f1o de trabajo, en donde destac\u00f3\nlas acciones emprendidas en los 10 ejes para transformar a Yucat\u00e1n.<\/p>\n\n\n\n<p>Acompa\u00f1ado de la titular de la Secretar\u00eda General de\nGobierno (SGG), Mar\u00eda Fritz Sierra, Vila Dosal mencion\u00f3 uno por uno los\nesfuerzos hechos en materia de austeridad y transparencia, m\u00e1s y mejores\nempleos, infraestructura, seguridad, combate a la pobreza, salud, educaci\u00f3n,\ninclusi\u00f3n, campo, cultura y deporte, entre otros.<\/p>\n\n\n\n<p>A la reuni\u00f3n asistieron el subsecretario de Desarrollo\nSocial y Asuntos Religiosos, V\u00edctor Hugo Lozano Poveda, los pastores V\u00edctor\nVillanueva Abuxapqui, Vicente Tun Vel\u00e1zquez, Manuel D\u00edaz S\u00e1nchez, Gaspar\nValencia, entre otros.<\/p>\n<div class='share-to-whatsapp-wrapper'><div class='share-on-whsp'>Share on: <\/div><a data-text='L\u00edderes evang\u00e9licos en Yucat\u00e1n respaldan trabajo del Gobernador Mauricio Vila Dosal' data-link='https:\/\/visionpeninsular.com\/mid\/lideres-evangelicos-en-yucatan-respaldan-trabajo-del-gobernador-mauricio-vila-dosal\/' class='whatsapp-button whatsapp-share'>WhatsApp<\/a><div class='clear '><\/div><\/div>","protected":false},"excerpt":{"rendered":"<p>&nbsp;-Los pastores de las iglesias cristianas aseguraron que son aliados del Gobierno del Estado en la b\u00fasqueda del bien social y familiar. -Vila Dosal resalta la labor de los dirigentes religiosos y sus iglesias en pro del bienestar del pueblo yucateco. Pastores y l\u00edderes de la comunidad evang\u00e9lica en Yucat\u00e1n manifestaron su respaldo al trabajo &hellip;<\/p>\n","protected":false},"author":5,"featured_media":114709,"comment_status":"open","ping_status":"open","sticky":false,"template":"","format":"standard","meta":{"_mi_skip_tracking":false},"categories":[50,37],"tags":[19183],"_links":{"self":[{"href":"https:\/\/visionpeninsular.com\/mid\/wp-json\/wp\/v2\/posts\/114708"}],"collection":[{"href":"https:\/\/visionpeninsular.com\/mid\/wp-json\/wp\/v2\/posts"}],"about":[{"href":"https:\/\/visionpeninsular.com\/mid\/wp-json\/wp\/v2\/types\/post"}],"author":[{"embeddable":true,"href":"https:\/\/visionpeninsular.com\/mid\/wp-json\/wp\/v2\/users\/5"}],"replies":[{"embeddable":true,"href":"https:\/\/visionpeninsular.com\/mid\/wp-json\/wp\/v2\/comments?post=114708"}],"version-history":[{"count":1,"href":"https:\/\/visionpeninsular.com\/mid\/wp-json\/wp\/v2\/posts\/114708\/revisions"}],"predecessor-version":[{"id":114713,"href":"https:\/\/visionpeninsular.com\/mid\/wp-json\/wp\/v2\/posts\/114708\/revisions\/114713"}],"wp:featuredmedia":[{"embeddable":true,"href":"https:\/\/visionpeninsular.com\/mid\/wp-json\/wp\/v2\/media\/114709"}],"wp:attachment":[{"href":"https:\/\/visionpeninsular.com\/mid\/wp-json\/wp\/v2\/media?parent=114708"}],"wp:term":[{"taxonomy":"category","embeddable":true,"href":"https:\/\/visionpeninsular.com\/mid\/wp-json\/wp\/v2\/categories?post=114708"},{"taxonomy":"post_tag","embeddable":true,"href":"https:\/\/visionpeninsular.com\/mid\/wp-json\/wp\/v2\/tags?post=114708"}],"curies":[{"name":"wp","href":"https:\/\/api.w.org\/{rel}","templated":true}]}}