{"id":114634,"date":"2020-01-21T14:33:12","date_gmt":"2020-01-21T20:33:12","guid":{"rendered":"http:\/\/visionpeninsular.com\/mid\/?p=114634"},"modified":"2020-01-21T14:44:28","modified_gmt":"2020-01-21T20:44:28","slug":"airbus-instalara-en-yucatan-una-escuela-de-pilotos-de-helicopteros","status":"publish","type":"post","link":"https:\/\/visionpeninsular.com\/mid\/airbus-instalara-en-yucatan-una-escuela-de-pilotos-de-helicopteros\/","title":{"rendered":"Airbus instalar\u00e1 en Yucat\u00e1n una escuela de pilotos de helic\u00f3pteros"},"content":{"rendered":"\n<p><em>-El Gobernador\nMauricio Vila Dosal anunci\u00f3 que esta academia estar\u00e1 en el Aeropuerto\nInternacional de M\u00e9rida y ser\u00e1 para toda Latinoam\u00e9rica.<\/em><\/p>\n\n\n\n<p><em>-Esta buena noticia es\nresultado del intenso trabajo de gesti\u00f3n que realiza Vila Dosal para traer\nnuevas inversiones y oportunidades para los yucatecos.<\/em><\/p>\n\n\n\n<p>La empresa especializada en la industria aeroespacial Airbus\ninstalar\u00e1 en Yucat\u00e1n una escuela de pilotos de helic\u00f3pteros para toda\nLatinoam\u00e9rica, esto despu\u00e9s de las gestiones realizadas por el Gobernador\nMauricio Vila Dosal ante directivos de la firma, a quienes dio a conocer las\namplias ventajas competitivas del estado.<\/p>\n\n\n\n<p>El Gobernador anunci\u00f3 este d\u00eda que la firma francesa se ha\ndecidido por Yucat\u00e1n para convertirse en la sede de su nueva academia de\npilotos, la cual, de acuerdo a lo planeado, estar\u00e1 en el Aeropuerto\nInternacional de M\u00e9rida y recibir\u00e1 a estudiantes no s\u00f3lo del estado, sino de\ntodo el pa\u00eds y otros puntos de Am\u00e9rica Latina.<\/p>\n\n\n\n<figure class=\"wp-block-image size-large\"><img loading=\"lazy\" width=\"1024\" height=\"740\" src=\"http:\/\/visionpeninsular.com\/mid\/wp-content\/uploads\/2020\/01\/airbus-1.jpg\" alt=\"\" class=\"wp-image-114637\" srcset=\"https:\/\/visionpeninsular.com\/mid\/wp-content\/uploads\/2020\/01\/airbus-1.jpg 1024w, https:\/\/visionpeninsular.com\/mid\/wp-content\/uploads\/2020\/01\/airbus-1-300x217.jpg 300w, https:\/\/visionpeninsular.com\/mid\/wp-content\/uploads\/2020\/01\/airbus-1-768x555.jpg 768w\" sizes=\"(max-width: 1024px) 100vw, 1024px\" \/><\/figure>\n\n\n\n<p>Al respecto, Vila Dosal se\u00f1al\u00f3 que ser\u00e1 la pr\u00f3xima semana\nque se estar\u00eda firmando un convenio con la firma para emprender este proyecto,\nlo que, a\u00f1adi\u00f3, se trata de una buena noticia para Yucat\u00e1n, pues es el primer\npaso que da Airbus en el sureste de la Rep\u00fablica, adem\u00e1s que, a\u00f1adi\u00f3, es una\ncompa\u00f1\u00eda que cuando llega a un lugar y le va bien, decide seguir ampliando su\npresencia.<\/p>\n\n\n\n<p>Este es un logro m\u00e1s gracias a la visi\u00f3n del Gobierno de\nVila Dosal de promocionar en diferentes lugares del pa\u00eds y del extranjero las\nbondades que Yucat\u00e1n ofrece, lo que ha permitido que lleguen al territorio cada\nvez m\u00e1s inversiones y m\u00e1s diversificadas, pues ahora tambi\u00e9n han llegado\nempresas especializadas en otros sectores como el aeroespacial, automotriz,\ninmobiliario.<\/p>\n\n\n\n<figure class=\"wp-block-image size-large\"><img loading=\"lazy\" width=\"1024\" height=\"670\" src=\"http:\/\/visionpeninsular.com\/mid\/wp-content\/uploads\/2020\/01\/airbus-2.jpg\" alt=\"\" class=\"wp-image-114639\" srcset=\"https:\/\/visionpeninsular.com\/mid\/wp-content\/uploads\/2020\/01\/airbus-2.jpg 1024w, https:\/\/visionpeninsular.com\/mid\/wp-content\/uploads\/2020\/01\/airbus-2-300x196.jpg 300w, https:\/\/visionpeninsular.com\/mid\/wp-content\/uploads\/2020\/01\/airbus-2-768x503.jpg 768w\" sizes=\"(max-width: 1024px) 100vw, 1024px\" \/><\/figure>\n\n\n\n<p>Por otra parte, el inter\u00e9s de Airbus de dar un primer paso\npara dejar huella en materia aeroespacial en el sureste de M\u00e9xico nace de la\ncreciente demanda de pilotos de helic\u00f3pteros en Am\u00e9rica latina, y\nparticularmente en el sureste de M\u00e9xico, para lo que se requiere de centros de\ncapacitaci\u00f3n y entrenamiento con los \u00faltimos adelantos tecnol\u00f3gicos y los\nest\u00e1ndares m\u00e1s exigentes en temas de seguridad.<\/p>\n\n\n\n<p>Por este motivo, la compa\u00f1\u00eda francesa determin\u00f3 que Yucat\u00e1n\nre\u00fane todas las ventajas y condiciones necesarias para la instalaci\u00f3n de la\nprimera Heliescuela para el entrenamiento de pilotos de ala rotatoria en el\nsureste de M\u00e9xico.<\/p>\n\n\n\n<figure class=\"wp-block-image size-large\"><img loading=\"lazy\" width=\"1024\" height=\"717\" src=\"http:\/\/visionpeninsular.com\/mid\/wp-content\/uploads\/2020\/01\/airbus-3.jpg\" alt=\"\" class=\"wp-image-114640\" srcset=\"https:\/\/visionpeninsular.com\/mid\/wp-content\/uploads\/2020\/01\/airbus-3.jpg 1024w, https:\/\/visionpeninsular.com\/mid\/wp-content\/uploads\/2020\/01\/airbus-3-300x210.jpg 300w, https:\/\/visionpeninsular.com\/mid\/wp-content\/uploads\/2020\/01\/airbus-3-768x538.jpg 768w\" sizes=\"(max-width: 1024px) 100vw, 1024px\" \/><\/figure>\n\n\n\n<p>Hay que destacar que el Gobernador ha mantenido una cercana\nrelaci\u00f3n con los directivos de esta firma, como Ricardo Capilla, CEO de Airbus\nHelicopters en M\u00e9xico, con quienes en diversas ocasiones se ha reunido para\ndarles a conocer a Yucat\u00e1n como un polo atractivo para las inversiones, dejando\nen claro la vocaci\u00f3n industrial del estado y las ventajas log\u00edsticas de\ncomunicaci\u00f3n mar\u00edtima y a\u00e9rea, la mano de obra calificada y la posibilidad de\ngenerar redes de empresas proveedoras son bondades que se encuentran en pocos\nlugares del mundo.<\/p>\n\n\n\n<p>La primera cita se dio en el marco de su misi\u00f3n de negocios\ndurante la edici\u00f3n 53 Exposici\u00f3n Internacional de Aeron\u00e1utica y Espacio de\nPar\u00eds, en junio del a\u00f1o pasado, donde Vila Dosal estuvo promocionando a Yucat\u00e1n\nante empresarios de alto nivel tecnol\u00f3gico y sostuvo encuentros con Bruno du\nPradel, vicepresidente internacional de Operaciones y Relaciones P\u00fablicas de\nAirbus y con Pierre Marie Gout, director comercial de la divisi\u00f3n helic\u00f3pteros.<\/p>\n\n\n\n<p>Ah\u00ed, la firma francesa habl\u00f3 del inter\u00e9s en invertir en\nnuestro pa\u00eds y sobre el gran potencial que tiene Yucat\u00e1n para la instalaci\u00f3n de\nuna importante red peque\u00f1as y medianas empresas que construyan piezas y brinden\nmantenimiento a las aeronaves reduciendo costos y mejorando la mano de obra.<\/p>\n\n\n\n<p>Tiempo despu\u00e9s, en noviembre pasado, durante gira de trabajo\nen Marsella, Francia, el Gobernador se reuni\u00f3 en el Centro de Desarrollo de\nIngenier\u00eda y Manufactura de Airbus con altos directivos de Airbus Helicopters,\nMesrob Karalekian, vicepresidente para Am\u00e9rica Latina; Martin Werner,\nvicepresidente de Industria, Alain Krief, director de Inversiones y Participaci\u00f3n\nIndustrial, Eric Th\u00e9baud, director de Compras, y Mathias Klein, director de\nSeguridad Operacional.<\/p>\n\n\n\n<p>En ese marco, se destac\u00f3 que lo que se busca con este\nconsorcio de capital internacional es que empresas yucatecas se inserten en la\ncadena de proveedur\u00eda y de manera indirecta se fabriquen partes que luego sean\nusadas en las aeronaves de Airbus.<\/p>\n\n\n\n<p>De igual manera, el Gobernador pudo conocer la l\u00ednea de\ntrabajo, los requerimientos t\u00e9cnicos, las capacidades de la mano de obra y los\nprocesos a los cuales Yucat\u00e1n se puede sumar. Ah\u00ed visit\u00f3 las l\u00edneas de\nensamblaje de los helic\u00f3pteros que se fabrican en este pa\u00eds, adem\u00e1s de tener la\noportunidad de observar la tecnolog\u00eda con la que se trabaja y la innovaci\u00f3n en\nlos dise\u00f1os que se desarrollan.<\/p>\n\n\n\n<p>Las atractivas condiciones que ofrece Yucat\u00e1n permiten que\nfirmas como Airbus, l\u00edder en el sector aeroespacial se interese en el\ndesarrollo de largo plazo de proyectos de inversi\u00f3n de alto valor agregado.<\/p>\n\n\n\n<p>El Gobierno de Vila Dosal mantiene la visi\u00f3n seguir\natrayendo inversiones que generen m\u00e1s fuentes de empleo y oportunidades a los\nyucatecos, lo que s\u00f3lo puede ser posible si se traen empresas con grandes\ncapitales como Airbus.<\/p>\n<div class='share-to-whatsapp-wrapper'><div class='share-on-whsp'>Share on: <\/div><a data-text='Airbus instalar\u00e1 en Yucat\u00e1n una escuela de pilotos de helic\u00f3pteros' data-link='https:\/\/visionpeninsular.com\/mid\/airbus-instalara-en-yucatan-una-escuela-de-pilotos-de-helicopteros\/' class='whatsapp-button whatsapp-share'>WhatsApp<\/a><div class='clear '><\/div><\/div>","protected":false},"excerpt":{"rendered":"<p>-El Gobernador Mauricio Vila Dosal anunci\u00f3 que esta academia estar\u00e1 en el Aeropuerto Internacional de M\u00e9rida y ser\u00e1 para toda Latinoam\u00e9rica. -Esta buena noticia es resultado del intenso trabajo de gesti\u00f3n que realiza Vila Dosal para traer nuevas inversiones y oportunidades para los yucatecos. La empresa especializada en la industria aeroespacial Airbus instalar\u00e1 en Yucat\u00e1n &hellip;<\/p>\n","protected":false},"author":5,"featured_media":114636,"comment_status":"open","ping_status":"open","sticky":false,"template":"","format":"standard","meta":{"_mi_skip_tracking":false},"categories":[50,37],"tags":[19170,19171,185,3861],"_links":{"self":[{"href":"https:\/\/visionpeninsular.com\/mid\/wp-json\/wp\/v2\/posts\/114634"}],"collection":[{"href":"https:\/\/visionpeninsular.com\/mid\/wp-json\/wp\/v2\/posts"}],"about":[{"href":"https:\/\/visionpeninsular.com\/mid\/wp-json\/wp\/v2\/types\/post"}],"author":[{"embeddable":true,"href":"https:\/\/visionpeninsular.com\/mid\/wp-json\/wp\/v2\/users\/5"}],"replies":[{"embeddable":true,"href":"https:\/\/visionpeninsular.com\/mid\/wp-json\/wp\/v2\/comments?post=114634"}],"version-history":[{"count":2,"href":"https:\/\/visionpeninsular.com\/mid\/wp-json\/wp\/v2\/posts\/114634\/revisions"}],"predecessor-version":[{"id":114641,"href":"https:\/\/visionpeninsular.com\/mid\/wp-json\/wp\/v2\/posts\/114634\/revisions\/114641"}],"wp:featuredmedia":[{"embeddable":true,"href":"https:\/\/visionpeninsular.com\/mid\/wp-json\/wp\/v2\/media\/114636"}],"wp:attachment":[{"href":"https:\/\/visionpeninsular.com\/mid\/wp-json\/wp\/v2\/media?parent=114634"}],"wp:term":[{"taxonomy":"category","embeddable":true,"href":"https:\/\/visionpeninsular.com\/mid\/wp-json\/wp\/v2\/categories?post=114634"},{"taxonomy":"post_tag","embeddable":true,"href":"https:\/\/visionpeninsular.com\/mid\/wp-json\/wp\/v2\/tags?post=114634"}],"curies":[{"name":"wp","href":"https:\/\/api.w.org\/{rel}","templated":true}]}}