{"id":114565,"date":"2020-01-20T18:46:21","date_gmt":"2020-01-21T00:46:21","guid":{"rendered":"http:\/\/visionpeninsular.com\/mid\/?p=114565"},"modified":"2020-01-20T18:46:30","modified_gmt":"2020-01-21T00:46:30","slug":"el-gobernador-mauricio-vila-dosal-llama-a-privilegiar-el-dialogo-y-evitar-la-violencia","status":"publish","type":"post","link":"https:\/\/visionpeninsular.com\/mid\/el-gobernador-mauricio-vila-dosal-llama-a-privilegiar-el-dialogo-y-evitar-la-violencia\/","title":{"rendered":"El Gobernador Mauricio Vila Dosal llama a privilegiar el di\u00e1logo y evitar la violencia"},"content":{"rendered":"\n<p>El Gobernador Mauricio Vila Dosal llam\u00f3 a privilegiar el\ndi\u00e1logo proactivo para resolver las diferencias y atender los planteamientos de\nquienes tengan alguna inconformidad, pero evitando la violencia, \u201cporque los\nyucatecos no somos violentos y no vamos a permitir que gente de otros lugares\nvenga a tener este tipo de comportamientos\u201d.<\/p>\n\n\n\n<p>Tras los lamentables hechos suscitados ayer domingo en\nM\u00e9rida, en donde grupos de choque identificados se enfrentaron a elementos de\nla Secretar\u00eda de Seguridad P\u00fablica (SSP), Vila Dosal se\u00f1al\u00f3 que todos los que\nvivimos en Yucat\u00e1n tenemos el derecho a expresar nuestros puntos de vista y\nmanifestarnos p\u00fablicamente por cualquier tema en el que no estemos de acuerdo,\npero sin violentar el orden p\u00fablico, poner en riesgo la seguridad de terceras\npersonas y agredir agentes polic\u00edacos.<\/p>\n\n\n\n<p>\u201cQuiero hacer un llamado a todos los que tienen una\ninconformidad, a todos los que quieren manifestarse, a que entablemos, como lo\nhab\u00edamos estado haciendo hasta el d\u00eda de ayer, un di\u00e1logo proactivo. Y les\ninvitamos a que vayan a Palacio de Gobierno sus representantes a platicar con\nla secretaria de Gobierno (Mar\u00eda Fritz Sierra) para dialogar y resolver lo que\nse pueda o dejar en claro a qui\u00e9n compete y por qu\u00e9 no se puede solucionar\u201d,\nasever\u00f3 el Gobernador.<\/p>\n\n\n\n<p>Al dirigir un mensaje durante la inauguraci\u00f3n de la nueva\nplanta de la empresa yucateca Vidrios Millet, Vila Dosal subray\u00f3 que en Yucat\u00e1n\nno se va a permitir que ning\u00fan elemento de la SSP, el Ej\u00e9rcito, la Marina o la\nGuardia Nacional sea golpeado ni humillado, \u201cni que las manifestaciones se\nconviertan en lo que pasa en otros lugares de la Rep\u00fablica, donde la gente a su\npaso causa destrozos, adem\u00e1s de agredir a los elementos de los cuerpos de\nseguridad&#8221;.<\/p>\n\n\n\n<p>Ante representantes del sector empresarial, dirigentes de\nsindicatos y trabajadores, el Gobernador record\u00f3 que ayer se realiz\u00f3 una marcha\npac\u00edfica, que sali\u00f3 del Remate del Paseo de Montejo, de gente que tiene\ngenuinas demandas, de jubilados, de sindicatos que han perdido algunos\nprivilegios que quieren recuperar y otras personas que han sido dadas de baja,\ncomo parte de la reducci\u00f3n administrativa que ha desarrollado la administraci\u00f3n\nestatal ante la llegada de menos recursos por parte de la Federaci\u00f3n.<\/p>\n\n\n\n<p>Esta caravana, contin\u00fao Vila Dosal, de alrededor de 300, 400\npersonas, empez\u00f3 a avanzar hacia la zona donde todos los domingos se desarrolla\nla Bici Ruta, un lugar donde hay muchas familias, donde se encuentran los\nhoteles, en donde hab\u00eda turistas nacionales y extranjeros, y por supuesto,\ntambi\u00e9n, hacia el Centro Internacional de Congresos, donde se encontraba con\nnosotros el representante del Presidente de la Rep\u00fablica, el licenciado L\u00e1zaro\nC\u00e1rdenas Batel, quien es el jefe de Asesores de la Oficina de Presidencia y\notros 8 Gobernadores.<\/p>\n\n\n\n<p>Para impedir que esta manifestaci\u00f3n llegara a estas zonas se\ncre\u00f3 un cerco policiaco, como se hace frente a estas situaciones, pero\ndesafortunadamente, hubo un grupo de esos manifestantes, alrededor de unos 50,\nno todos, como les dec\u00edamos, gente que muy poco ten\u00eda que ver con esas causas,\nagitadores profesionales, algunos de aqu\u00ed de Yucat\u00e1n, otros que vinieron de\notros estados, empezaron a empujar a los polic\u00edas y al ver que no surti\u00f3 efecto\nla provocaci\u00f3n, quitaron las vallas de seguridad, detall\u00f3 el Gobernador.<\/p>\n\n\n\n<p>\u201cDespu\u00e9s de quitar las vallas, tomaron a unos elementos, los\ndespojaron de sus escudos, de sus equipos de protecci\u00f3n y luego tomaron a otro\nque fue golpeado por estos agitadores. En estos casos existen protocolos de\nseguridad, los cuales siguieron los agentes de la SSP y cumpliendo con ellos,\nun elemento, al ver que agred\u00edan a sus compa\u00f1eros, lanz\u00f3 una granada de gas\nlacrim\u00f3geno, acci\u00f3n que realiz\u00f3 sin autorizaci\u00f3n de sus superiores, que cuando\ncay\u00f3, la gente se dispers\u00f3 y se acab\u00f3 el conflicto\u201d, precis\u00f3 Vila Dosal.<\/p>\n\n\n\n<p>En ese sentido, el Gobernador se\u00f1al\u00f3 que este elemento de la\nSSP ha sido suspendido mientras se realiza una investigaci\u00f3n por parte de la\ncorporaci\u00f3n polic\u00edaca, toda vez que actu\u00f3 sin autorizaci\u00f3n de sus superiores.<\/p>\n\n\n\n<p>\u201cAqu\u00ed en Yucat\u00e1n respetamos el derecho de toda la gente a\nmanifestarse y los apoyamos y los exhortamos a que lo sigan haciendo.\nManifestarse contra el Gobierno o contra cualquier causa que ellos crean\nconveniente. Lo que no podemos permitir es lo que pasa en otros lugares. Los yucatecos\nno somos violentos y no podemos empezar hoy, agitados por gente que viene de\notros lados, a tener ese tipo de comportamientos. No podemos permitir que aqu\u00ed\nlas manifestaciones se conviertan en lo que pasa en estados como Michoac\u00e1n,\nOaxaca, Guerrero o la Ciudad de M\u00e9xico, donde la gente a su paso causa\ndestrozos, adem\u00e1s de agredir a los cuerpos de seguridad\u201d finaliz\u00f3 Vila Dosal.<\/p>\n<div class='share-to-whatsapp-wrapper'><div class='share-on-whsp'>Share on: <\/div><a data-text='El Gobernador Mauricio Vila Dosal llama a privilegiar el di\u00e1logo y evitar la violencia' data-link='https:\/\/visionpeninsular.com\/mid\/el-gobernador-mauricio-vila-dosal-llama-a-privilegiar-el-dialogo-y-evitar-la-violencia\/' class='whatsapp-button whatsapp-share'>WhatsApp<\/a><div class='clear '><\/div><\/div>","protected":false},"excerpt":{"rendered":"<p>El Gobernador Mauricio Vila Dosal llam\u00f3 a privilegiar el di\u00e1logo proactivo para resolver las diferencias y atender los planteamientos de quienes tengan alguna inconformidad, pero evitando la violencia, \u201cporque los yucatecos no somos violentos y no vamos a permitir que gente de otros lugares venga a tener este tipo de comportamientos\u201d. Tras los lamentables hechos &hellip;<\/p>\n","protected":false},"author":5,"featured_media":114459,"comment_status":"open","ping_status":"open","sticky":false,"template":"","format":"standard","meta":{"_mi_skip_tracking":false},"categories":[50,37],"tags":[19156],"_links":{"self":[{"href":"https:\/\/visionpeninsular.com\/mid\/wp-json\/wp\/v2\/posts\/114565"}],"collection":[{"href":"https:\/\/visionpeninsular.com\/mid\/wp-json\/wp\/v2\/posts"}],"about":[{"href":"https:\/\/visionpeninsular.com\/mid\/wp-json\/wp\/v2\/types\/post"}],"author":[{"embeddable":true,"href":"https:\/\/visionpeninsular.com\/mid\/wp-json\/wp\/v2\/users\/5"}],"replies":[{"embeddable":true,"href":"https:\/\/visionpeninsular.com\/mid\/wp-json\/wp\/v2\/comments?post=114565"}],"version-history":[{"count":1,"href":"https:\/\/visionpeninsular.com\/mid\/wp-json\/wp\/v2\/posts\/114565\/revisions"}],"predecessor-version":[{"id":114566,"href":"https:\/\/visionpeninsular.com\/mid\/wp-json\/wp\/v2\/posts\/114565\/revisions\/114566"}],"wp:featuredmedia":[{"embeddable":true,"href":"https:\/\/visionpeninsular.com\/mid\/wp-json\/wp\/v2\/media\/114459"}],"wp:attachment":[{"href":"https:\/\/visionpeninsular.com\/mid\/wp-json\/wp\/v2\/media?parent=114565"}],"wp:term":[{"taxonomy":"category","embeddable":true,"href":"https:\/\/visionpeninsular.com\/mid\/wp-json\/wp\/v2\/categories?post=114565"},{"taxonomy":"post_tag","embeddable":true,"href":"https:\/\/visionpeninsular.com\/mid\/wp-json\/wp\/v2\/tags?post=114565"}],"curies":[{"name":"wp","href":"https:\/\/api.w.org\/{rel}","templated":true}]}}