{"id":114401,"date":"2020-01-18T20:20:38","date_gmt":"2020-01-19T02:20:38","guid":{"rendered":"http:\/\/visionpeninsular.com\/mid\/?p=114401"},"modified":"2020-01-18T20:20:46","modified_gmt":"2020-01-19T02:20:46","slug":"entrega-mauricio-vila-dosal-renovadas-instalaciones-del-estadio-general-salvador-alvarado","status":"publish","type":"post","link":"https:\/\/visionpeninsular.com\/mid\/entrega-mauricio-vila-dosal-renovadas-instalaciones-del-estadio-general-salvador-alvarado\/","title":{"rendered":"Entrega Mauricio Vila Dosal renovadas instalaciones del estadio &#8220;General Salvador Alvarado"},"content":{"rendered":"\n<p><em>&nbsp;-Vila Dosal encabez\u00f3 la reapertura de este\ninmueble que, por primera vez en sus casi 81 a\u00f1os de estar al servicio de los\nyucatecos, recibi\u00f3 una remodelaci\u00f3n integral.<\/em><\/p>\n\n\n\n<p><em>-El Gobernador realiz\u00f3\nun recorrido por las nuevas instalaciones y se sum\u00f3 a las actividades de las\ndisciplinas que se practican.<\/em><\/p>\n\n\n\n<p>La comunidad deportiva y atletas de alto rendimiento cuentan\nahora con instalaciones c\u00f3modas y de primer nivel despu\u00e9s de los trabajos de\nremodelaci\u00f3n integral del estadio &#8220;General Salvador Alvarado&#8221;, obra\nque entreg\u00f3 este d\u00eda el Gobernador Mauricio Vila Dosal y que represent\u00f3 la primera\nintervenci\u00f3n de este tipo a dicho inmueble, que en las pr\u00f3ximas semanas\ncumplir\u00e1 81 a\u00f1os de estar al servicio de los yucatecos.<\/p>\n\n\n\n<figure class=\"wp-block-image size-large\"><img loading=\"lazy\" width=\"1024\" height=\"652\" src=\"http:\/\/visionpeninsular.com\/mid\/wp-content\/uploads\/2020\/01\/salvador-2.jpg\" alt=\"\" class=\"wp-image-114403\" srcset=\"https:\/\/visionpeninsular.com\/mid\/wp-content\/uploads\/2020\/01\/salvador-2.jpg 1024w, https:\/\/visionpeninsular.com\/mid\/wp-content\/uploads\/2020\/01\/salvador-2-300x191.jpg 300w, https:\/\/visionpeninsular.com\/mid\/wp-content\/uploads\/2020\/01\/salvador-2-768x489.jpg 768w\" sizes=\"(max-width: 1024px) 100vw, 1024px\" \/><\/figure>\n\n\n\n<p>Acompa\u00f1ado por usuarios, el campe\u00f3n de peso s\u00faperpluma del\nConsejo Mundial de Boxeo (CMB), Miguel \u201cAlacr\u00e1n\u201d Berchelt y el\nexbasquetbolista, Horacio Llamas, primer mexicano en jugar en la Asociaci\u00f3n\nNacional de Basquetbol (NBA, por sus siglas en ingl\u00e9s), Vila Dosal encabez\u00f3 la\nreapertura de este sitio, considerado como la catedral del deporte yucateco, en\ncuyo proyecto de rehabilitaci\u00f3n se invirtieron cerca de 75 millones de pesos.<\/p>\n\n\n\n<figure class=\"wp-block-image size-large\"><img loading=\"lazy\" width=\"960\" height=\"544\" src=\"http:\/\/visionpeninsular.com\/mid\/wp-content\/uploads\/2020\/01\/salvador-3.jpg\" alt=\"\" class=\"wp-image-114404\" srcset=\"https:\/\/visionpeninsular.com\/mid\/wp-content\/uploads\/2020\/01\/salvador-3.jpg 960w, https:\/\/visionpeninsular.com\/mid\/wp-content\/uploads\/2020\/01\/salvador-3-300x170.jpg 300w, https:\/\/visionpeninsular.com\/mid\/wp-content\/uploads\/2020\/01\/salvador-3-768x435.jpg 768w\" sizes=\"(max-width: 960px) 100vw, 960px\" \/><\/figure>\n\n\n\n<p>Hay que destacar que, en estos trabajos se tom\u00f3 en cuenta\nlas opiniones y requerimientos de deportistas, usuarios, as\u00ed como con\nrepresentantes de asociaciones deportivas, de academias y medios de\ncomunicaci\u00f3n deportivos, con el fin de ofrecer instalaciones que permitan\nseguir impulsando el talento deportivo yucateco.&nbsp; <\/p>\n\n\n\n<p>Sobre los trabajos realizados, Esteban Carrillo Pech resalt\u00f3\nlos esfuerzos que se hicieron a este complejo, al que acude al menos dos veces\na la semana para cuidar de su salud y se\u00f1al\u00f3 que ahora el estadio no solo se ve\nmucho mejor, sino que se ha vuelto m\u00e1s funcional para todas las disciplinas.<\/p>\n\n\n\n<figure class=\"wp-block-image size-large\"><img loading=\"lazy\" width=\"1024\" height=\"682\" src=\"http:\/\/visionpeninsular.com\/mid\/wp-content\/uploads\/2020\/01\/salvador-4.jpg\" alt=\"\" class=\"wp-image-114405\" srcset=\"https:\/\/visionpeninsular.com\/mid\/wp-content\/uploads\/2020\/01\/salvador-4.jpg 1024w, https:\/\/visionpeninsular.com\/mid\/wp-content\/uploads\/2020\/01\/salvador-4-300x200.jpg 300w, https:\/\/visionpeninsular.com\/mid\/wp-content\/uploads\/2020\/01\/salvador-4-768x512.jpg 768w, https:\/\/visionpeninsular.com\/mid\/wp-content\/uploads\/2020\/01\/salvador-4-310x205.jpg 310w\" sizes=\"(max-width: 1024px) 100vw, 1024px\" \/><\/figure>\n\n\n\n<p>\u201cEn mi caso, vengo por la pista aer\u00f3bica, la cual tengo que\ndecir que qued\u00f3 muy bien, pues como comentaron, el material que usaron es como\nel que se usan en otros parques del pa\u00eds: arena volc\u00e1nica y tierra roja, lo que\nnos va a ayudar mucho a quienes venimos a correr o caminar a evitar que nos\nlastimemos al dar un mal paso, ya que es un material especial\u201d, resalt\u00f3\ncarrillo Pech.<\/p>\n\n\n\n<p>Por su parte, la joven Rebeca Navarrete Canul, quien\npractica zumba, resalt\u00f3 el esfuerzo que realiz\u00f3 Vila Dosal para mejorar las\ninstalaciones del estadio que hoy luce un nuevo rostro, \u201ctodo qued\u00f3 maravilloso\ny lo m\u00e1s importante es que vamos a poder hacer ejercicio en mejores\ncondiciones.<\/p>\n\n\n\n<figure class=\"wp-block-image size-large\"><img loading=\"lazy\" width=\"1024\" height=\"682\" src=\"http:\/\/visionpeninsular.com\/mid\/wp-content\/uploads\/2020\/01\/salvador-5.jpg\" alt=\"\" class=\"wp-image-114406\" srcset=\"https:\/\/visionpeninsular.com\/mid\/wp-content\/uploads\/2020\/01\/salvador-5.jpg 1024w, https:\/\/visionpeninsular.com\/mid\/wp-content\/uploads\/2020\/01\/salvador-5-300x200.jpg 300w, https:\/\/visionpeninsular.com\/mid\/wp-content\/uploads\/2020\/01\/salvador-5-768x512.jpg 768w, https:\/\/visionpeninsular.com\/mid\/wp-content\/uploads\/2020\/01\/salvador-5-310x205.jpg 310w\" sizes=\"(max-width: 1024px) 100vw, 1024px\" \/><\/figure>\n\n\n\n<p>\u201cEl Salvador Alvarado significa para m\u00ed, formar una familia\ny fomentar el deporte para todo tipo de personas, adultos, ni\u00f1os y personas con\ndiscapacidad como yo; muchas gracias al Gobernador por darnos un mejor\nestadio\u201d, expres\u00f3 la mujer.&nbsp; <\/p>\n\n\n\n<p>A su vez, Violeta C\u00e1ceres Gonz\u00e1lez, que se mantiene activa a\nsus 63 a\u00f1os de edad, indic\u00f3 que las obras le permitir\u00e1n desarrollarse\ndeportivamente en este espacio y confi\u00f3 que se contin\u00faen haciendo m\u00e1s obras de\ninfraestructura deportiva, \u201cya que el deporte ayuda a la salud de las personas,\nsobre todo a la gente mayor como nosotros.<\/p>\n\n\n\n<figure class=\"wp-block-image size-large\"><img loading=\"lazy\" width=\"1024\" height=\"682\" src=\"http:\/\/visionpeninsular.com\/mid\/wp-content\/uploads\/2020\/01\/salvador-6.jpg\" alt=\"\" class=\"wp-image-114407\" srcset=\"https:\/\/visionpeninsular.com\/mid\/wp-content\/uploads\/2020\/01\/salvador-6.jpg 1024w, https:\/\/visionpeninsular.com\/mid\/wp-content\/uploads\/2020\/01\/salvador-6-300x200.jpg 300w, https:\/\/visionpeninsular.com\/mid\/wp-content\/uploads\/2020\/01\/salvador-6-768x512.jpg 768w, https:\/\/visionpeninsular.com\/mid\/wp-content\/uploads\/2020\/01\/salvador-6-310x205.jpg 310w\" sizes=\"(max-width: 1024px) 100vw, 1024px\" \/><\/figure>\n\n\n\n<p>Tras realizar el corte del list\u00f3n de la reapertura del\ncomplejo de la colonia Yucat\u00e1n de esta capital, Vila Dosal realiz\u00f3 un recorrido\npor este renovado espacio para la actividad f\u00edsica y la recreaci\u00f3n, donde\nconstat\u00f3 el funcionamiento de cada una de las \u00e1reas intervenidas, salud\u00f3 a\ndeportistas y usuarios, qui\u00e9nes han retomado sus entrenamientos y actividades\nen el inmueble.<\/p>\n\n\n\n<p>A su paso, el Gobernador aprovech\u00f3 para correr en la pista\naer\u00f3bica, realiz\u00f3 una pr\u00e1ctica de manoplas en el ring de box, dio el primer\ndisparo de salida en la pista de atletismo, particip\u00f3 en una partida de p\u00e1del y\npresenci\u00f3 una exhibici\u00f3n de clavados a cargo del yucateco Rommel Pacheco.<\/p>\n\n\n\n<figure class=\"wp-block-image size-large\"><img loading=\"lazy\" width=\"1024\" height=\"682\" src=\"http:\/\/visionpeninsular.com\/mid\/wp-content\/uploads\/2020\/01\/salvador-7.jpg\" alt=\"\" class=\"wp-image-114408\" srcset=\"https:\/\/visionpeninsular.com\/mid\/wp-content\/uploads\/2020\/01\/salvador-7.jpg 1024w, https:\/\/visionpeninsular.com\/mid\/wp-content\/uploads\/2020\/01\/salvador-7-300x200.jpg 300w, https:\/\/visionpeninsular.com\/mid\/wp-content\/uploads\/2020\/01\/salvador-7-768x512.jpg 768w, https:\/\/visionpeninsular.com\/mid\/wp-content\/uploads\/2020\/01\/salvador-7-310x205.jpg 310w\" sizes=\"(max-width: 1024px) 100vw, 1024px\" \/><\/figure>\n\n\n\n<p>Cabe mencionar, que fue en febrero del a\u00f1o pasado, durante\nla celebraci\u00f3n del 80 aniversario del estadio, cuando el Gobernador anunci\u00f3\nesta obra que, a menos de un a\u00f1o, se ha convertido en una realidad. De acuerdo\na los registros, en los \u00faltimos 18 a\u00f1os, se hicieron 21 intervenciones en este\ninmueble, las cuales apenas sumaron una inversi\u00f3n de 24.1 millones de pesos,\ncifra inferior a lo que el Gobernador destin\u00f3 a los trabajos entregados este\nd\u00eda.<\/p>\n\n\n\n<p>Como parte de esta obra de remodelaci\u00f3n, se remoz\u00f3 la\nfachada y la barda perimetral del inmueble. Adem\u00e1s, se renov\u00f3 el sistema de\niluminaci\u00f3n para garantizar la seguridad y tranquilidad de la gente a cualquier\nhora. Vale mencionar que, se instal\u00f3 un sistema de sonido, que permitir\u00e1 a\namenizar con m\u00fasica los entrenamientos y rutinas de activaci\u00f3n f\u00edsica de\ndeportistas y usuarios.<\/p>\n\n\n\n<p>Tambi\u00e9n se rehabilitaron los acabados y guarniciones en la\npista aer\u00f3bica, la cual se adecu\u00f3 con una mezcla de arena volc\u00e1nica y material\nde la regi\u00f3n, mejor conocido como \u201cKankab\u201d, la cual se mantendr\u00e1 h\u00fameda gracias\na la cercan\u00eda del sistema de riego, evitando accidentes en los usuarios.\nAdem\u00e1s, se mejor\u00f3 el suministro e instalaci\u00f3n de bebederos, basureros, bancas y\nse\u00f1al\u00e9ticas. En esta \u00e1rea se coloc\u00f3 una gu\u00eda para personas con discapacidad\nvisual. <\/p>\n\n\n\n<figure class=\"wp-block-image size-large\"><img loading=\"lazy\" width=\"1024\" height=\"683\" src=\"http:\/\/visionpeninsular.com\/mid\/wp-content\/uploads\/2020\/01\/salvador-8.jpg\" alt=\"\" class=\"wp-image-114409\" srcset=\"https:\/\/visionpeninsular.com\/mid\/wp-content\/uploads\/2020\/01\/salvador-8.jpg 1024w, https:\/\/visionpeninsular.com\/mid\/wp-content\/uploads\/2020\/01\/salvador-8-300x200.jpg 300w, https:\/\/visionpeninsular.com\/mid\/wp-content\/uploads\/2020\/01\/salvador-8-768x512.jpg 768w\" sizes=\"(max-width: 1024px) 100vw, 1024px\" \/><\/figure>\n\n\n\n<p>Se intervino la pista central de atletismo y entrenamiento,\nla cual fue modificada para que cuente con las medidas y condiciones necesarias\npara ser certificada por parte de la Asociaci\u00f3n Internacional de Federaciones\nde Atletismo (IAAF, por sus siglas en ingl\u00e9s), as\u00ed como las \u00e1reas de\nlanzamiento de disco, martillo, salto de garrocha y salto triple.<\/p>\n\n\n\n<p>En el edificio central, se trabaj\u00f3 en la fachada y\nexteriores, todo ello de acuerdo a las indicaciones del Instituto Nacional de\nAntropolog\u00eda e Historia (INAH). Se intervino en las bardas perimetrales,\noficinas, \u00e1rea m\u00e9dica, gimnasio de halterofilia, 2 salones multiusos, otros\npara clases de yoga, pilates, zumba, salsa y artes marciales; adem\u00e1s en la\nmejor\u00f3 del \u00e1rea de comedor y dormitorio con cocineta, en un sal\u00f3n de\ncapacitaci\u00f3n para m\u00e1ximo 30 personas y remodelaci\u00f3n de servicios sanitarios.<\/p>\n\n\n\n<p>Como parte de las mejor\u00edas en a la zona de la alberca, se\ndio mantenimiento para para garantizar fuera entregada en buenas condiciones y\nsin fugas o filtraciones. En esta \u00e1rea tambi\u00e9n se construy\u00f3 una cubierta\nmet\u00e1lica para gradas de espectadores, se coloc\u00f3 una rampa para personas con\nalguna discapacidad y se remodel\u00f3 el \u00e1rea de ba\u00f1os.<\/p>\n\n\n\n<p>A la par, se edificaron 4 canchas de p\u00e1del, las cuales\ncuentan con una cubierta de estructura met\u00e1lica y vidrio templado, a fin de que\nlos encuentros y entrenamientos puedan ser observados sin que esto represente\nun riesgo para el p\u00fablico. De igual manera, se mejoraron las canchas de tenis,\nsiempre cuidando cuente con las medidas y caracter\u00edsticas oficiales, y se\nrehabilit\u00f3 la malla perimetral. De igual manera, se hizo una cancha de sus\nm\u00faltiples para la pr\u00e1ctica de fut-7 y tochito.<\/p>\n\n\n\n<p>En ese marco, se indic\u00f3 que la cancha de softbol estar\u00e1\nlista en breve para ofrecer a quienes practican este deporte un espacio\nadecuado y con las especificaciones indicadas para esta disciplina.<\/p>\n\n\n\n<p>Se adecu\u00f3 un espacio para la pr\u00e1ctica de box, el cual se\nrealiz\u00f3 de acuerdo a las necesidades de quienes ah\u00ed entrenan con regularidad;\nse construy\u00f3 el m\u00f3dulo de servicios sanitarios para escuelas de f\u00fatbol y\nb\u00e1squetbol; se rehabilit\u00f3 el sistema de riego en la academia de f\u00fatbol y a la\nexplanada principal.<\/p>\n\n\n\n<p>En el inmueble se cre\u00f3 un estacionamiento para bicicletas y\nmotocicletas y otro especial para personas con alguna discapacidad, as\u00ed como un\n\u00e1rea de calistenia con el equipo para que puedan realizar diversas actividades.<\/p>\n\n\n\n<p>Acompa\u00f1aron al Gobernador el director general de la NFL\nM\u00e9xico, Arturo Oliv\u00e9, Rodrigo Jes\u00fas \u00c1guila Lara, ganador M\u00e9rito Deportivo\nYucateco 2018 como mejor Deportista Paral\u00edmpico y el atleta paral\u00edmpico\nyucateco, Juan Adonay Poot Uitz, as\u00ed como el senador Ra\u00fal Paz Alonzo y la\ndiputada federal, Cecilia Patr\u00f3n Laviada.<\/p>\n\n\n\n<p>Asimismo, el dirigente local de la C\u00e1mara Mexicana de la\nConstrucci\u00f3n (CMIC), Ra\u00fal Aguilar Baqueiro; el alcalde de M\u00e9rida, Ren\u00e1n Barrera\nConcha; el titular de la Secretar\u00eda de Obras P\u00fablicas, Virgilio Crespo M\u00e9ndez;\nel legislador local Miguel Rodr\u00edguez Baqueiro; la regidora Karem Achach, el\nrepresentante de la X Regi\u00f3n Militar, General de Brigada Armando Monta\u00f1o Ponce\ny el director del Instituto del Deporte del Estado (IDEY), Carlos S\u00e1enz\nCastillo.<\/p>\n<div class='share-to-whatsapp-wrapper'><div class='share-on-whsp'>Share on: <\/div><a data-text='Entrega Mauricio Vila Dosal renovadas instalaciones del estadio \"General Salvador Alvarado' data-link='https:\/\/visionpeninsular.com\/mid\/entrega-mauricio-vila-dosal-renovadas-instalaciones-del-estadio-general-salvador-alvarado\/' class='whatsapp-button whatsapp-share'>WhatsApp<\/a><div class='clear '><\/div><\/div>","protected":false},"excerpt":{"rendered":"<p>&nbsp;-Vila Dosal encabez\u00f3 la reapertura de este inmueble que, por primera vez en sus casi 81 a\u00f1os de estar al servicio de los yucatecos, recibi\u00f3 una remodelaci\u00f3n integral. -El Gobernador realiz\u00f3 un recorrido por las nuevas instalaciones y se sum\u00f3 a las actividades de las disciplinas que se practican. La comunidad deportiva y atletas de &hellip;<\/p>\n","protected":false},"author":5,"featured_media":114402,"comment_status":"open","ping_status":"open","sticky":false,"template":"","format":"standard","meta":{"_mi_skip_tracking":false},"categories":[50,37],"tags":[19127,8207,185],"_links":{"self":[{"href":"https:\/\/visionpeninsular.com\/mid\/wp-json\/wp\/v2\/posts\/114401"}],"collection":[{"href":"https:\/\/visionpeninsular.com\/mid\/wp-json\/wp\/v2\/posts"}],"about":[{"href":"https:\/\/visionpeninsular.com\/mid\/wp-json\/wp\/v2\/types\/post"}],"author":[{"embeddable":true,"href":"https:\/\/visionpeninsular.com\/mid\/wp-json\/wp\/v2\/users\/5"}],"replies":[{"embeddable":true,"href":"https:\/\/visionpeninsular.com\/mid\/wp-json\/wp\/v2\/comments?post=114401"}],"version-history":[{"count":1,"href":"https:\/\/visionpeninsular.com\/mid\/wp-json\/wp\/v2\/posts\/114401\/revisions"}],"predecessor-version":[{"id":114410,"href":"https:\/\/visionpeninsular.com\/mid\/wp-json\/wp\/v2\/posts\/114401\/revisions\/114410"}],"wp:featuredmedia":[{"embeddable":true,"href":"https:\/\/visionpeninsular.com\/mid\/wp-json\/wp\/v2\/media\/114402"}],"wp:attachment":[{"href":"https:\/\/visionpeninsular.com\/mid\/wp-json\/wp\/v2\/media?parent=114401"}],"wp:term":[{"taxonomy":"category","embeddable":true,"href":"https:\/\/visionpeninsular.com\/mid\/wp-json\/wp\/v2\/categories?post=114401"},{"taxonomy":"post_tag","embeddable":true,"href":"https:\/\/visionpeninsular.com\/mid\/wp-json\/wp\/v2\/tags?post=114401"}],"curies":[{"name":"wp","href":"https:\/\/api.w.org\/{rel}","templated":true}]}}