{"id":114051,"date":"2020-01-14T12:09:28","date_gmt":"2020-01-14T18:09:28","guid":{"rendered":"http:\/\/visionpeninsular.com\/mid\/?p=114051"},"modified":"2020-01-14T12:09:39","modified_gmt":"2020-01-14T18:09:39","slug":"renan-barrera-viaja-a-guatemala-a-la-toma-de-posesion-del-nuevo-presidente","status":"publish","type":"post","link":"https:\/\/visionpeninsular.com\/mid\/renan-barrera-viaja-a-guatemala-a-la-toma-de-posesion-del-nuevo-presidente\/","title":{"rendered":"Ren\u00e1n Barrera viaja a Guatemala, a la toma de posesi\u00f3n del nuevo presidente"},"content":{"rendered":"\n<p>El alcalde Ren\u00e1n Barrera se ausentar\u00e1 este martes de M\u00e9rida,\npues acudir\u00e1 a la toma de protesta del nuevo presidente de Guatemala, Alejandro\nGiamattei.<\/p>\n\n\n\n<p>El nuevo mandatario del pa\u00eds m\u00e1s grande de Centroam\u00e9rica\nasumir\u00e1 el poder en el Teatro Nacional Miguel \u00c1ngel Asturias, en la Ciudad de\nGuatemala, capital de la naci\u00f3n.<\/p>\n\n\n\n<p>Ren\u00e1n Barrera acude a dicha ceremonia tras recibir una\ninvitaci\u00f3n personal del nuevo presidente Giamattei.<\/p>\n\n\n\n<p>Hace unas semanas el alcalde Ren\u00e1n Barrera recibi\u00f3 la visita\nde Giamattei en el Palacio Municipal.<\/p>\n\n\n\n<p>El nuevo mandatario de Guatemala asume hoy, 14 de enero, &nbsp;luego de haber participado en las elecciones\npresidenciales de ese pa\u00eds en los a\u00f1os 2007, 2011, 2015 y 2019.<\/p>\n<div class='share-to-whatsapp-wrapper'><div class='share-on-whsp'>Share on: <\/div><a data-text='Ren\u00e1n Barrera viaja a Guatemala, a la toma de posesi\u00f3n del nuevo presidente' data-link='https:\/\/visionpeninsular.com\/mid\/renan-barrera-viaja-a-guatemala-a-la-toma-de-posesion-del-nuevo-presidente\/' class='whatsapp-button whatsapp-share'>WhatsApp<\/a><div class='clear '><\/div><\/div>","protected":false},"excerpt":{"rendered":"<p>El alcalde Ren\u00e1n Barrera se ausentar\u00e1 este martes de M\u00e9rida, pues acudir\u00e1 a la toma de protesta del nuevo presidente de Guatemala, Alejandro Giamattei. El nuevo mandatario del pa\u00eds m\u00e1s grande de Centroam\u00e9rica asumir\u00e1 el poder en el Teatro Nacional Miguel \u00c1ngel Asturias, en la Ciudad de Guatemala, capital de la naci\u00f3n. Ren\u00e1n Barrera acude &hellip;<\/p>\n","protected":false},"author":5,"featured_media":114052,"comment_status":"open","ping_status":"open","sticky":false,"template":"","format":"standard","meta":{"_mi_skip_tracking":false},"categories":[50,37],"tags":[5338,19066,19065],"_links":{"self":[{"href":"https:\/\/visionpeninsular.com\/mid\/wp-json\/wp\/v2\/posts\/114051"}],"collection":[{"href":"https:\/\/visionpeninsular.com\/mid\/wp-json\/wp\/v2\/posts"}],"about":[{"href":"https:\/\/visionpeninsular.com\/mid\/wp-json\/wp\/v2\/types\/post"}],"author":[{"embeddable":true,"href":"https:\/\/visionpeninsular.com\/mid\/wp-json\/wp\/v2\/users\/5"}],"replies":[{"embeddable":true,"href":"https:\/\/visionpeninsular.com\/mid\/wp-json\/wp\/v2\/comments?post=114051"}],"version-history":[{"count":1,"href":"https:\/\/visionpeninsular.com\/mid\/wp-json\/wp\/v2\/posts\/114051\/revisions"}],"predecessor-version":[{"id":114053,"href":"https:\/\/visionpeninsular.com\/mid\/wp-json\/wp\/v2\/posts\/114051\/revisions\/114053"}],"wp:featuredmedia":[{"embeddable":true,"href":"https:\/\/visionpeninsular.com\/mid\/wp-json\/wp\/v2\/media\/114052"}],"wp:attachment":[{"href":"https:\/\/visionpeninsular.com\/mid\/wp-json\/wp\/v2\/media?parent=114051"}],"wp:term":[{"taxonomy":"category","embeddable":true,"href":"https:\/\/visionpeninsular.com\/mid\/wp-json\/wp\/v2\/categories?post=114051"},{"taxonomy":"post_tag","embeddable":true,"href":"https:\/\/visionpeninsular.com\/mid\/wp-json\/wp\/v2\/tags?post=114051"}],"curies":[{"name":"wp","href":"https:\/\/api.w.org\/{rel}","templated":true}]}}